{"id":229460,"date":"2026-03-17T10:36:07","date_gmt":"2026-03-17T13:36:07","guid":{"rendered":"https:\/\/radioacuariofm.com.ar\/?p=229460"},"modified":"2026-03-17T10:36:08","modified_gmt":"2026-03-17T13:36:08","slug":"un-analista-internacional-hablo-del-poder-de-la-otan-y-de-los-deseos-de-trump-sobre-el-estrecho-de-ormuz","status":"publish","type":"post","link":"https:\/\/radioacuariofm.com.ar\/?p=229460","title":{"rendered":"Un analista internacional habl\u00f3 del poder de la OTAN y de los deseos de Trump sobre el estrecho de Ormuz"},"content":{"rendered":"<p> <br \/>\n<\/p>\n<div>\n<p class=\"com-paragraph  --capital --s\">En el decimoctavo d\u00eda de guerra, el analista internacional <strong>Ilan Buzny <\/strong>analiz\u00f3 en <em>LN+ <\/em>la escalada del<strong> <\/strong><a href=\"https:\/\/www.lanacion.com.ar\/el-mundo\/un-analista-internacional-hablo-de-la-guerra-asimetrica-en-medio-oriente-y-explico-por-que-es-clave-nid11032026\/\" target=\"_self\" title=\"https:\/\/www.lanacion.com.ar\/el-mundo\/un-analista-internacional-hablo-de-la-guerra-asimetrica-en-medio-oriente-y-explico-por-que-es-clave-nid11032026\/\" class=\"com-link break-word\" data-mrf-recirculation=\"n_link_parrafo\"><strong>conflicto en Medio Oriente<\/strong><\/a> y afirm\u00f3 que<strong> Estados Unidos no necesita de Europa, \u201cpero si le ayudar\u00eda alg\u00fan gesto para calmar la situaci\u00f3n\u201d<\/strong>. <\/p>\n<p class=\"com-paragraph   --s\">Durante la entrevista, el especialista advirti\u00f3 que, aunque la escalada b\u00e9lica suma episodios de tensi\u00f3n \u2014como los recientes lanzamientos contra Turqu\u00eda, miembro de la OTAN\u2014, la alianza atl\u00e1ntica mantiene una postura cauta. Seg\u00fan explic\u00f3, <strong>su potencial militar es determinante, pero su intervenci\u00f3n directa implicar\u00eda un cambio de escala en el conflicto<\/strong>.<\/p>\n<div class=\"content-media cursor-pointer container-center-100\">\n<section class=\"media-container relative ratio-16-9 mod-media pb-32\">\n<figure class=\"mod-video\">\n<div class=\"video-player bg-black ratio-16-9\" data-has-jwplayer=\"true\" data-video-id-jw=\"rQUQ4VMz\" data-config=\"{&quot;title&quot;:&quot;Ilan Buzny, analista internacional en LN+&quot;,&quot;mediaId&quot;:&quot;rQUQ4VMz&quot;,&quot;playerId&quot;:&quot;ih0086X3&quot;,&quot;playlist&quot;:[{&quot;mediaid&quot;:&quot;rQUQ4VMz&quot;,&quot;sources&quot;:[{&quot;file&quot;:&quot;https:\/\/cdn.jwplayer.com\/manifests\/rQUQ4VMz.m3u8&quot;,&quot;type&quot;:&quot;application\/vnd.apple.mpegurl&quot;},{&quot;bitrate&quot;:327868,&quot;file&quot;:&quot;https:\/\/cdn.jwplayer.com\/videos\/rQUQ4VMz-kTExGaWf.mp4&quot;,&quot;filesize&quot;:52909775,&quot;framerate&quot;:25,&quot;height&quot;:180,&quot;label&quot;:&quot;180p&quot;,&quot;type&quot;:&quot;video\/mp4&quot;,&quot;width&quot;:320},{&quot;bitrate&quot;:484474,&quot;file&quot;:&quot;https:\/\/cdn.jwplayer.com\/videos\/rQUQ4VMz-K8B0kybS.mp4&quot;,&quot;filesize&quot;:78182075,&quot;framerate&quot;:25,&quot;height&quot;:270,&quot;label&quot;:&quot;270p&quot;,&quot;type&quot;:&quot;video\/mp4&quot;,&quot;width&quot;:480},{&quot;bitrate&quot;:1311280,&quot;file&quot;:&quot;https:\/\/cdn.jwplayer.com\/videos\/rQUQ4VMz-46NIuRKO.mp4&quot;,&quot;filesize&quot;:211607834,&quot;framerate&quot;:25,&quot;height&quot;:720,&quot;label&quot;:&quot;720p&quot;,&quot;type&quot;:&quot;video\/mp4&quot;,&quot;width&quot;:1280},{&quot;bitrate&quot;:113401,&quot;file&quot;:&quot;https:\/\/cdn.jwplayer.com\/videos\/rQUQ4VMz-hz5z2Tv4.m4a&quot;,&quot;filesize&quot;:18300194,&quot;label&quot;:&quot;AAC Audio&quot;,&quot;type&quot;:&quot;audio\/mp4&quot;},{&quot;bitrate&quot;:2631578,&quot;file&quot;:&quot;https:\/\/cdn.jwplayer.com\/videos\/rQUQ4VMz-SomplJdm.mp4&quot;,&quot;filesize&quot;:424670938,&quot;framerate&quot;:25,&quot;height&quot;:1080,&quot;label&quot;:&quot;1080p&quot;,&quot;type&quot;:&quot;video\/mp4&quot;,&quot;width&quot;:1920},{&quot;bitrate&quot;:540293,&quot;file&quot;:&quot;https:\/\/cdn.jwplayer.com\/videos\/rQUQ4VMz-FnZGUVnC.mp4&quot;,&quot;filesize&quot;:87189815,&quot;framerate&quot;:25,&quot;height&quot;:360,&quot;label&quot;:&quot;360p&quot;,&quot;type&quot;:&quot;video\/mp4&quot;,&quot;width&quot;:640},{&quot;bitrate&quot;:873200,&quot;file&quot;:&quot;https:\/\/cdn.jwplayer.com\/videos\/rQUQ4VMz-0G6Pwvlw.mp4&quot;,&quot;filesize&quot;:140912689,&quot;framerate&quot;:25,&quot;height&quot;:540,&quot;label&quot;:&quot;540p&quot;,&quot;type&quot;:&quot;video\/mp4&quot;,&quot;width&quot;:960}]}],&quot;hasAutoplay&quot;:false,&quot;autostart&quot;:true,&quot;tagsUrl&quot;:&quot;https:\/\/pubads.g.doubleclick.net\/gampad\/ads?slotname=\/133919216\/la_nacion_video\/nota\/preroll&amp;sz=640x480|400x300&amp;ciu_szs=300x250&amp;unviewed_position_start=1&amp;output=vast&amp;impl=s&amp;env=vp&amp;gdfp_req=1&amp;ad_rule=0&amp;vad_type=linear&amp;vpos=preroll&amp;cust_params=tags_nuevos%3Dte_guerra_en_medio_oriente%2Cte_iran%2Cte_israel%2Cte_estados_unidos%2Cte_donald_trump%2Cte_donald_trump__presidente_de_ee_uu_%2Cte_ln_%2Cte_audiencia%2Cca_el_mundo%2Cca_ln_%2C%2CMEJVU7TWT5F45MQNLQFTXIXU2Y&amp;pod=3&amp;ppos=1&amp;lip=true&amp;min_ad_duration=0&amp;max_ad_duration=30000&amp;vrid=6256&amp;url=https%3A%2F%2Fwww.lanacion.com.ar%2Fel-mundo%2Fun-analista-internacional-hablo-del-poder-de-la-otan-y-de-los-deseos-de-trump-sobre-el-estrecho-de-nid17032026%2F%3Fvariant%3DA&amp;description_url=https%3A%2F%2Fwww.lanacion.com.ar%2Fel-mundo%2Fun-analista-internacional-hablo-del-poder-de-la-otan-y-de-los-deseos-de-trump-sobre-el-estrecho-de-nid17032026%2F%3Fvariant%3DA&amp;video_doc_id=short_onecue&amp;cmsid=496&amp;kfa=0&amp;tfcd=0&amp;correlator=1773754130731&quot;,&quot;arcSite&quot;:&quot;la-nacion-ar&quot;}\">\n<div id=\"facade-rQUQ4VMz\" class=\"content-facade-jw relative bg-black ratio-16-9\"><picture><source media=\"(max-width: 767px)\" srcset=\"https:\/\/resizer.glanacion.com\/resizer\/v2\/https%3A%2F%2Fcdn.jwplayer.com%2Fv2%2Fmedia%2FrQUQ4VMz%2Fposter.jpg%3Fwidth%3D720?auth=54692e79c595b114236a28a74a90d3ee62bdaaf47f5e6394cc25ae9368e0524d&amp;width=480&amp;quality=70&amp;smart=false\"\/><\/picture><\/div>\n<\/div><figcaption class=\"border border-1 border-bottom border-light-300 relative px-16 py-8 min-h-36 w-100_md px-0_l mb-8 bg-white\"><span class=\"text ln-text text-16 block\">Ilan Buzny, analista internacional en LN+<\/span><\/figcaption><\/figure>\n<\/section>\n<\/div>\n<p class=\"com-paragraph   --s\">Buzny se\u00f1al\u00f3 que, en caso de organizarse,<strong> el ej\u00e9rcito de la OTAN representa \u201cuno de los m\u00e1s grandes del mundo\u201d<\/strong>, lo que explica por qu\u00e9, hasta ahora, evita involucrarse de manera directa.<strong> \u201cPor eso no se mete\u201d<\/strong>, sintetiz\u00f3.<\/p>\n<p class=\"com-paragraph   --s\">En paralelo, destac\u00f3 que<strong> Francia decidi\u00f3 avanzar con una participaci\u00f3n defensiva junto a sus aliados del Golfo<\/strong>, en un intento por contener la situaci\u00f3n sin escalar el enfrentamiento. Este movimiento se enmarca en una estrategia m\u00e1s amplia de resguardo regional, especialmente en zonas clave para el suministro energ\u00e9tico global.<\/p>\n<div class=\"content-media\">\n<section role=\"button\" class=\"mod-media   \">\n<figure role=\"button\" tabindex=\"0\" class=\"mod-figure \"><figcaption class=\"mod-figcaption\"><span class=\"com-text --caption --twoxs\">El presidente franc\u00e9s Emmanuel Macron <\/span><span class=\"com-text --credit --twoxs\">Yoan Valat &#8211; Pool EPA<\/span><\/figcaption><\/figure>\n<\/section>\n<\/div>\n<p class=\"com-paragraph   --s\">El analista tambi\u00e9n puso el foco en la postura de Donald Trump, quien \u2014seg\u00fan indic\u00f3\u2014 busca que los aliados se alineen con su estrategia. <strong>\u201cCuando Trump habla no habla a un destino: le habla a todos. Les pide que se suban al bando ganador\u201d<\/strong>, afirm\u00f3.<\/p>\n<p class=\"com-paragraph   --s\">En ese sentido, explic\u00f3 que el exmandatario impulsa una mayor presencia internacional en el estrecho de Ormuz, con el objetivo de <strong>\u201ctranquilizar la situaci\u00f3n\u201d y garantizar la circulaci\u00f3n del petr\u00f3leo<\/strong>. A su vez, record\u00f3 que desde la Casa Blanca se advirti\u00f3 sobre el alcance del arsenal iran\u00ed: \u201cLos misiles que tiene Ir\u00e1n tambi\u00e9n pueden llegar a Europa\u201d.<\/p>\n<p class=\"com-paragraph   --s\">Si bien consider\u00f3 que Estados Unidos no necesita necesariamente del apoyo europeo, remarc\u00f3 que \u201calg\u00fan gesto\u201d por parte de sus aliados podr\u00eda contribuir a descomprimir el escenario.<\/p>\n<div class=\"content-media\">\n<section role=\"button\" class=\"mod-media   \">\n<figure role=\"button\" tabindex=\"0\" class=\"mod-figure \"><figcaption class=\"mod-figcaption\"><span class=\"com-text --caption --twoxs\">Por el estrecho de Ormuz pasa el 20% del comercio internacional del petr\u00f3leo y el 25% de la producci\u00f3n de gas natural licuado (GNL)<\/span><\/figcaption><\/figure>\n<\/section>\n<\/div>\n<p class=\"com-paragraph   --s\">Buzny vincul\u00f3 el contexto actual con antecedentes recientes de la pol\u00edtica estadounidense. Mencion\u00f3, por un lado, la reacci\u00f3n tras los atentados a las Torres Gemelas durante la administraci\u00f3n de George W. Bush y, por otro, <strong>las manifestaciones p\u00fablicas contra la guerra, como las expresadas en ceremonias de los premios Oscar<\/strong>.<\/p>\n<p class=\"com-paragraph   --s\">En esa l\u00ednea, advirti\u00f3 sobre la existencia de <strong>\u201cun movimiento muy grande contra Trump\u201d<\/strong>, lo que introduce un componente interno en el desarrollo del conflicto.<\/p>\n<div class=\"content-media\">\n<section role=\"button\" class=\"mod-media   \">\n<figure role=\"button\" tabindex=\"0\" class=\"mod-figure \"><figcaption class=\"mod-figcaption\"><span class=\"com-text --caption --twoxs\">El especialista advirti\u00f3 sobre la existencia de \u201cun movimiento muy grande contra Trump\u201d<\/span><span class=\"com-text --credit --twoxs\">Alex Brandon  &#8211; AP <\/span><\/figcaption><\/figure>\n<\/section>\n<\/div>\n<p class=\"com-paragraph   --s\">De cara al escenario pol\u00edtico en Estados Unidos, el especialista plante\u00f3 que una eventual resoluci\u00f3n diplom\u00e1tica con Ir\u00e1n podr\u00eda tener impacto directo en las elecciones. <strong>\u201cSi Trump da vuelta la situaci\u00f3n en Ir\u00e1n y finalmente encuentra el camino para dialogar con el r\u00e9gimen, esto puede cambiar el rumbo de las pr\u00f3ximas elecciones\u201d<\/strong>, sostuvo.<\/p>\n<p class=\"com-paragraph   --s\">No obstante, subray\u00f3 un dato institucional clave: <strong>la guerra a\u00fan no pas\u00f3 por el Congreso, lo que implica que no cuenta con aprobaci\u00f3n formal<\/strong>. Esta situaci\u00f3n, explic\u00f3, condiciona tanto el uso de recursos militares como la capacidad de gobernabilidad de Trump en lo que resta de su mandato.<\/p>\n<section class=\"container-center-100 mb-40 border border-bottom border-thin border-neutral-light-700\">\n<hr\/>\n<\/section>\n<\/div>\n\n","protected":false},"excerpt":{"rendered":"<p>En el decimoctavo d\u00eda de guerra, el analista internacional Ilan Buzny analiz\u00f3 en LN+ la escalada del conflicto en Medio Oriente y afirm\u00f3 que Estados Unidos no necesita de Europa, \u201cpero si le ayudar\u00eda alg\u00fan gesto para calmar la situaci\u00f3n\u201d. Durante la entrevista, el especialista advirti\u00f3 que, aunque la escalada b\u00e9lica suma episodios de tensi\u00f3n [&hellip;]<\/p>\n","protected":false},"author":2,"featured_media":229461,"comment_status":"closed","ping_status":"closed","sticky":false,"template":"","format":"standard","meta":{"footnotes":""},"categories":[1],"tags":[],"class_list":["post-229460","post","type-post","status-publish","format-standard","has-post-thumbnail","hentry","category-uncategorized"],"_links":{"self":[{"href":"https:\/\/radioacuariofm.com.ar\/index.php?rest_route=\/wp\/v2\/posts\/229460","targetHints":{"allow":["GET"]}}],"collection":[{"href":"https:\/\/radioacuariofm.com.ar\/index.php?rest_route=\/wp\/v2\/posts"}],"about":[{"href":"https:\/\/radioacuariofm.com.ar\/index.php?rest_route=\/wp\/v2\/types\/post"}],"author":[{"embeddable":true,"href":"https:\/\/radioacuariofm.com.ar\/index.php?rest_route=\/wp\/v2\/users\/2"}],"replies":[{"embeddable":true,"href":"https:\/\/radioacuariofm.com.ar\/index.php?rest_route=%2Fwp%2Fv2%2Fcomments&post=229460"}],"version-history":[{"count":1,"href":"https:\/\/radioacuariofm.com.ar\/index.php?rest_route=\/wp\/v2\/posts\/229460\/revisions"}],"predecessor-version":[{"id":229462,"href":"https:\/\/radioacuariofm.com.ar\/index.php?rest_route=\/wp\/v2\/posts\/229460\/revisions\/229462"}],"wp:featuredmedia":[{"embeddable":true,"href":"https:\/\/radioacuariofm.com.ar\/index.php?rest_route=\/wp\/v2\/media\/229461"}],"wp:attachment":[{"href":"https:\/\/radioacuariofm.com.ar\/index.php?rest_route=%2Fwp%2Fv2%2Fmedia&parent=229460"}],"wp:term":[{"taxonomy":"category","embeddable":true,"href":"https:\/\/radioacuariofm.com.ar\/index.php?rest_route=%2Fwp%2Fv2%2Fcategories&post=229460"},{"taxonomy":"post_tag","embeddable":true,"href":"https:\/\/radioacuariofm.com.ar\/index.php?rest_route=%2Fwp%2Fv2%2Ftags&post=229460"}],"curies":[{"name":"wp","href":"https:\/\/api.w.org\/{rel}","templated":true}]}}