{"id":229454,"date":"2026-03-17T09:57:21","date_gmt":"2026-03-17T12:57:21","guid":{"rendered":"https:\/\/radioacuariofm.com.ar\/?p=229454"},"modified":"2026-03-17T09:57:22","modified_gmt":"2026-03-17T12:57:22","slug":"el-tb-convoca-a-bailarines-de-todo-el-pais-para-audicionar-en-carmina-burana","status":"publish","type":"post","link":"https:\/\/radioacuariofm.com.ar\/?p=229454","title":{"rendered":"El TB convoca a bailarines de todo el pa\u00eds para audicionar en Carmina Burana"},"content":{"rendered":"<p><\/p>\n<div>\n<p style=\"text-align: justify;\"><span style=\"font-weight: 400;\">El <\/span><b>Teatro del Bicentenario<\/b><span style=\"font-weight: 400;\"> abri\u00f3 la convocatoria a <\/span><b>bailarines mayores de 18 a\u00f1os de todo el pa\u00eds<\/b><span style=\"font-weight: 400;\"> para participar en las audiciones de la reconocida obra <\/span><b>Carmina Burana<\/b><span style=\"font-weight: 400;\">, en versi\u00f3n coreogr\u00e1fica de <\/span><b>Mauricio Wainrot<\/b><span style=\"font-weight: 400;\">, una de las piezas m\u00e1s emblem\u00e1ticas del repertorio de la danza contempor\u00e1nea argentina.<\/span><\/p>\n<p style=\"text-align: justify;\"><span style=\"font-weight: 400;\">La<\/span><b> inscripci\u00f3n se extender\u00e1 hasta el d\u00eda 9 de abril, a las 12 h, <\/b>en la <a href=\"http:\/\/www.teatrodelbicentenariosanjuan.org\/\">web<\/a> del TB<span style=\"font-weight: 400;\">. Las audiciones presenciales se realizar\u00e1n en dos sedes: la primera en <\/span><b>San Juan<\/b><span style=\"font-weight: 400;\">, el dia  <\/span><b>12 de abril, a partir de las 11 h, en la Sala de Danza del Teatro del Bicentenario<\/b><span style=\"font-weight: 400;\">. Por su parte, la segunda ser\u00e1 en la <\/span><b>Ciudad de Buenos Aires<\/b><span style=\"font-weight: 400;\">, el <\/span><b>14 de abril en Piso 2, Tte. Gral. Juan Domingo Per\u00f3n 146 (CABA)<\/b><span style=\"font-weight: 400;\">, a partir de las 13 h. El <\/span><b>informe de seleccionados se dar\u00e1 a conocer el d\u00eda 16 de abril<\/b><span style=\"font-weight: 400;\">.<\/span><span style=\"font-weight: 400;\"\/><\/p>\n<p style=\"text-align: justify;\"><span style=\"font-weight: 400;\">Los bailarines interesados deber\u00e1n enviar un video interpretando el fragmento de la coreograf\u00eda solicitada (link disponible en el <a href=\"https:\/\/forms.gle\/HcXexAg3FVvmLztW7\">formulario<\/a> de inscripci\u00f3n) hasta el d\u00eda 9 de abril.<\/span><\/p>\n<p style=\"text-align: justify;\"><b>Carmina Burana<\/b><span style=\"font-weight: 400;\">, la c\u00e9lebre cantata esc\u00e9nica compuesta por <\/span><b>Carl Orff entre 1935 y 1936<\/b><span style=\"font-weight: 400;\">, es considerada una de las obras m\u00e1s impactantes del repertorio musical y coreogr\u00e1fico del siglo XX. En la versi\u00f3n coreogr\u00e1fica de <\/span><b>Mauricio Wainrot<\/b><span style=\"font-weight: 400;\">, estrenada originalmente para el <\/span><b>Royal Ballet de Flanders<\/b><span style=\"font-weight: 400;\"> y luego interpretada por compa\u00f1\u00edas de todo el mundo, la obra se consolid\u00f3 como una referencia internacional y un hito en la proyecci\u00f3n de la danza argentina.<\/span><\/p>\n<p style=\"text-align: justify;\"><span style=\"font-weight: 400;\">La puesta en escena se completa con la mirada creativa de <\/span><b>Carlos Gallardo<\/b><span style=\"font-weight: 400;\">, colaborador hist\u00f3rico de Wainrot, cuya escenograf\u00eda y vestuario aportan una identidad visual distintiva a esta producci\u00f3n.<\/span><\/p>\n<h2 style=\"text-align: justify;\"><b>Requisitos<\/b><\/h2>\n<ul style=\"text-align: justify;\">&#13;<\/p>\n<li style=\"font-weight: 400;\"><span style=\"font-weight: 400;\">Ser mayor de 18 a\u00f1os.<\/span><\/li>\n<p>&#13;<\/p>\n<li style=\"font-weight: 400;\"><span style=\"font-weight: 400;\">Contar con s\u00f3lida t\u00e9cnica en danza cl\u00e1sica y contempor\u00e1nea.<\/span><\/li>\n<p>&#13;<\/p>\n<li style=\"font-weight: 400;\"><span style=\"font-weight: 400;\">Tener experiencia esc\u00e9nica.<\/span><\/li>\n<p>&#13;<\/p>\n<li style=\"font-weight: 400;\"><span style=\"font-weight: 400;\">Disponibilidad para ensayos <\/span><b>de lunes a viernes entre las 14 y las 20h y s\u00e1bados de 9 a 15<\/b><span style=\"font-weight: 400;\">, desde el d\u00eda  <\/span><b>4 de mayo hasta el d\u00eda 13 de junio<\/b><span style=\"font-weight: 400;\"> (excluyente), sujeto a plan de ensayos y funciones.<\/span><\/li>\n<p>&#13;<\/p>\n<li style=\"font-weight: 400;\"><span style=\"font-weight: 400;\">Aprender la coreograf\u00eda solicitada<\/span><\/li>\n<p>&#13;<\/p>\n<li style=\"font-weight: 400;\"><span style=\"font-weight: 400;\">Enviar un <\/span><b>video con el fragmento de la coreograf\u00eda solicitada (link en el formulario de inscripci\u00f3n)<\/b><span style=\"font-weight: 400;\"> hasta el <\/span><b>9 de abril<\/b><span style=\"font-weight: 400;\">. El video deber\u00e1 ser filmado en <\/span><b>c\u00e1mara fija frontal, con luz n\u00edtida, cuerpo completo, sin cortes ni ediciones, con ropa clara y al cuerpo (evitar ropa suelta) y cabello recogido<\/b><span style=\"font-weight: 400;\">.<\/span><\/li>\n<p>&#13;<\/p>\n<li style=\"font-weight: 400;\"><span style=\"font-weight: 400;\">Completar el <\/span><b>Formulario de inscripci\u00f3n<\/b><span style=\"font-weight: 400;\"> disponible en la p\u00e1gina web del Teatro del Bicentenario.<\/span><\/li>\n<p>&#13;\n<\/ul>\n<p style=\"text-align: justify;\"><span style=\"font-weight: 400;\">Para m\u00e1s <strong>consultas<\/strong>, los iteresados deben comunicarse a trav\u00e9s de <\/span><span style=\"font-weight: 400;\"><span id=\"cloak42584d16cb9c796faf450b963b963f89\">Esta direcci\u00f3n de correo electr\u00f3nico est\u00e1 siendo protegida contra los robots de spam. Necesita tener JavaScript habilitado para poder verlo.<\/span><\/span><span style=\"font-weight: 400;\"> <\/span><span style=\"font-weight: 400;\">. <\/span><\/p>\n<\/p><\/div>\n<p><script async defer crossorigin=\"anonymous\" src=\"https:\/\/connect.facebook.net\/es_ES\/sdk.js#xfbml=1&#038;version=v3.3\"><\/script><\/p>\n","protected":false},"excerpt":{"rendered":"<p>El Teatro del Bicentenario abri\u00f3 la convocatoria a bailarines mayores de 18 a\u00f1os de todo el pa\u00eds para participar en las audiciones de la reconocida obra Carmina Burana, en versi\u00f3n coreogr\u00e1fica de Mauricio Wainrot, una de las piezas m\u00e1s emblem\u00e1ticas del repertorio de la danza contempor\u00e1nea argentina. La inscripci\u00f3n se extender\u00e1 hasta el d\u00eda 9 [&hellip;]<\/p>\n","protected":false},"author":2,"featured_media":229455,"comment_status":"closed","ping_status":"closed","sticky":false,"template":"","format":"standard","meta":{"footnotes":""},"categories":[27],"tags":[],"class_list":["post-229454","post","type-post","status-publish","format-standard","has-post-thumbnail","hentry","category-san-juan"],"_links":{"self":[{"href":"https:\/\/radioacuariofm.com.ar\/index.php?rest_route=\/wp\/v2\/posts\/229454","targetHints":{"allow":["GET"]}}],"collection":[{"href":"https:\/\/radioacuariofm.com.ar\/index.php?rest_route=\/wp\/v2\/posts"}],"about":[{"href":"https:\/\/radioacuariofm.com.ar\/index.php?rest_route=\/wp\/v2\/types\/post"}],"author":[{"embeddable":true,"href":"https:\/\/radioacuariofm.com.ar\/index.php?rest_route=\/wp\/v2\/users\/2"}],"replies":[{"embeddable":true,"href":"https:\/\/radioacuariofm.com.ar\/index.php?rest_route=%2Fwp%2Fv2%2Fcomments&post=229454"}],"version-history":[{"count":1,"href":"https:\/\/radioacuariofm.com.ar\/index.php?rest_route=\/wp\/v2\/posts\/229454\/revisions"}],"predecessor-version":[{"id":229456,"href":"https:\/\/radioacuariofm.com.ar\/index.php?rest_route=\/wp\/v2\/posts\/229454\/revisions\/229456"}],"wp:featuredmedia":[{"embeddable":true,"href":"https:\/\/radioacuariofm.com.ar\/index.php?rest_route=\/wp\/v2\/media\/229455"}],"wp:attachment":[{"href":"https:\/\/radioacuariofm.com.ar\/index.php?rest_route=%2Fwp%2Fv2%2Fmedia&parent=229454"}],"wp:term":[{"taxonomy":"category","embeddable":true,"href":"https:\/\/radioacuariofm.com.ar\/index.php?rest_route=%2Fwp%2Fv2%2Fcategories&post=229454"},{"taxonomy":"post_tag","embeddable":true,"href":"https:\/\/radioacuariofm.com.ar\/index.php?rest_route=%2Fwp%2Fv2%2Ftags&post=229454"}],"curies":[{"name":"wp","href":"https:\/\/api.w.org\/{rel}","templated":true}]}}