{"id":229448,"date":"2026-03-17T09:30:54","date_gmt":"2026-03-17T12:30:54","guid":{"rendered":"https:\/\/radioacuariofm.com.ar\/?p=229448"},"modified":"2026-03-17T09:30:56","modified_gmt":"2026-03-17T12:30:56","slug":"hay-convocatoria-para-el-rubro-gourmet","status":"publish","type":"post","link":"https:\/\/radioacuariofm.com.ar\/?p=229448","title":{"rendered":"hay convocatoria para el rubro gourmet"},"content":{"rendered":"<p><\/p>\n<div>\n<p>Con el objetivo de seguir posicionando los productos sanjuaninos en los distintos mercados del pa\u00eds, el Ministerio de Producci\u00f3n, Trabajo e Innovaci\u00f3n, junto a la Secretar\u00eda de Coordinaci\u00f3n para el Desarrollo Econ\u00f3mico y la Direcci\u00f3n de Comercio Exterior, invitan a bodegas y elaboradores de productos gourmet a participar como expositores en una nueva edici\u00f3n de Expo Delicatessen &amp; Vinos 2026.<\/p>\n<p>El evento internacional, considerado el m\u00e1s relevante del rubro gourmet en el interior de Argentina, se llevar\u00e1 a cabo del jueves 7 al domingo 10 de mayo en el Complejo Ferial C\u00f3rdoba. La exposici\u00f3n re\u00fane a empresas del rubro gastron\u00f3mico gourmet con el prop\u00f3sito de generar y fidelizar contactos de negocios, as\u00ed como posicionar las marcas ante un p\u00fablico consumidor especializado por medio de experiencias directas.<\/p>\n<p>A trav\u00e9s de la Direcci\u00f3n de Comercio Exterior, el Gobierno provincial pondr\u00e1 a disposici\u00f3n de las empresas sanjuaninas un stand llave en mano para que puedan exhibir sus productos y generar nuevos contactos de negocios. Los cupos son limitados y podr\u00e1n postularse aquellas bodegas y firmas de productos gourmet que formen parte de la oferta exportable de la provincia de San Juan.<\/p>\n<p>La feria contar\u00e1 con un perfil variado de visitantes, pero altamente calificado. Por un lado, estar\u00e1 el p\u00fablico consumidor final (foodies y wine lovers) y, por otro, los traders: personas que deciden o ejecutan las compras en almacenes gourmet, vinotecas, supermercados, restaurantes, hoteles, distribuidores y diet\u00e9ticas.<\/p>\n<p>Los interesados en acceder a la preinscripci\u00f3n deber\u00e1n completar el formulario disponible en el siguiente link: <a href=\"https:\/\/forms.gle\/s3Ka4ueKc1P7r7fw7\">https:\/\/forms.gle\/s3Ka4ueKc1P7r7fw7<\/a><\/p>\n<p>El plazo para la preinscripci\u00f3n vence el 6 de abril de 2026. Luego del cierre de la convocatoria, se informar\u00e1 a las empresas confirmadas como expositoras, teniendo en cuenta el cupo disponible y el rubro al que pertenecen.<\/p>\n<\/p><\/div>\n<p><script async defer crossorigin=\"anonymous\" src=\"https:\/\/connect.facebook.net\/es_ES\/sdk.js#xfbml=1&#038;version=v3.3\"><\/script><\/p>\n","protected":false},"excerpt":{"rendered":"<p>Con el objetivo de seguir posicionando los productos sanjuaninos en los distintos mercados del pa\u00eds, el Ministerio de Producci\u00f3n, Trabajo e Innovaci\u00f3n, junto a la Secretar\u00eda de Coordinaci\u00f3n para el Desarrollo Econ\u00f3mico y la Direcci\u00f3n de Comercio Exterior, invitan a bodegas y elaboradores de productos gourmet a participar como expositores en una nueva edici\u00f3n de [&hellip;]<\/p>\n","protected":false},"author":2,"featured_media":229449,"comment_status":"closed","ping_status":"closed","sticky":false,"template":"","format":"standard","meta":{"footnotes":""},"categories":[27],"tags":[],"class_list":["post-229448","post","type-post","status-publish","format-standard","has-post-thumbnail","hentry","category-san-juan"],"_links":{"self":[{"href":"https:\/\/radioacuariofm.com.ar\/index.php?rest_route=\/wp\/v2\/posts\/229448","targetHints":{"allow":["GET"]}}],"collection":[{"href":"https:\/\/radioacuariofm.com.ar\/index.php?rest_route=\/wp\/v2\/posts"}],"about":[{"href":"https:\/\/radioacuariofm.com.ar\/index.php?rest_route=\/wp\/v2\/types\/post"}],"author":[{"embeddable":true,"href":"https:\/\/radioacuariofm.com.ar\/index.php?rest_route=\/wp\/v2\/users\/2"}],"replies":[{"embeddable":true,"href":"https:\/\/radioacuariofm.com.ar\/index.php?rest_route=%2Fwp%2Fv2%2Fcomments&post=229448"}],"version-history":[{"count":1,"href":"https:\/\/radioacuariofm.com.ar\/index.php?rest_route=\/wp\/v2\/posts\/229448\/revisions"}],"predecessor-version":[{"id":229450,"href":"https:\/\/radioacuariofm.com.ar\/index.php?rest_route=\/wp\/v2\/posts\/229448\/revisions\/229450"}],"wp:featuredmedia":[{"embeddable":true,"href":"https:\/\/radioacuariofm.com.ar\/index.php?rest_route=\/wp\/v2\/media\/229449"}],"wp:attachment":[{"href":"https:\/\/radioacuariofm.com.ar\/index.php?rest_route=%2Fwp%2Fv2%2Fmedia&parent=229448"}],"wp:term":[{"taxonomy":"category","embeddable":true,"href":"https:\/\/radioacuariofm.com.ar\/index.php?rest_route=%2Fwp%2Fv2%2Fcategories&post=229448"},{"taxonomy":"post_tag","embeddable":true,"href":"https:\/\/radioacuariofm.com.ar\/index.php?rest_route=%2Fwp%2Fv2%2Ftags&post=229448"}],"curies":[{"name":"wp","href":"https:\/\/api.w.org\/{rel}","templated":true}]}}