{"id":229442,"date":"2026-03-17T08:33:57","date_gmt":"2026-03-17T11:33:57","guid":{"rendered":"https:\/\/radioacuariofm.com.ar\/?p=229442"},"modified":"2026-03-17T08:33:58","modified_gmt":"2026-03-17T11:33:58","slug":"el-milagro-de-polonia-del-racionamiento-a-una-de-las-economias-mas-dinamicas-de-europa","status":"publish","type":"post","link":"https:\/\/radioacuariofm.com.ar\/?p=229442","title":{"rendered":"El \u201cmilagro\u201d de Polonia: del racionamiento a una de las econom\u00edas m\u00e1s din\u00e1micas de Europa"},"content":{"rendered":"<p> <br \/>\n<\/p>\n<div>\n<p class=\"com-paragraph  --capital --s\">POZNAN, Polonia.\u2013 Hace una generaci\u00f3n, Polonia racionaba el az\u00facar y la harina, y sus ciudadanos cobraban una d\u00e9cima parte del salario de los alemanes occidentales. Hoy, su <strong>econom\u00eda super\u00f3 a Suiza<\/strong> y se convirti\u00f3 en la <strong>vig\u00e9sima m\u00e1s grande del mundo<\/strong>, con una <strong>producci\u00f3n anual superior a un bill\u00f3n de d\u00f3lares.<\/strong><\/p>\n<p class=\"com-paragraph   --s\">Se trata de un <strong>salto hist\u00f3rico desde las ruinas poscomunistas de 1989-90<\/strong> hasta convertirse en el campe\u00f3n del crecimiento europeo actual, que seg\u00fan los economistas ofrece lecciones sobre c\u00f3mo llevar la prosperidad a la gente com\u00fan, y que la <a href=\"https:\/\/www.lanacion.com.ar\/el-mundo\/trump-no-descarta-tomar-la-isla-petrolera-irani-de-kharg-mientras-la-guerra-dispara-los-precios-del-nid16032026\/\" target=\"_self\" title=\"https:\/\/www.lanacion.com.ar\/el-mundo\/trump-no-descarta-tomar-la-isla-petrolera-irani-de-kharg-mientras-la-guerra-dispara-los-precios-del-nid16032026\/\" class=\"com-link break-word\" data-mrf-recirculation=\"n_link_parrafo\">administraci\u00f3n <strong>Trump<\/strong><\/a><strong> considera que deber\u00eda ser reconocido con la presencia de Polonia en la cumbre del Grupo de los 20<\/strong>, que re\u00fane a las principales econom\u00edas del mundo, a finales de este a\u00f1o.<\/p>\n<div class=\"content-media\">\n<section role=\"button\" class=\"mod-media   \">\n<figure role=\"button\" tabindex=\"0\" class=\"mod-figure \"><figcaption class=\"mod-figcaption\"><span class=\"com-text --caption --twoxs\">El crecimiento econ\u00f3mico transform\u00f3 ciudades como Poznan, donde universidades, empresas tecnol\u00f3gicas e inversiones extranjeras impulsan nuevos sectores productivos<\/span><span class=\"com-text --credit --twoxs\">Pietro De Cristofaro  &#8211; AP <\/span><\/figcaption><\/figure>\n<\/section>\n<\/div>\n<p class=\"com-paragraph   --s\">La transformaci\u00f3n se refleja en personas como Joanna Kowalska, una ingeniera de Poznan, una ciudad de medio mill\u00f3n de habitantes a medio camino entre Berl\u00edn y Varsovia. Regres\u00f3 a casa despu\u00e9s de cinco a\u00f1os en Estados Unidos.<\/p>\n<p class=\"com-paragraph   --s\">\u201cA menudo me preguntan si me estoy perdiendo algo al regresar a Polonia, y, para ser honesta, siento que es al rev\u00e9s\u201d, dijo Kowalska.<strong> \u201cEstamos por delante de Estados Unidos en muchos aspectos\u201d<\/strong>, sentenci\u00f3.<\/p>\n<p class=\"com-paragraph   --s\">Kowalska trabaja en el Centro de Supercomputaci\u00f3n y Redes de Poznan, que est\u00e1 desarrollando la primera f\u00e1brica de inteligencia artificial de Polonia y la est\u00e1 integrando con una computadora cu\u00e1ntica, una de las 10 del continente financiadas por un programa de la Uni\u00f3n Europea (UE).<\/p>\n<p class=\"com-paragraph   --s\">Tras graduarse en la Universidad Tecnol\u00f3gica de Poznan, Kowalska trabaj\u00f3 para Microsoft en Estados Unidos en un trabajo que consideraba \u201cun sue\u00f1o hecho realidad\u201d.<\/p>\n<p class=\"com-paragraph   --s\">Pero echaba de menos tener un \u201csentido de misi\u00f3n\u201d, dijo.<\/p>\n<p class=\"com-paragraph   --s\"><strong>\u201cSobre todo en lo que respecta a la inteligencia artificial, la tecnolog\u00eda empez\u00f3 a desarrollarse muy r\u00e1pidamente en Polonia\u201d<\/strong>, a\u00f1adi\u00f3 Kowalska. \u201cAs\u00ed que era muy tentador volver\u201d.<\/p>\n<p class=\"com-paragraph   --s\"><strong>La invitaci\u00f3n a la cumbre del G20 es principalmente simb\u00f3lica<\/strong>. Ning\u00fan pa\u00eds invitado fue ascendido a miembro de pleno derecho desde la primera reuni\u00f3n del G20 a nivel de ministros de finanzas en 1999, y eso requerir\u00eda una decisi\u00f3n consensuada de todos los miembros. Adem\u00e1s, los pa\u00edses originales fueron elegidos no solo por su PIB, sino tambi\u00e9n por su \u201cimportancia sist\u00e9mica\u201d en la econom\u00eda global.<\/p>\n<p class=\"com-paragraph   --s\">Pero este gesto refleja una realidad estad\u00edstica: en 35 a\u00f1os \u2013un poco menos de la vida laboral de una persona\u2013 el<strong> producto interior bruto per c\u00e1pita de Polonia aument\u00f3 a 55.340 d\u00f3lares en 2025, lo que representa el 85 % del promedio de la UE<\/strong>. Esto supone un incremento respecto a los 6730 d\u00f3lares de 1990, que representaban el 38 % del promedio de la UE, y ahora equivale aproximadamente a los 52.039 d\u00f3lares de Jap\u00f3n, seg\u00fan cifras del Fondo Monetario Internacional expresadas en d\u00f3lares actuales y ajustadas al menor coste de vida en Polonia.<\/p>\n<p class=\"com-paragraph   --s\"><strong>La econom\u00eda de Polonia ha crecido una media del 3,8% anual desde su adhesi\u00f3n a la UE en 2004, superando con creces la media europea del 1,8%.<\/strong><\/p>\n<div class=\"content-media\">\n<section role=\"button\" class=\"mod-media   \">\n<figure role=\"button\" tabindex=\"0\" class=\"mod-figure \"><figcaption class=\"mod-figcaption\"><span class=\"com-text --caption --twoxs\">Polonia PBI<\/span><span class=\"com-text --credit --twoxs\">World Bank &#8211; World Bank<\/span><\/figcaption><\/figure>\n<\/section>\n<\/div>\n<p class=\"com-paragraph   --s\">No fue un solo factor lo que ayud\u00f3 a Polonia a salir de la trampa de la pobreza, afirma Marcin Pi\u0105tkowski, de la Universidad Kozminski de Varsovia y autor de un libro sobre el auge econ\u00f3mico del pa\u00eds.<\/p>\n<p class=\"com-paragraph   --s\">Seg\u00fan explic\u00f3, uno de los factores m\u00e1s importantes fue la r\u00e1pida creaci\u00f3n de un <strong>s\u00f3lido marco institucional para las empresas<\/strong>. Esto inclu\u00eda <strong>tribunales independientes<\/strong>, un <strong>organismo antimonopolio para garantizar la competencia leal <\/strong>y una<strong> regulaci\u00f3n rigurosa <\/strong>para evitar que los bancos con problemas estrangularan el cr\u00e9dito.<\/p>\n<p class=\"com-paragraph   --s\">Como resultado, la econom\u00eda no fue secuestrada por pr\u00e1cticas corruptas y oligarcas, como sucedi\u00f3 en otras partes del mundo postcomunista.<\/p>\n<p class=\"com-paragraph   --s\">Polonia tambi\u00e9n se benefici\u00f3 de <strong>miles de millones de euros en ayudas de la UE<\/strong>, tanto antes como despu\u00e9s de unirse al bloque en 2004 y obtener acceso a su enorme mercado \u00fanico.<\/p>\n<div class=\"content-media\">\n<section role=\"button\" class=\"mod-media   \">\n<figure role=\"button\" tabindex=\"0\" class=\"mod-figure \"><figcaption class=\"mod-figcaption\"><span class=\"com-text --caption --twoxs\">Polonia recibi\u00f3 miles de millones de d\u00f3lares de la UE<\/span><span class=\"com-text --credit --twoxs\">WOJTEK RADWANSKI &#8211; AFP<\/span><\/figcaption><\/figure>\n<\/section>\n<\/div>\n<p class=\"com-paragraph   --s\">Ante todo, exist\u00eda un amplio consenso, en todo el espectro pol\u00edtico, de que el <strong>objetivo a largo plazo de Polonia era unirse a la UE.<\/strong><\/p>\n<p class=\"com-paragraph   --s\">\u201cLos polacos sab\u00edan ad\u00f3nde iban\u201d, dijo Pi\u0105tkowski. \u201cPolonia adopt\u00f3 las instituciones y las reglas del juego, e incluso algunas normas culturales que Occidente tard\u00f3 500 a\u00f1os en desarrollar\u201d.<\/p>\n<p class=\"com-paragraph   --s\">A pesar de su car\u00e1cter opresivo, el <strong>comunismo contribuy\u00f3 a derribar antiguas barreras sociales y a abrir la educaci\u00f3n superior a obreros de f\u00e1bricas y trabajadores agr\u00edcolas <\/strong>que antes no ten\u00edan ninguna oportunidad. El auge de la educaci\u00f3n superior tras la ca\u00edda del comunismo ha hecho que la mitad de los j\u00f3venes tengan ahora un t\u00edtulo universitario.<\/p>\n<p class=\"com-paragraph   --s\">\u201cLos<strong> j\u00f3venes polacos<\/strong>, por ejemplo, <strong>tienen mejor formaci\u00f3n que los j\u00f3venes alemanes<\/strong>\u201d, dijo Piatkowski, \u201cpero ganan la mitad que los alemanes\u201d. Esa es <strong>\u201cuna combinaci\u00f3n imbatible\u201d para atraer inversores<\/strong>, a\u00f1adi\u00f3.<\/p>\n<p class=\"com-paragraph   --s\">Solaris, empresa fundada en 1996 en Poznan por Krzysztof Olszewski, es uno de los <strong>principales fabricantes de autobuses el\u00e9ctricos de Europa<\/strong>, con una cuota de mercado de alrededor del 15%. Su historia refleja una<strong> caracter\u00edstica distintiva del \u00e9xito polaco: el esp\u00edritu emprendedor<\/strong>, es decir, la voluntad de asumir riesgos y crear algo nuevo.<\/p>\n<p class=\"com-paragraph   --s\">Formado como ingeniero bajo el gobierno comunista, Olszewski abri\u00f3 un taller mec\u00e1nico donde utilizaba repuestos de Alemania Occidental para reparar coches polacos. Si bien la mayor\u00eda de las empresas fueron nacionalizadas, las autoridades permitieron que peque\u00f1os talleres privados como el suyo siguieran funcionando, seg\u00fan Katarzyna Szarzec, economista de la Universidad de Econom\u00eda y Negocios de Poznan. \u201cEran reductos de emprendimiento privado\u201d, afirm\u00f3.<\/p>\n<p class=\"com-paragraph   --s\">En 1996, Olszewski abri\u00f3 una filial de la empresa alemana de autobuses Neoplan y comenz\u00f3 a producir para el mercado polaco.<\/p>\n<div class=\"content-media\">\n<section role=\"button\" class=\"mod-media   \">\n<figure role=\"button\" tabindex=\"0\" class=\"mod-figure \"><figcaption class=\"mod-figcaption\"><span class=\"com-text --caption --twoxs\">Los trabajadores ensamblan autobuses el\u00e9ctricos en la f\u00e1brica de autobuses Solaris en Poznan, Polonia<\/span><span class=\"com-text --credit --twoxs\">Pietro De Cristofaro  &#8211; AP <\/span><\/figcaption><\/figure>\n<\/section>\n<\/div>\n<p class=\"com-paragraph   --s\"><strong>\u201cLa entrada de Polonia en la UE en 2004 nos dio credibilidad y acceso a un vasto mercado europeo abierto, con la libre circulaci\u00f3n de bienes, servicios y personas\u201d<\/strong>, dijo Mateusz Figaszewski, responsable de relaciones institucionales.<\/p>\n<p class=\"com-paragraph   --s\">Luego lleg\u00f3 la arriesgada decisi\u00f3n de comenzar a producir autobuses el\u00e9ctricos en 2011, en un momento en que pocos en Europa experimentaban con esta tecnolog\u00eda. Figaszewski afirm\u00f3 que las <strong>grandes empresas occidentales ten\u00edan m\u00e1s que perder si la transici\u00f3n a los veh\u00edculos el\u00e9ctricos no funcionaba<\/strong>. \u201cSe convirti\u00f3 en una oportunidad para alcanzar el liderazgo tecnol\u00f3gico por delante del mercado\u201d, dijo.<\/p>\n<p class=\"com-paragraph   --s\">Polonia a\u00fan enfrenta desaf\u00edos. Debido a la<strong> baja tasa de natalidad <\/strong>y al <strong>envejecimiento de la poblaci\u00f3n<\/strong>, habr\u00e1 menos trabajadores para mantener a los jubilados. <strong>Los salarios promedio son inferiores al promedio de la UE<\/strong>. Si bien las peque\u00f1as y medianas empresas prosperan, <strong>pocas se han convertido en marcas globales.<\/strong><\/p>\n<p class=\"com-paragraph   --s\">El alcalde de Poznan, Jacek Ja\u015bkowiak, considera que la innovaci\u00f3n nacional representa una tercera ola en el desarrollo econ\u00f3mico postsocialista de Polonia. En la primera ola, a principios de la d\u00e9cada de 1990, pa\u00edses extranjeros abrieron f\u00e1bricas en Polonia, aprovechando la mano de obra cualificada de la poblaci\u00f3n local.<\/p>\n<p class=\"com-paragraph   --s\">Seg\u00fan explic\u00f3, a principios del nuevo milenio, las <strong>empresas occidentales introdujeron sectores m\u00e1s avanzados, como las finanzas, la inform\u00e1tica y la ingenier\u00eda.<\/strong><\/p>\n<div class=\"content-media\">\n<section role=\"button\" class=\"mod-media   \">\n<figure role=\"button\" tabindex=\"0\" class=\"mod-figure \"><figcaption class=\"mod-figcaption\"><span class=\"com-text --caption --twoxs\">La llegada de inversiones extranjeras transform\u00f3 el paisaje industrial polaco desde los a\u00f1os noventa, con f\u00e1bricas y centros tecnol\u00f3gicos instalados en todo el pa\u00eds<\/span><span class=\"com-text --credit --twoxs\">WOJTEK RADWANSKI  &#8211; AFP <\/span><\/figcaption><\/figure>\n<\/section>\n<\/div>\n<p class=\"com-paragraph   --s\">\u201cAhora es el momento de iniciar actividades tan sofisticadas aqu\u00ed\u201d, dice Ja\u015bkowiak, y a\u00f1ade que una de sus principales prioridades es invertir en universidades.<\/p>\n<p class=\"com-paragraph   --s\">\u201cA\u00fan queda mucho por hacer en materia de innovaci\u00f3n y progreso tecnol\u00f3gico\u201d, a\u00f1adi\u00f3 Szarzec, el economista de Poznan. \u201cPero <strong>seguimos ascendiendo en la escala del valor a\u00f1adido<\/strong>. Ya no somos solo un proveedor de piezas de repuesto\u00bb.<\/p>\n<p class=\"com-paragraph   --s\">Los estudiantes de Szarzec afirman que<strong> es necesario hacer m\u00e1s para reducir las desigualdades entre zonas urbanas y rurales, facilitar el acceso a la vivienda asequible y apoyar a los j\u00f3venes <\/strong>que forman familias. Sostienen que los polacos deben reconocer que los inmigrantes, como los millones de ucranianos que huyeron de la invasi\u00f3n rusa en 2022, contribuyen al desarrollo econ\u00f3mico de una poblaci\u00f3n que envejece.<\/p>\n<p class=\"com-paragraph   --s\">\u201cPolonia tiene una econom\u00eda tan din\u00e1mica, con tantas oportunidades de desarrollo, que por supuesto que me quedo\u201d, dijo Kazimierz Falak, de 27 a\u00f1os, uno de los estudiantes de posgrado de Szarzec. <strong>\u201cPolonia es prometedora\u201d<\/strong>, afirm\u00f3.<\/p>\n<section class=\"container-center-100 mb-40 border border-bottom border-thin border-neutral-light-700\">\n<div class=\"grid grid-cols-2_m gap-12 py-16 py-12_m\">\n<div class=\"flex flex-column gap-12\">\n<div class=\"flex flex-column brand-color\">\n<div class=\"flex flex-wrap w-100 w-full\">\n<div class=\"signature-with-authors flex flex-wrap flex-column flex-row_m ai-center_m ai-start  gap-16 w-100 w-full 2\">\n<div class=\"flex inline-flex ai-center gap-12\">\n<p><span>Por <span><strong>David Mchugh <\/strong> y <\/span><span><strong>Claudia Ciobanu<\/strong><\/span><\/span><\/p>\n<\/div>\n<\/div>\n<\/div>\n<\/div>\n<\/div>\n<\/div>\n<hr\/>\n<\/section>\n<\/div>\n\n","protected":false},"excerpt":{"rendered":"<p>POZNAN, Polonia.\u2013 Hace una generaci\u00f3n, Polonia racionaba el az\u00facar y la harina, y sus ciudadanos cobraban una d\u00e9cima parte del salario de los alemanes occidentales. Hoy, su econom\u00eda super\u00f3 a Suiza y se convirti\u00f3 en la vig\u00e9sima m\u00e1s grande del mundo, con una producci\u00f3n anual superior a un bill\u00f3n de d\u00f3lares. Se trata de un [&hellip;]<\/p>\n","protected":false},"author":2,"featured_media":229443,"comment_status":"closed","ping_status":"closed","sticky":false,"template":"","format":"standard","meta":{"footnotes":""},"categories":[1],"tags":[],"class_list":["post-229442","post","type-post","status-publish","format-standard","has-post-thumbnail","hentry","category-uncategorized"],"_links":{"self":[{"href":"https:\/\/radioacuariofm.com.ar\/index.php?rest_route=\/wp\/v2\/posts\/229442","targetHints":{"allow":["GET"]}}],"collection":[{"href":"https:\/\/radioacuariofm.com.ar\/index.php?rest_route=\/wp\/v2\/posts"}],"about":[{"href":"https:\/\/radioacuariofm.com.ar\/index.php?rest_route=\/wp\/v2\/types\/post"}],"author":[{"embeddable":true,"href":"https:\/\/radioacuariofm.com.ar\/index.php?rest_route=\/wp\/v2\/users\/2"}],"replies":[{"embeddable":true,"href":"https:\/\/radioacuariofm.com.ar\/index.php?rest_route=%2Fwp%2Fv2%2Fcomments&post=229442"}],"version-history":[{"count":1,"href":"https:\/\/radioacuariofm.com.ar\/index.php?rest_route=\/wp\/v2\/posts\/229442\/revisions"}],"predecessor-version":[{"id":229444,"href":"https:\/\/radioacuariofm.com.ar\/index.php?rest_route=\/wp\/v2\/posts\/229442\/revisions\/229444"}],"wp:featuredmedia":[{"embeddable":true,"href":"https:\/\/radioacuariofm.com.ar\/index.php?rest_route=\/wp\/v2\/media\/229443"}],"wp:attachment":[{"href":"https:\/\/radioacuariofm.com.ar\/index.php?rest_route=%2Fwp%2Fv2%2Fmedia&parent=229442"}],"wp:term":[{"taxonomy":"category","embeddable":true,"href":"https:\/\/radioacuariofm.com.ar\/index.php?rest_route=%2Fwp%2Fv2%2Fcategories&post=229442"},{"taxonomy":"post_tag","embeddable":true,"href":"https:\/\/radioacuariofm.com.ar\/index.php?rest_route=%2Fwp%2Fv2%2Ftags&post=229442"}],"curies":[{"name":"wp","href":"https:\/\/api.w.org\/{rel}","templated":true}]}}