{"id":229439,"date":"2026-03-17T07:33:07","date_gmt":"2026-03-17T10:33:07","guid":{"rendered":"https:\/\/radioacuariofm.com.ar\/?p=229439"},"modified":"2026-03-17T07:33:08","modified_gmt":"2026-03-17T10:33:08","slug":"el-papa-leon-xiv-llamo-a-los-medios-a-mostrar-el-sufrimiento-del-conflicto-y-no-amplificar-la-propaganda","status":"publish","type":"post","link":"https:\/\/radioacuariofm.com.ar\/?p=229439","title":{"rendered":"El papa Le\u00f3n XIV llam\u00f3 a los medios a mostrar el sufrimiento del conflicto y no amplificar la \u201cpropaganda\u201d"},"content":{"rendered":"<p> <br \/>\n<\/p>\n<div>\n<p class=\"com-paragraph  --capital --s\">CIUDAD DEL VATICANO.\u2013 El <a href=\"https:\/\/www.lanacion.com.ar\/el-mundo\/el-vaticano-intensifica-las-criticas-a-eeuu-y-repudia-que-el-conflicto-se-presente-como-guerra-nid10032026\/\" target=\"_self\" title=\"https:\/\/www.lanacion.com.ar\/el-mundo\/el-vaticano-intensifica-las-criticas-a-eeuu-y-repudia-que-el-conflicto-se-presente-como-guerra-nid10032026\/\" class=\"com-link break-word\" data-mrf-recirculation=\"n_link_parrafo\"><strong>papa Le\u00f3n XIV<\/strong><\/a><strong> <\/strong>inst\u00f3 este lunes a los periodistas a <strong>poner el foco en el sufrimiento que provocan <\/strong><a href=\"https:\/\/www.lanacion.com.ar\/el-mundo\/responsabilidad-moral-leon-xiv-llamo-a-detener-la-espiral-de-violencia-antes-de-que-se-vuelva-una-nid01032026\/\" target=\"_self\" title=\"https:\/\/www.lanacion.com.ar\/el-mundo\/responsabilidad-moral-leon-xiv-llamo-a-detener-la-espiral-de-violencia-antes-de-que-se-vuelva-una-nid01032026\/\" class=\"com-link break-word\" data-mrf-recirculation=\"n_link_parrafo\"><strong>las guerras<\/strong><\/a><strong> <\/strong>y advirti\u00f3 contra las coberturas informativas que corren <strong>el riesgo de derivar en propaganda al glorificar los conflictos <\/strong>o actuar como \u201cun meg\u00e1fono\u201d que amplifica las voces de quienes detentan el poder.<\/p>\n<p class=\"com-paragraph   --s\">En un encuentro con periodistas del noticiero televisivo italiano TG2, el pont\u00edfice lanz\u00f3 un llamado directo a los reporteros para que \u201c<strong>muestren el rostro de la guerra y la cuenten a trav\u00e9s de los ojos de las v\u00edctimas<\/strong>, para no convertirla en un videojuego\u201d.<\/p>\n<div class=\"content-media\">\n<section role=\"button\" class=\"mod-media   \">\n<figure role=\"button\" tabindex=\"0\" class=\"mod-figure \"><figcaption class=\"mod-figcaption\"><span class=\"com-text --caption --twoxs\">El papa Le\u00f3n XIV aparece en la ventana de su estudio con vista a la Plaza de San Pedro, en el Vaticano, el 15 de marzo de 2026<\/span><span class=\"com-text --credit --twoxs\">Andrew Medichini  &#8211; AP <\/span><\/figcaption><\/figure>\n<\/section>\n<\/div>\n<p class=\"com-paragraph   --s\">\u201cEn las dram\u00e1ticas circunstancias de la guerra, como las que estamos viviendo, <strong>la informaci\u00f3n debe cuidarse del riesgo de convertirse en propaganda<\/strong>\u201d, dijo el papa norteamericano.<\/p>\n<p class=\"com-paragraph   --s\">Los periodistas deben trabajar <strong>\u201cverificando las noticias para no convertirse en un meg\u00e1fono del poder\u201d<\/strong>, a\u00f1adi\u00f3 Le\u00f3n.<\/p>\n<p class=\"com-paragraph   --s\">El pont\u00edfice no mencion\u00f3 el lunes ning\u00fan conflicto espec\u00edfico, pero en los \u00faltimos d\u00edas ha intensificado sus llamados <strong>a poner fin a la guerra en expansi\u00f3n entre <\/strong><a href=\"https:\/\/www.lanacion.com.ar\/el-mundo\/trump-no-descarta-tomar-la-isla-petrolera-irani-de-kharg-mientras-la-guerra-dispara-los-precios-del-nid16032026\/\" target=\"_self\" title=\"https:\/\/www.lanacion.com.ar\/el-mundo\/trump-no-descarta-tomar-la-isla-petrolera-irani-de-kharg-mientras-la-guerra-dispara-los-precios-del-nid16032026\/\" class=\"com-link break-word\" data-mrf-recirculation=\"n_link_parrafo\"><strong>Estados Unidos<\/strong><\/a><strong> e <\/strong><a href=\"https:\/\/www.lanacion.com.ar\/el-mundo\/israel-avanza-sobre-el-libano-y-preve-al-menos-tres-semanas-mas-de-guerra-nid16032026\/\" target=\"_self\" title=\"https:\/\/www.lanacion.com.ar\/el-mundo\/israel-avanza-sobre-el-libano-y-preve-al-menos-tres-semanas-mas-de-guerra-nid16032026\/\" class=\"com-link break-word\" data-mrf-recirculation=\"n_link_parrafo\"><strong>Israel<\/strong><\/a><strong> contra Ir\u00e1n<\/strong>.<\/p>\n<p class=\"com-paragraph   --s\">El domingo pidi\u00f3 un alto el fuego inmediato a <strong>lo que calific\u00f3 como la \u201catroz violencia\u201d del conflicto<\/strong>, en algunas de sus declaraciones m\u00e1s contundentes hasta el momento.<\/p>\n<p class=\"com-paragraph   --s\">La advertencia de Le\u00f3n contra representar la guerra como si fuera un videojuego <strong>retoma comentarios realizados a principios de este mes<\/strong> <strong>por un alto funcionario de la Iglesia en Estados Unidos<\/strong>, en el contexto de un rechazo generalizado de la instituci\u00f3n eclesi\u00e1stica contra la guerra en Ir\u00e1n.<\/p>\n<p class=\"com-paragraph   --s\">El cardenal de Chicago, <strong>Blase Cupich<\/strong>, reprendi\u00f3 duramente a la Casa Blanca por publicar en redes sociales un video con <strong>im\u00e1genes de la guerra en Ir\u00e1n mezcladas con escenas de videojuegos y pel\u00edculas de acci\u00f3n<\/strong>. Cupich calific\u00f3 el video de <strong>\u201crepugnante\u201d<\/strong>.<\/p>\n<div class=\"content-media\">\n<section role=\"button\" class=\"mod-media   \">\n<figure role=\"button\" tabindex=\"0\" class=\"mod-figure \"><figcaption class=\"mod-figcaption\"><span class=\"com-text --caption --twoxs\">El papa Le\u00f3n XIV en una visita pastoral a la parroquia \u201cSagrado Coraz\u00f3n de Jes\u00fas\u201d en Ponte Mammolo, durante el cuarto domingo de Cuaresma, en Roma, el 15 de marzo de 2026<\/span><span class=\"com-text --credit --twoxs\">FILIPPO MONTEFORTE  &#8211; AFP <\/span><\/figcaption><\/figure>\n<\/section>\n<\/div>\n<p class=\"com-paragraph   --s\">Por su parte, el cardenal <strong>Pietro Parolin, secretario de Estado del Vaticano<\/strong>, adivirti\u00f3 que el argumento de Washington para llevar a cabo ataques preventivos <strong>corr\u00eda el riesgo de prender fuego \u201ca todo el mundo\u201d<\/strong>.<\/p>\n<p class=\"com-paragraph   --s\">El cardenal <strong>Robert McElroy<\/strong>, la m\u00e1xima autoridad de la Iglesia en Washington, calific\u00f3 la guerra como <strong>ni \u201cmoralmente leg\u00edtima\u201d ni \u201cjusta\u201d<\/strong>.<\/p>\n<p class=\"com-paragraph   --s\"><strong>El primer pronunciamiento del papa Leo XIV fue un llamado moderado a la paz<\/strong>, expresado con una cautela cuidadosamente calibrada que en gran medida ha reiterado desde entonces. Desde una ventana en lo alto de la Plaza de San Pedro, Le\u00f3n no atribuy\u00f3 culpas y, en cambio, <strong>expres\u00f3 su deseo \u201csincero\u201d de que la \u201cdiplomacia\u201d recupere \u201csu papel apropiado\u201d<\/strong>.<\/p>\n<p class=\"com-paragraph   --s\">El viernes, sin mencionar a nadie en particular, el pont\u00edfice se pregunt\u00f3 si los l\u00edderes cristianos que van a la guerra <strong>\u201c\u00bftienen la humildad y el coraje de examinar seriamente su conciencia y acudir a la confesi\u00f3n?\u201d<\/strong>.<\/p>\n<p class=\"com-paragraph   --s\">Las declaraciones del Papa se dan horas despu\u00e9s de que el presidente norteamericano, Donald Trump, respaldara la amenaza del presidente de la Comisi\u00f3n Federal de Comunicaciones, Brendan Carr, de revocar las licencias de transmisi\u00f3n por la cobertura informativa de la guerra de Estados Unidos e Israel en Ir\u00e1n, calificando a los medios de comunicaci\u00f3n de \u201ccorruptos y sumamente antipatri\u00f3ticos\u201d en una publicaci\u00f3n <a href=\"https:\/\/truthsocial.com\/@realDonaldTrump\/posts\/116235861005528220\" target=\"_blank\" title=\"de Truth Social.\" class=\"com-link break-word\" data-mrf-recirculation=\"n_link_parrafo\" rel=\"nofollow\">de Truth Social.<\/a><\/p>\n<p class=\"com-paragraph   --s\">Carr, en su <a href=\"https:\/\/x.com\/BrendanCarrFCC\/status\/2032855414233047172\" target=\"_blank\" title=\"publicaci\u00f3n del s\u00e1bado en X\" class=\"com-link break-word\" data-mrf-recirculation=\"n_link_parrafo\" rel=\"nofollow\">publicaci\u00f3n del s\u00e1bado en X<\/a>, advirti\u00f3 que negar\u00eda o revocar\u00eda las licencias emitidas por el gobierno si las emisoras difunden lo que la agencia considera \u201cnoticias falsas\u201d. Esta advertencia fue el \u00faltimo ataque del funcionario que, desde que se convirti\u00f3 en presidente de la FCC al comienzo del segundo mandato de Trump, desempe\u00f1a el papel de <a href=\"https:\/\/www.washingtonpost.com\/business\/2025\/09\/19\/trumps-media-enforcer-is-relishing-his-jimmy-kimmel-moment\/\" target=\"_blank\" title=\"garante de los medios de comunicaci\u00f3n\" class=\"com-link break-word\" data-mrf-recirculation=\"n_link_parrafo\" rel=\"nofollow\">garante de los medios de comunicaci\u00f3n<\/a><\/p>\n<p class=\"com-paragraph   --s\"><strong>Agencia Reuters y diario <\/strong><em><strong>The Washington Post<\/strong><\/em><\/p>\n<section class=\"container-center-100 mb-40 border border-bottom border-thin border-neutral-light-700\">\n<hr\/>\n<\/section>\n<\/div>\n\n","protected":false},"excerpt":{"rendered":"<p>CIUDAD DEL VATICANO.\u2013 El papa Le\u00f3n XIV inst\u00f3 este lunes a los periodistas a poner el foco en el sufrimiento que provocan las guerras y advirti\u00f3 contra las coberturas informativas que corren el riesgo de derivar en propaganda al glorificar los conflictos o actuar como \u201cun meg\u00e1fono\u201d que amplifica las voces de quienes detentan el [&hellip;]<\/p>\n","protected":false},"author":2,"featured_media":229440,"comment_status":"closed","ping_status":"closed","sticky":false,"template":"","format":"standard","meta":{"footnotes":""},"categories":[1],"tags":[],"class_list":["post-229439","post","type-post","status-publish","format-standard","has-post-thumbnail","hentry","category-uncategorized"],"_links":{"self":[{"href":"https:\/\/radioacuariofm.com.ar\/index.php?rest_route=\/wp\/v2\/posts\/229439","targetHints":{"allow":["GET"]}}],"collection":[{"href":"https:\/\/radioacuariofm.com.ar\/index.php?rest_route=\/wp\/v2\/posts"}],"about":[{"href":"https:\/\/radioacuariofm.com.ar\/index.php?rest_route=\/wp\/v2\/types\/post"}],"author":[{"embeddable":true,"href":"https:\/\/radioacuariofm.com.ar\/index.php?rest_route=\/wp\/v2\/users\/2"}],"replies":[{"embeddable":true,"href":"https:\/\/radioacuariofm.com.ar\/index.php?rest_route=%2Fwp%2Fv2%2Fcomments&post=229439"}],"version-history":[{"count":1,"href":"https:\/\/radioacuariofm.com.ar\/index.php?rest_route=\/wp\/v2\/posts\/229439\/revisions"}],"predecessor-version":[{"id":229441,"href":"https:\/\/radioacuariofm.com.ar\/index.php?rest_route=\/wp\/v2\/posts\/229439\/revisions\/229441"}],"wp:featuredmedia":[{"embeddable":true,"href":"https:\/\/radioacuariofm.com.ar\/index.php?rest_route=\/wp\/v2\/media\/229440"}],"wp:attachment":[{"href":"https:\/\/radioacuariofm.com.ar\/index.php?rest_route=%2Fwp%2Fv2%2Fmedia&parent=229439"}],"wp:term":[{"taxonomy":"category","embeddable":true,"href":"https:\/\/radioacuariofm.com.ar\/index.php?rest_route=%2Fwp%2Fv2%2Fcategories&post=229439"},{"taxonomy":"post_tag","embeddable":true,"href":"https:\/\/radioacuariofm.com.ar\/index.php?rest_route=%2Fwp%2Fv2%2Ftags&post=229439"}],"curies":[{"name":"wp","href":"https:\/\/api.w.org\/{rel}","templated":true}]}}