{"id":229433,"date":"2026-03-17T05:30:55","date_gmt":"2026-03-17T08:30:55","guid":{"rendered":"https:\/\/radioacuariofm.com.ar\/?p=229433"},"modified":"2026-03-17T05:30:56","modified_gmt":"2026-03-17T08:30:56","slug":"conflicto-en-medio-oriente-todo-lo-que-hay-que-saber-6","status":"publish","type":"post","link":"https:\/\/radioacuariofm.com.ar\/?p=229433","title":{"rendered":"Conflicto en Medio Oriente: todo lo que hay que saber"},"content":{"rendered":"<p> <br \/>\n<\/p>\n<div>\n<p class=\"com-paragraph  --capital --s\">El conflicto en <a href=\"https:\/\/www.lanacion.com.ar\/el-mundo\/ataque-de-estados-unidos-e-israel-contra-iran-en-vivo-tension-en-medio-oriente-hoy-martes-17-de-nid17032026\/\" target=\"_self\" title=\"https:\/\/www.lanacion.com.ar\/el-mundo\/ataque-de-estados-unidos-e-israel-contra-iran-en-vivo-tension-en-medio-oriente-hoy-martes-17-de-nid17032026\/\" class=\"com-link break-word\" data-mrf-recirculation=\"n_link_parrafo\"><strong>Medio Oriente<\/strong><\/a><strong> <\/strong>ingresa este <strong>martes 17 de marzo <\/strong>en su <strong>18\u00ba d\u00eda de guerra<\/strong>. Crece la distancia entre Estados Unidos y sus aliados de la <strong>OTAN <\/strong>por las diferencias sobre c\u00f3mo abordar la escalada del conflicto en el estrecho de <strong>Ormuz<\/strong>. Mientras que Israel realiz\u00f3 una incursi\u00f3n terrestre en L\u00edbano para atacar a <strong>Hezbollah<\/strong>. Adem\u00e1s, pese a los intentos por contener el aumento, el precio del petr\u00f3leo vuelve a subir ante los insistentes ataques de <strong>Ir\u00e1n <\/strong>a pa\u00edses del Golfo.<\/p>\n<p class=\"com-paragraph   --s\">Estas son las claves para entender <strong>qu\u00e9 est\u00e1 pasando y por qu\u00e9 preocupa al mundo<\/strong>.<\/p>\n<h2 class=\"com-title --font-primary --xl --font-extra\">Cu\u00e1les son las principales noticias del conflicto hoy<\/h2>\n<ul class=\"com-unordered\">\n<li class=\"com-item\"><strong>Donald Trump <\/strong><a href=\"https:\/\/www.lanacion.com.ar\/el-mundo\/la-dura-respuesta-de-alemania-y-reino-unido-a-los-reclamos-de-trump-la-guerra-no-tiene-nada-que-ver-nid16032026\/\" class=\"com-link\" target=\"_self\" title=\"https:\/\/www.lanacion.com.ar\/el-mundo\/la-dura-respuesta-de-alemania-y-reino-unido-a-los-reclamos-de-trump-la-guerra-no-tiene-nada-que-ver-nid16032026\/\" data-mrf-recirculation=\"n_link_parrafo\">presiona a sus aliados<\/a> para que colaboren para liberar el estrecho de Ormuz.<\/li>\n<li class=\"com-item\">EE.UU. no descarta ordenar la toma de la isla iran\u00ed de <strong>Kharg <\/strong>-el principal centro de exportaci\u00f3n de petr\u00f3leo de Ir\u00e1n-si contin\u00faa el bloqueo de <strong>Ormuz<\/strong>.<\/li>\n<li class=\"com-item\">El previo del petr\u00f3leo volvi\u00f3 a superar los <strong>US$100<\/strong> tras una leve recuperaci\u00f3n el lunes.<\/li>\n<\/ul>\n<div class=\"content-media\">\n<section role=\"button\" class=\"mod-media   \">\n<figure role=\"button\" tabindex=\"0\" class=\"mod-figure \">\n<div class=\"placeholder \">\n<div class=\"com-image\"><picture><source media=\"(min-width: 768px)\" srcset=\"https:\/\/resizer.glanacion.com\/resizer\/v2\/se-observan-estelas-de-cohetes-en-el-cielo-QDHIVSILLFGBJBANR4VLBZNYSU.JPG?auth=ec27a2c5890bdc11d86bebe6af5ec0ece2e9233434d04c38f136a249140d7952&amp;width=780&amp;height=520&amp;quality=70&amp;smart=true\"\/><\/picture><\/div>\n<\/div><figcaption class=\"mod-figcaption\"><span class=\"com-text --caption --twoxs\">Se observan estelas de cohetes en el cielo durante una nueva andanada de ataques con misiles iran\u00edes, sobre la ciudad costera israel\u00ed de Netanya<\/span><span class=\"com-text --credit --twoxs\">JACK GUEZ  &#8211; AFP <\/span><\/figcaption><\/figure>\n<\/section>\n<\/div>\n<h3 class=\"com-title --font-primary --l --font-extra\">Otros hechos de importancia <\/h3>\n<div class=\"content-media\">\n<section role=\"button\" class=\"mod-media   \">\n<figure role=\"button\" tabindex=\"0\" class=\"mod-figure \">\n<div class=\"placeholder \">\n<div class=\"com-image\"><picture><source media=\"(min-width: 768px)\" srcset=\"https:\/\/resizer.glanacion.com\/resizer\/v2\/el-presidente-chino-xi-jinping-y-el-mandatario-E7VKJLTAKVGFTG3XG2DKWAWKDM.JPG?auth=81b63f69c89af7c86c620bb1a968cfd1f575f2deb6a89cf81d206432ce22cea1&amp;width=780&amp;height=585&amp;quality=70&amp;smart=true\"\/><img class=\"image com-image flex --cover\" decoding=\"async\" fetchpriority=\"low\" loading=\"lazy\" src=\"https:\/\/radioacuariofm.com.ar\/wp-content\/uploads\/2026\/03\/el-presidente-chino-xi-jinping-y-el-mandatario-E7VKJLTAKVGFTG3XG2DKWAWKDM.JPG\" width=\"3200\" alt=\"El presidente chino Xi Jinping y el mandatario estadounidense Donald Trump\" height=\"2400\"\/><\/picture><\/div>\n<\/div><figcaption class=\"mod-figcaption\"><span class=\"com-text --caption --twoxs\">El presidente chino Xi Jinping y el mandatario estadounidense Donald Trump<\/span><span class=\"com-text --credit --twoxs\">ADEK BERRY  &#8211; AFP <\/span><\/figcaption><\/figure>\n<\/section>\n<\/div>\n<ul class=\"com-unordered\">\n<li class=\"com-item\">Trump insta a China a cooperar para que interceda en el conflicto por el cierre del estrecho de Ormuz y pone en suspenso la reuni\u00f3n con <strong>Xi Jinping<\/strong>.<\/li>\n<li class=\"com-item\">Alerta por la <a href=\"https:\/\/www.lanacion.com.ar\/el-mundo\/ataque-de-estados-unidos-e-israel-contra-iran-en-vivo-tension-en-medio-oriente-hoy-lunes-16-de-marzo-nid16032026\/#liveblog_JD3B6XC55BC4BLQBEEEFHOSBJE\/\" class=\"com-link\" target=\"_self\" title=\"https:\/\/www.lanacion.com.ar\/el-mundo\/ataque-de-estados-unidos-e-israel-contra-iran-en-vivo-tension-en-medio-oriente-hoy-lunes-16-de-marzo-nid16032026\/#liveblog_JD3B6XC55BC4BLQBEEEFHOSBJE\/\" data-mrf-recirculation=\"n_link_parrafo\">avalancha de im\u00e1genes generadas con IA<\/a> en la guerra de Medio Oriente y que deja a los usuarios sin poder distinguir lo real de lo ficticio, aseguran investigadores.<\/li>\n<\/ul>\n<h3 class=\"com-title --font-primary --l --font-extra\">Por qu\u00e9 Estados Unidos e Israel atacaron a Ir\u00e1n<\/h3>\n<ul class=\"com-unordered\">\n<li class=\"com-item\">Ocho meses despu\u00e9s del conflicto de 12 d\u00edas entre Ir\u00e1n e Israel en junio de 2025,<strong>\u00a0Estados Unidos e Israel lanzaron el s\u00e1bado 28 de febrero\u00a0<\/strong><a href=\"https:\/\/www.lanacion.com.ar\/el-mundo\/paso-a-paso-como-fue-el-ataque-de-eeuu-a-iran-y-como-se-llego-hasta-aca-nid28022026\/\" class=\"com-link\" target=\"_self\" title=\"https:\/\/www.lanacion.com.ar\/el-mundo\/paso-a-paso-como-fue-el-ataque-de-eeuu-a-iran-y-como-se-llego-hasta-aca-nid28022026\/\" data-mrf-recirculation=\"n_link_parrafo\"><strong>una ofensiva de gran escala contra objetivos en todo Ir\u00e1n<\/strong><\/a>, incluidos puntos sensibles en Teher\u00e1n y \u00e1reas vinculadas al l\u00edder supremo, el ayatollah Ali Khamenei.<\/li>\n<li class=\"com-item\"><strong>Objetivo: \u201cTomar el control del gobierno\u201d.\u00a0<\/strong>Trump justific\u00f3 la ofensiva al afirmar que est\u00e1n en marcha \u201cimportantes operaciones de combate en Ir\u00e1n\u201d y exhort\u00f3 directamente a la poblaci\u00f3n a rebelarse contra el r\u00e9gimen. \u201cCuando hayamos terminado, tomen el control de su gobierno. Ser\u00e1 suyo. Esta ser\u00e1 probablemente su \u00fanica oportunidad durante generaciones\u201d, dijo en un video difundido en redes sociales.<\/li>\n<\/ul>\n<div class=\"content-media\">\n<section role=\"button\" class=\"mod-media   \">\n<figure role=\"button\" tabindex=\"0\" class=\"mod-figure \">\n<div class=\"placeholder \">\n<div class=\"com-image\"><picture><source media=\"(min-width: 768px)\" srcset=\"https:\/\/resizer.glanacion.com\/resizer\/v2\/gente-pasa-junto-a-tiendas-que-cobijan-a-personas-KB7YXHBP5BBO3GRZHG5JAFTYFE.jpg?auth=af21331449816a5f655b28cf423d9e03c6ed3aafbb0825f6df1fc0e52dded194&amp;width=780&amp;height=520&amp;quality=70&amp;smart=true\"\/><img class=\"image com-image flex --cover\" decoding=\"async\" fetchpriority=\"low\" loading=\"lazy\" src=\"https:\/\/radioacuariofm.com.ar\/wp-content\/uploads\/2026\/03\/gente-pasa-junto-a-tiendas-que-cobijan-a-personas-KB7YXHBP5BBO3GRZHG5JAFTYFE.jpg\" width=\"8640\" alt=\"Gente pasa junto a tiendas que cobijan a personas desplazadas por ataques a\u00e9reos israel\u00edes en un espacio p\u00fablico junto al paseo mar\u00edtimo de Beirut, en L\u00edbano, el domingo 15 de marzo de 2026. (AP Foto\/Hassan Ammar)\" height=\"5760\"\/><\/picture><\/div>\n<\/div><figcaption class=\"mod-figcaption\"><span class=\"com-text --caption --twoxs\">Gente pasa junto a tiendas que cobijan a personas desplazadas por ataques a\u00e9reos israel\u00edes en un espacio p\u00fablico junto al paseo mar\u00edtimo de Beirut, en L\u00edbano, el domingo 15 de marzo de 2026. (AP Foto\/Hassan Ammar)<\/span><span class=\"com-text --credit --twoxs\">Hassan Ammar &#8211; AP<\/span><\/figcaption><\/figure>\n<\/section>\n<\/div>\n<ul class=\"com-unordered\">\n<li class=\"com-item\">Estados Unidos hizo\u00a0<strong>la mayor movilizaci\u00f3n militar desde la invasi\u00f3n a Irak<\/strong>\u00a0en 2003 para cercar a Ir\u00e1n.<\/li>\n<li class=\"com-item\">Un pa\u00eds de fuerte influencia.\u00a0<strong>Ir\u00e1n es central en la geopol\u00edtica por su ubicaci\u00f3n estrat\u00e9gica\u00a0<\/strong>en el estrecho de Ormuz, vital para el petr\u00f3leo mundial, su red de milicias chiitas y aliados que proyectan poder en Medio Oriente,\u00a0<strong>su programa nuclear y sus v\u00ednculos con potencias como China, Rusia y Corea del Norte<\/strong>.<\/li>\n<li class=\"com-item\">En Ir\u00e1n, el poder se organiza alrededor del L\u00edder Supremo, la m\u00e1xima autoridad pol\u00edtica y religiosa del pa\u00eds, con control directo sobre las Fuerzas Armadas, el poder judicial y el Consejo de Guardianes.<strong>\u00a0<\/strong><\/li>\n<\/ul>\n<div class=\"content-media\">\n<section role=\"button\" class=\"mod-media   \">\n<figure role=\"button\" tabindex=\"0\" class=\"mod-figure \">\n<div class=\"placeholder \">\n<div class=\"com-image\"><picture><source media=\"(min-width: 768px)\" srcset=\"https:\/\/resizer.glanacion.com\/resizer\/v2\/un-manifestante-sostiene-una-pancarta-con-la-PNTMALK4NZCDLFWCMVGFLFWYSY.JPG?auth=fba44d59c827a9f6d3d0e7bbf4c0bd83247bf8cf435edf4e5b2981b838f8bb0c&amp;width=780&amp;height=520&amp;quality=70&amp;smart=true\"\/><img class=\"image com-image flex --cover\" decoding=\"async\" fetchpriority=\"low\" loading=\"lazy\" src=\"https:\/\/radioacuariofm.com.ar\/wp-content\/uploads\/2026\/03\/un-manifestante-sostiene-una-pancarta-con-la-PNTMALK4NZCDLFWCMVGFLFWYSY.JPG\" width=\"5829\" alt=\"Un manifestante sostiene una pancarta con la imagen del difunto ayatol\u00e1 Ali Khamenei (centro derecha) y del nuevo l\u00edder supremo de Ir\u00e1n, Mojtada Khamenei (centro izquierda), durante una protesta anual, este a\u00f1o est\u00e1tica, organizada por el grupo propalestino Al-Quds en el centro de Londres\" height=\"3885\"\/><\/picture><\/div>\n<\/div><figcaption class=\"mod-figcaption\"><span class=\"com-text --caption --twoxs\">Un manifestante sostiene una pancarta con la imagen del difunto ayatol\u00e1 Ali Khamenei (centro derecha) y del nuevo l\u00edder supremo de Ir\u00e1n, Mojtada Khamenei (centro izquierda), durante una protesta anual, este a\u00f1o est\u00e1tica, organizada por el grupo propalestino Al-Quds en el centro de Londres<\/span><span class=\"com-text --credit --twoxs\">JUSTIN TALLIS  &#8211; AFP <\/span><\/figcaption><\/figure>\n<\/section>\n<\/div>\n<ul class=\"com-unordered\">\n<li class=\"com-item\"><strong>Tras la\u00a0<\/strong><a href=\"https:\/\/www.lanacion.com.ar\/el-mundo\/israel-lanzo-un-ataque-contra-iran-se-reportan-explosiones-en-teheran-nid28022026\/\" class=\"com-link\" target=\"_self\" title=\"https:\/\/www.lanacion.com.ar\/el-mundo\/israel-lanzo-un-ataque-contra-iran-se-reportan-explosiones-en-teheran-nid28022026\/\" data-mrf-recirculation=\"n_link_parrafo\"><strong>muerte del ayatollah Ali Khamenei<\/strong><\/a><strong>, que ocup\u00f3 ese cargo durante m\u00e1s de tres d\u00e9cadas, qued\u00f3 vacante el centro del sistema y abri\u00f3 una etapa de transici\u00f3n in\u00e9dita desde la Revoluci\u00f3n Isl\u00e1mica de 1979<\/strong>. El presidente administra el gobierno, pero siempre bajo la supervisi\u00f3n del l\u00edder supremo, mientras que el Consejo de Guardianes controla las leyes y la elegibilidad de los candidatos, preservando el delicado equilibrio entre teocracia y estructura republicana.<\/li>\n<li class=\"com-item\"><a href=\"https:\/\/www.lanacion.com.ar\/el-mundo\/quien-es-mojtaba-khamenei-el-heredero-en-las-sombras-del-poder-irani-nid08032026\/\" class=\"com-link\" target=\"_self\" title=\"https:\/\/www.lanacion.com.ar\/el-mundo\/quien-es-mojtaba-khamenei-el-heredero-en-las-sombras-del-poder-irani-nid08032026\/\" data-mrf-recirculation=\"n_link_parrafo\">Mojtaba Khamenei<\/a>, hijo del anterior ayatollah, fue proclamado <strong>nuevo l\u00edder supremo de Ir\u00e1n, <\/strong>pero a\u00fan no ha aparecido en p\u00fablico ni emiti\u00f3 mensajes. Fuentes iran\u00edes e israel\u00edes coinciden en que <strong>result\u00f3 herido en el mismo ataque que mat\u00f3 a su padre<\/strong>, <a href=\"https:\/\/www.lanacion.com.ar\/el-mundo\/estados-unidos-dijo-que-ataco-al-menos-16-buques-iranies-en-el-estrecho-de-ormuz-nid11032026\/\" class=\"com-link\" target=\"_self\" title=\"https:\/\/www.lanacion.com.ar\/el-mundo\/estados-unidos-dijo-que-ataco-al-menos-16-buques-iranies-en-el-estrecho-de-ormuz-nid11032026\/\" data-mrf-recirculation=\"n_link_parrafo\">al inicio de la guerra con Estados Unidos e Israel.<\/a> Crecen los rumores sobre su salud.<\/li>\n<\/ul>\n<section class=\"container-center-100 mb-40 border border-bottom border-thin border-neutral-light-700\">\n<hr\/>\n<\/section>\n<\/div>\n\n","protected":false},"excerpt":{"rendered":"<p>El conflicto en Medio Oriente ingresa este martes 17 de marzo en su 18\u00ba d\u00eda de guerra. Crece la distancia entre Estados Unidos y sus aliados de la OTAN por las diferencias sobre c\u00f3mo abordar la escalada del conflicto en el estrecho de Ormuz. Mientras que Israel realiz\u00f3 una incursi\u00f3n terrestre en L\u00edbano para atacar [&hellip;]<\/p>\n","protected":false},"author":2,"featured_media":229434,"comment_status":"closed","ping_status":"closed","sticky":false,"template":"","format":"standard","meta":{"footnotes":""},"categories":[1],"tags":[],"class_list":["post-229433","post","type-post","status-publish","format-standard","has-post-thumbnail","hentry","category-uncategorized"],"_links":{"self":[{"href":"https:\/\/radioacuariofm.com.ar\/index.php?rest_route=\/wp\/v2\/posts\/229433","targetHints":{"allow":["GET"]}}],"collection":[{"href":"https:\/\/radioacuariofm.com.ar\/index.php?rest_route=\/wp\/v2\/posts"}],"about":[{"href":"https:\/\/radioacuariofm.com.ar\/index.php?rest_route=\/wp\/v2\/types\/post"}],"author":[{"embeddable":true,"href":"https:\/\/radioacuariofm.com.ar\/index.php?rest_route=\/wp\/v2\/users\/2"}],"replies":[{"embeddable":true,"href":"https:\/\/radioacuariofm.com.ar\/index.php?rest_route=%2Fwp%2Fv2%2Fcomments&post=229433"}],"version-history":[{"count":1,"href":"https:\/\/radioacuariofm.com.ar\/index.php?rest_route=\/wp\/v2\/posts\/229433\/revisions"}],"predecessor-version":[{"id":229435,"href":"https:\/\/radioacuariofm.com.ar\/index.php?rest_route=\/wp\/v2\/posts\/229433\/revisions\/229435"}],"wp:featuredmedia":[{"embeddable":true,"href":"https:\/\/radioacuariofm.com.ar\/index.php?rest_route=\/wp\/v2\/media\/229434"}],"wp:attachment":[{"href":"https:\/\/radioacuariofm.com.ar\/index.php?rest_route=%2Fwp%2Fv2%2Fmedia&parent=229433"}],"wp:term":[{"taxonomy":"category","embeddable":true,"href":"https:\/\/radioacuariofm.com.ar\/index.php?rest_route=%2Fwp%2Fv2%2Fcategories&post=229433"},{"taxonomy":"post_tag","embeddable":true,"href":"https:\/\/radioacuariofm.com.ar\/index.php?rest_route=%2Fwp%2Fv2%2Ftags&post=229433"}],"curies":[{"name":"wp","href":"https:\/\/api.w.org\/{rel}","templated":true}]}}