{"id":229415,"date":"2026-03-17T00:25:56","date_gmt":"2026-03-17T03:25:56","guid":{"rendered":"https:\/\/radioacuariofm.com.ar\/?p=229415"},"modified":"2026-03-17T00:25:57","modified_gmt":"2026-03-17T03:25:57","slug":"trump-choca-con-la-resistencia-de-aliados-para-forzar-su-ayuda-en-el-estrecho-de-ormuz","status":"publish","type":"post","link":"https:\/\/radioacuariofm.com.ar\/?p=229415","title":{"rendered":"Trump choca con la resistencia de aliados para forzar su ayuda en el estrecho de Ormuz"},"content":{"rendered":"<p> <br \/>\n<\/p>\n<div>\n<p class=\"com-paragraph  --capital --s\">WASHINGTON.\u2013 <strong>El conflicto b\u00e9lico de Estados Unidos e Israel contra Ir\u00e1n \u201cno tiene nada que ver con la OTAN\u201d <\/strong>y el <strong>estrecho de Ormuz<\/strong> est\u00e1 <strong>\u201cfuera del \u00e1mbito de actuaci\u00f3n\u201d <\/strong>de la alianza atl\u00e1ntica; <strong>\u201cesta no es la guerra de Europa\u201d<\/strong>, y el Reino Unido <strong>\u201cno se dejar\u00e1 arrastrar a una guerra m\u00e1s amplia\u201d<\/strong>. <\/p>\n<p class=\"com-paragraph   --s\">El reclamo de <strong>Donald Trump<\/strong> a pa\u00edses aliados para que ayuden a asegurar y reabrir esa <strong>zona mar\u00edtima clave <\/strong>para el transporte de crudo se top\u00f3 este lunes con varios rechazos que frustraron al presidente norteamericano.<\/p>\n<p class=\"com-paragraph   --s\">En una respuesta directa al l\u00edder republicano, quien <strong>critic\u00f3 la falta de \u201centusiasmo\u201d<\/strong> que recibi\u00f3 por parte de algunos aliados de Washington, el primer ministro <strong>Keir Starmer<\/strong> advirti\u00f3 que el <strong>Reino Unido <\/strong>trabaja con sus socios europeos en un<strong> \u201cplan colectivo viable\u201d para reabrir el estrecho de Ormuz lo antes posible <\/strong>y que su \u201cliderazgo\u201d consiste en defender los intereses brit\u00e1nicos <strong>\u201csin importar la presi\u00f3n\u201d<\/strong>.<\/p>\n<div class=\"content-media\">\n<section role=\"button\" class=\"mod-media   \">\n<figure role=\"button\" tabindex=\"0\" class=\"mod-figure \"><figcaption class=\"mod-figcaption\"><span class=\"com-text --caption --twoxs\">El primer ministro brit\u00e1nico, Keir Starmer.<\/span><span class=\"com-text --credit --twoxs\">Scott Heppell &#8211; PA<\/span><\/figcaption><\/figure>\n<\/section>\n<\/div>\n<p class=\"com-paragraph   --s\">Adem\u00e1s, Starmer asegur\u00f3 -aunque sin mencionar a Trump- que el Reino Unido <strong>\u201cno se dejar\u00e1 arrastrar a una guerra m\u00e1s amplia\u201d<\/strong>, en referencia al conflicto b\u00e9lico con el r\u00e9gimen iran\u00ed que ya entr\u00f3 en su tercera semana.<\/p>\n<p class=\"com-paragraph   --s\">El premier -que el domingo habl\u00f3 por tel\u00e9fono con Trump tras algunos desencuentros- dijo que su gobierno a\u00fan no tom\u00f3 una decisi\u00f3n sobre posibles medidas relacionadas con el estrecho de Ormuz, pero que las conversaciones siguen en marcha. <strong>\u201cEs un debate aparte\u201d<\/strong>, explic\u00f3 Starmer.<\/p>\n<div class=\"content-media\">\n<section role=\"button\" class=\"mod-media   \">\n<figure role=\"button\" tabindex=\"0\" class=\"mod-figure \"><figcaption class=\"mod-figcaption\"><span class=\"com-text --caption --twoxs\">El presidente de Estados Unidos, Donald Trump, camina por el Jard\u00edn Sur a su llegada a la Casa Blanca, el 15 de marzo de 2026.<\/span><span class=\"com-text --credit --twoxs\">Jose Luis Magana &#8211; FR159526 AP<\/span><\/figcaption><\/figure>\n<\/section>\n<\/div>\n<p class=\"com-paragraph   --s\">En similares t\u00e9rminos se pronunciaron otros dirigentes europeos. La alta representante de la Uni\u00f3n Europea (UE) para Asuntos Exteriores y Seguridad, <strong>Kaja Kallas<\/strong>, afirm\u00f3 este lunes que el estrecho de Ormuz est\u00e1 <strong>\u201cfuera del \u00e1mbito de actuaci\u00f3n de la OTAN\u201d<\/strong>, aunque indic\u00f3 que est\u00e1 <strong>abordando opciones con la ONU <\/strong>para garantizar su navegabilidad. Por esas<mark class=\"hl_underline\"> aguas transita cerca de <\/mark><mark class=\"hl_underline\"><strong>un quinto del petr\u00f3leo y el <\/strong><\/mark><strong>gas natural<\/strong><mark class=\"hl_underline\"><strong> licuado mundial<\/strong><\/mark>, y el cierre sum\u00f3 presi\u00f3n a los precios de la energ\u00eda.<\/p>\n<p class=\"com-paragraph   --s\">Durante una conferencia de prensa en Bruselas, Kallas manifest\u00f3 tambi\u00e9n que el conflicto en Medio Oriente <strong>\u201cno es la guerra de Europa\u201d<\/strong>, m\u00e1s all\u00e1 de que advirti\u00f3 que los intereses europeos resultan <strong>\u201cdirectamente afectados\u201d <\/strong>por el alza en los precios de los combustibles y las complicaciones log\u00edsticas en rutas comerciales cr\u00edticas por el cierre del estrecho de Ormuz.<\/p>\n<div class=\"content-media\">\n<section role=\"button\" class=\"mod-media   \">\n<figure role=\"button\" tabindex=\"0\" class=\"mod-figure \"><figcaption class=\"mod-figcaption\"><span class=\"com-text --caption --twoxs\">La alta representante de la Uni\u00f3n Europea (UE) para Asuntos Exteriores y Seguridad, Kaja Kallas.<\/span><span class=\"com-text --credit --twoxs\">JOHN THYS  &#8211; AFP <\/span><\/figcaption><\/figure>\n<\/section>\n<\/div>\n<p class=\"com-paragraph   --s\">\u201c<strong>Nos interesa mantener abierto el estrecho de Ormuz <\/strong>y por eso estamos debatiendo qu\u00e9 podemos hacer al respecto desde el lado europeo\u201d, se\u00f1al\u00f3 Kallas antes de una reuni\u00f3n en Bruselas con los ministros de Relaciones Exteriores de la UE. Abordaron una posible modificaci\u00f3n de la misi\u00f3n naval del bloque en el mar Rojo -llamada Aspides- para proteger a barcos mercantes.<\/p>\n<p class=\"com-paragraph   --s\">Los l\u00edderes europeos <strong>se resisten en gran medida a las exigencias de Trump para reabrir el estrecho de Ormuz<\/strong>, pero, a la vez, intentan evitar da\u00f1ar su relaci\u00f3n con Estados Unidos, que se ha tensionado en los \u00faltimos meses. Trump pidi\u00f3 ayuda a varios gobiernos, entre ellos Francia, China, Jap\u00f3n, Corea del Sur y el Reino Unido.<\/p>\n<div class=\"content-media\">\n<section role=\"button\" class=\"mod-media   \">\n<figure role=\"button\" tabindex=\"0\" class=\"mod-figure \"><figcaption class=\"mod-figcaption\"><span class=\"com-text --caption --twoxs\">Petroleros y cargueros se alinean en el estrecho de Ormuz, vistos desde Khor Fakkan, Emiratos \u00c1rabes Unidos, el 11 de marzo de 2026. <\/span><span class=\"com-text --credit --twoxs\">Altaf Qadri &#8211; AP<\/span><\/figcaption><\/figure>\n<\/section>\n<\/div>\n<p class=\"com-paragraph   --s\">Tambi\u00e9n el gobierno alem\u00e1n, otra de las potencias europeas, mostr\u00f3 su resistencia a las exigencias de Trump. El vocero del canciller <strong>Friedrich Merz<\/strong>, <strong>Stefan Kornelius<\/strong>, afirm\u00f3 que la guerra Estados Unidos e Israel contra Ir\u00e1n <strong>\u201cno tiene nada que ver con la OTAN\u201d<\/strong>, a la que calific\u00f3 como \u201cuna alianza para la defensa del territorio\u201d de sus miembros.<\/p>\n<p class=\"com-paragraph   --s\">En este momento \u201cno existe el mandato para desplegar a la OTAN\u201d, dijo Korneluis. \u201c<strong>Estados Unidos no nos consult\u00f3 antes de esta guerra<\/strong>\u201c, a\u00f1adi\u00f3.<\/p>\n<p class=\"com-paragraph   --s\"><strong>\u201cEsta no es nuestra guerra; nosotros no la iniciamos\u201d<\/strong>, declar\u00f3 esta ma\u00f1ana el ministro de Defensa alem\u00e1n, Boris Pistorius. Advirti\u00f3 que su pa\u00eds busca soluciones diplom\u00e1ticas y que <strong>\u201cel env\u00edo de m\u00e1s buques de guerra a la regi\u00f3n probablemente no contribuir\u00e1 a lograrlo\u201d<\/strong>.<\/p>\n<p class=\"com-paragraph   --s\">Adem\u00e1s, en la reuni\u00f3n en Bruselas el ministro de Relaciones Exteriores alem\u00e1n, Johann Wadephul, dijo que ser\u00e1 importante que Estados Unidos e Israel definan <strong>\u201ccu\u00e1ndo consideran que se han alcanzado los objetivos militares de su despliegue\u201d<\/strong> en Medio Oriente.<\/p>\n<p class=\"com-paragraph   --s\">Tambi\u00e9n el ministro de Relaciones Exteriores de Italia, <strong>Antonio Tajani,<\/strong> rebaj\u00f3 las expectativas de que la Marina de su pa\u00eds se viera involucrada en la protecci\u00f3n de buques petroleros a trav\u00e9s del estrecho de Ormuz. Y el ministerio de Defensa japon\u00e9s afirm\u00f3 este lunes que <strong>\u201cno est\u00e1 considerando\u201d<\/strong> una operaci\u00f3n de seguridad mar\u00edtima pese al pedido de Trump.<\/p>\n<p class=\"com-paragraph   --s\">Al hablar con periodistas antes de un evento en el Sal\u00f3n Este de la <strong>Casa Blanca<\/strong>, el presidente se mostr\u00f3 frustrado por la <strong>falta de \u201centusiasmo\u201d de algunos pa\u00edses <\/strong>para participar en la vigilancia del estrecho de Ormuz. Tambi\u00e9n afirm\u00f3 que han demostrado una lealtad insuficiente hacia Estados Unidos tras haber recibido apoyo en materia de seguridad durante d\u00e9cadas.<\/p>\n<p class=\"com-paragraph   --s\">\u201cAlgunos se muestran muy entusiasmados al respecto, y otros no. <strong>Algunos son pa\u00edses a los que hemos ayudado durante much\u00edsimos a\u00f1os. <\/strong>Los hemos protegido de horribles amenazas externas, y, sin embargo, <strong>no se mostraron tan entusiasmados. Y el nivel de entusiasmo me importa<\/strong>\u201c, advirti\u00f3 el presidente norteamericano, que hizo una referencia al di\u00e1logo con Starmer.<\/p>\n<p class=\"com-paragraph   --s\">Seg\u00fan el magnate, el premier le dijo que deb\u00eda consultar con sus asesores antes de decidir si el Reino Unido apoyar\u00eda la operaci\u00f3n en Ormuz. <strong>\u201cSos el primer ministro, pod\u00e9s decidir por tu cuenta<\/strong>. \u00bfPor qu\u00e9 ten\u00e9s que reunirte con tu equipo?\u201d, aguijone\u00f3 el l\u00edder republicano.<\/p>\n<div class=\"content-media\">\n<section role=\"button\" class=\"mod-media   \">\n<figure role=\"button\" tabindex=\"0\" class=\"mod-figure \"><figcaption class=\"mod-figcaption\"><span class=\"com-text --caption --twoxs\">El presidente Donald Trump y la jefa de Gabinete, Susie Wiles, en Washington.<\/span><span class=\"com-text --credit --twoxs\">ANNABELLE GORDON  &#8211; AFP <\/span><\/figcaption><\/figure>\n<\/section>\n<\/div>\n<p class=\"com-paragraph   --s\">Aunque sin nombrar a ning\u00fan pa\u00eds en particular, Trump matiz\u00f3 \u201cnumerosos pa\u00edses\u201d le dijeron que<strong> \u201cya est\u00e1n en camino\u201d <\/strong>a la zona del estrecho de Ormuz. Luego, se\u00f1al\u00f3 que su administraci\u00f3n facilitar\u00eda una lista de los gobiernos que se sumen a Washington.<\/p>\n<p class=\"com-paragraph   --s\">\u201cYa saben, se tarda un poco en llegar hasta all\u00ed. Creo que vamos a recibir una buena ayuda. Y <strong>creo que tambi\u00e9n nos llevaremos una decepci\u00f3n con algunas naciones<\/strong>\u201d, agreg\u00f3. Trump record\u00f3 que hay soldados estadounidenses protegiendo a esos pa\u00edses, aunque no quiso detallar las naciones a las que se refer\u00eda.<\/p>\n<p class=\"com-paragraph   --s\">El domingo, el presidente estadounidense hab\u00eda advertido en una entrevista con el <em>Financial Times<\/em> que ser\u00eda <strong>\u201cmuy perjudicial para el futuro de la OTAN\u201d<\/strong> si las naciones europeas no se sumaran a Estados Unidos en su esfuerzo por reabrir el estrecho de Ormuz. <\/p>\n<p class=\"com-paragraph   --s\">Trump describi\u00f3 la posible misi\u00f3n naval en el estrecho de Ormuz como \u201calgo de muy poca importancia\u201d, a\u00fan cuando <strong>Ir\u00e1n contin\u00faa con sus ataques contra buques cisterna<\/strong>.<\/p>\n<p class=\"com-paragraph   --s\">En su presentaci\u00f3n en la Casa Blanca, el presidente norteamericano habl\u00f3 del l\u00edder supremo iran\u00ed,<strong> Mojtaba Khamenei<\/strong>, hijo de <strong>Ali Khamenei<\/strong>, a quien sucedi\u00f3 tras su muerte en el primer d\u00eda de la ofensiva de Estados Unidos e Israel contra el r\u00e9gimen.<\/p>\n<p class=\"com-paragraph   --s\"><strong>\u201cMucha gente est\u00e1 diciendo que est\u00e1 gravemente desfigurado. Dicen que perdi\u00f3 la pierna y hay quienes dicen que est\u00e1 muerto. No sabemos si est\u00e1 muerto\u201d<\/strong>, se\u00f1al\u00f3 el presidente, que dijo desconocer qui\u00e9n est\u00e1 a cargo del poder en Teher\u00e1n.<\/p>\n<p class=\"com-paragraph   --s\">En medio de la inquietud global por el rumbo del conflicto, el medio <em>Axios<\/em> inform\u00f3 que el enviado especial de Trump a Medio Oriente, <strong>Steve Witkoff<\/strong>, y el canciller iran\u00ed, <strong>Abbas Araghchi<\/strong>, reactivaron un canal de comunicaci\u00f3n directa entre ambos pa\u00edses en los \u00faltimos d\u00edas.<\/p>\n<section class=\"container-center-100 mb-40 border border-bottom border-thin border-neutral-light-700\">\n<hr\/>\n<\/section>\n<\/div>\n\n","protected":false},"excerpt":{"rendered":"<p>WASHINGTON.\u2013 El conflicto b\u00e9lico de Estados Unidos e Israel contra Ir\u00e1n \u201cno tiene nada que ver con la OTAN\u201d y el estrecho de Ormuz est\u00e1 \u201cfuera del \u00e1mbito de actuaci\u00f3n\u201d de la alianza atl\u00e1ntica; \u201cesta no es la guerra de Europa\u201d, y el Reino Unido \u201cno se dejar\u00e1 arrastrar a una guerra m\u00e1s amplia\u201d. El [&hellip;]<\/p>\n","protected":false},"author":2,"featured_media":229416,"comment_status":"closed","ping_status":"closed","sticky":false,"template":"","format":"standard","meta":{"footnotes":""},"categories":[1],"tags":[],"class_list":["post-229415","post","type-post","status-publish","format-standard","has-post-thumbnail","hentry","category-uncategorized"],"_links":{"self":[{"href":"https:\/\/radioacuariofm.com.ar\/index.php?rest_route=\/wp\/v2\/posts\/229415","targetHints":{"allow":["GET"]}}],"collection":[{"href":"https:\/\/radioacuariofm.com.ar\/index.php?rest_route=\/wp\/v2\/posts"}],"about":[{"href":"https:\/\/radioacuariofm.com.ar\/index.php?rest_route=\/wp\/v2\/types\/post"}],"author":[{"embeddable":true,"href":"https:\/\/radioacuariofm.com.ar\/index.php?rest_route=\/wp\/v2\/users\/2"}],"replies":[{"embeddable":true,"href":"https:\/\/radioacuariofm.com.ar\/index.php?rest_route=%2Fwp%2Fv2%2Fcomments&post=229415"}],"version-history":[{"count":1,"href":"https:\/\/radioacuariofm.com.ar\/index.php?rest_route=\/wp\/v2\/posts\/229415\/revisions"}],"predecessor-version":[{"id":229417,"href":"https:\/\/radioacuariofm.com.ar\/index.php?rest_route=\/wp\/v2\/posts\/229415\/revisions\/229417"}],"wp:featuredmedia":[{"embeddable":true,"href":"https:\/\/radioacuariofm.com.ar\/index.php?rest_route=\/wp\/v2\/media\/229416"}],"wp:attachment":[{"href":"https:\/\/radioacuariofm.com.ar\/index.php?rest_route=%2Fwp%2Fv2%2Fmedia&parent=229415"}],"wp:term":[{"taxonomy":"category","embeddable":true,"href":"https:\/\/radioacuariofm.com.ar\/index.php?rest_route=%2Fwp%2Fv2%2Fcategories&post=229415"},{"taxonomy":"post_tag","embeddable":true,"href":"https:\/\/radioacuariofm.com.ar\/index.php?rest_route=%2Fwp%2Fv2%2Ftags&post=229415"}],"curies":[{"name":"wp","href":"https:\/\/api.w.org\/{rel}","templated":true}]}}