{"id":229412,"date":"2026-03-16T23:25:07","date_gmt":"2026-03-17T02:25:07","guid":{"rendered":"https:\/\/radioacuariofm.com.ar\/?p=229412"},"modified":"2026-03-16T23:25:08","modified_gmt":"2026-03-17T02:25:08","slug":"felipe-vi-reconocio-que-hubo-abusos-durante-la-conquista-de-america","status":"publish","type":"post","link":"https:\/\/radioacuariofm.com.ar\/?p=229412","title":{"rendered":"Felipe VI reconoci\u00f3 que hubo abusos durante la Conquista de Am\u00e9rica"},"content":{"rendered":"<p> <br \/>\n<\/p>\n<div>\n<p class=\"com-paragraph  --capital --s\">En una visita al Museo Arqueol\u00f3gico Nacional de Madrid, <strong>el rey Felipe VI de Espa\u00f1a<\/strong> reconoci\u00f3 la existencia de abusos coloniales durante la Conquista de Am\u00e9rica. Si bien admiti\u00f3 que hubo situaciones que no pueden generar orgullo, pidi\u00f3 evitar el \u201cpresentismo moral\u201d al analizar el pasado.<\/p>\n<p class=\"com-paragraph   --s\">Ante la exposici\u00f3n \u201c<em>La mitad del mundo. La mujer en el M\u00e9xico ind\u00edgena\u201d<\/em>, el monarca se\u00f1al\u00f3 que, aunque las<strong> Leyes de Indias<\/strong> buscaban proteger a las poblaciones originarias, la realidad hist\u00f3rica deriv\u00f3 en pr\u00e1cticas que, bajo los valores actuales, resultan condenables.<\/p>\n<p class=\"com-paragraph   --s\">\u201cLos reyes cat\u00f3licos, la reina Isabel con sus directrices, las leyes de Indias tuvieron un af\u00e1n de protecci\u00f3n hacia los ind\u00edgenas, pero luego la realidad hace que no se cumpla como se pretende <strong>y hay mucho abuso<\/strong>\u201d, afirm\u00f3 Felipe VI, seg\u00fan se observa en el video difundido por la Casa Real en <em>X<\/em>.<\/p>\n<p class=\"com-paragraph   --s\">Sin embargo, el rey sostuvo que es necesario contar con perspectiva hist\u00f3rica.<\/p>\n<p class=\"com-paragraph   --s\">\u201cHay cosas que luego, cuando las estudiamos, las conocemos, dices: \u2018Bueno, en nuestro criterio de hoy en d\u00eda, con nuestros valores, pues <strong>obviamente no pueden hacernos sentirnos orgullosos\u2019<\/strong>\u201d, indic\u00f3.<\/p>\n<p class=\"com-paragraph   --s\">Y agreg\u00f3: \u201c<strong>Pero hay que conocerlas y en su justo contexto<\/strong>, no con excesivo presentismo moral, sino con un an\u00e1lisis objetivo y riguroso para sacar lecciones\u201d, apunt\u00f3 el rey.<\/p>\n<p class=\"com-paragraph   --s\">Sus palabras representan el primer reconocimiento directo de las \u201ccontroversias morales\u201d del ejercicio del poder colonial.<strong> La corona espa\u00f1ola nunca pidi\u00f3 disculpas a sus antiguas colonias<\/strong>. <\/p>\n<p class=\"com-paragraph   --s\">Asimismo, sus declaraciones surgen en un contexto de sostenida fricci\u00f3n con el gobierno mexicano, iniciada en 2019 cuando el entonces presidente <strong>Andr\u00e9s Manuel L\u00f3pez Obrador<\/strong> exigi\u00f3 una disculpa formal por parte de Madrid.<\/p>\n<p class=\"com-paragraph   --s\">El gesto del rey espa\u00f1ol se suma a los <strong>intentos del gobierno de Pedro S\u00e1nchez<\/strong> <strong>por normalizar el v\u00ednculo bilateral<\/strong>, afectado tras la exclusi\u00f3n del monarca de la asunci\u00f3n de Claudia Sheinbaum.<\/p>\n<p class=\"com-paragraph   --s\">En octubre pasado, el ministro de Asuntos Exteriores espa\u00f1ol,<strong> Jos\u00e9 Manuel Albares<\/strong>, record\u00f3 el \u201cdolor e injusticia\u201d causado a \u201clos pueblos originarios\u201d en Am\u00e9rica en la inauguraci\u00f3n de la exposici\u00f3n que este lunes visit\u00f3 el rey.<\/p>\n<div class=\"content-media\">\n<section role=\"button\" class=\"mod-media   \">\n<figure role=\"button\" tabindex=\"0\" class=\"mod-figure \"><figcaption class=\"mod-figcaption\"><span class=\"com-text --caption --twoxs\">Las tenas diplom\u00e1ticas entre Espa\u00f1a y M\u00e9xico se mantienen desde 2019 cuando el entonces presidente Andr\u00e9s Manuel L\u00f3pez Obrador exigi\u00f3 una disculpa formal por parte de Madrid<\/span><span class=\"com-text --credit --twoxs\">JUAN MEDINA  &#8211; AFP <\/span><\/figcaption><\/figure>\n<\/section>\n<\/div>\n<p class=\"com-paragraph   --s\">\u201cHubo injusticia, justo es reconocerlo hoy, y justo es lamentarlo. Porque esa es tambi\u00e9n parte de nuestra historia compartida y no podemos ni negarla ni olvidarla\u201d, sostuvo Albares.<\/p>\n<p class=\"com-paragraph   --s\">Sheinbaum consider\u00f3 esas palabras como el <strong>\u201cprimer paso\u201d del Gobierno espa\u00f1ol para reconocer los abusos cometidos<\/strong>. Pocos d\u00edas despu\u00e9s S\u00e1nchez asegur\u00f3 que normalizar las relaciones con M\u00e9xico era una<strong> \u201cprioridad\u201d<\/strong> tras a\u00f1os de tensiones.<\/p>\n<p class=\"com-paragraph   --s\">En 1519, la regi\u00f3n de Mesoam\u00e9rica contaba con una poblaci\u00f3n de entre 15 y 30 millones de habitantes. La llegada del conquistador Hern\u00e1n Cort\u00e9s, acompa\u00f1ado por una fuerza de cientos de hombres y un arsenal de armas de fuego y caballos, introdujo tambi\u00e9n la viruela, un factor determinante en la posterior cat\u00e1strofe demogr\u00e1fica.<\/p>\n<p class=\"com-paragraph   --s\">Un siglo despu\u00e9s, tras una sucesi\u00f3n de batallas y masacres agravadas por las pestes, el n\u00famero de pobladores originarios cay\u00f3 a niveles cr\u00edticos: apenas entre uno y dos millones de personas sobreviv\u00edan en sus territorios.<\/p>\n<p class=\"com-paragraph   --s\"><em><strong>Con informaci\u00f3n de AFP<\/strong><\/em><\/p>\n<section class=\"container-center-100 mb-40 border border-bottom border-thin border-neutral-light-700\">\n<hr\/>\n<\/section>\n<\/div>\n\n","protected":false},"excerpt":{"rendered":"<p>En una visita al Museo Arqueol\u00f3gico Nacional de Madrid, el rey Felipe VI de Espa\u00f1a reconoci\u00f3 la existencia de abusos coloniales durante la Conquista de Am\u00e9rica. Si bien admiti\u00f3 que hubo situaciones que no pueden generar orgullo, pidi\u00f3 evitar el \u201cpresentismo moral\u201d al analizar el pasado. Ante la exposici\u00f3n \u201cLa mitad del mundo. La mujer [&hellip;]<\/p>\n","protected":false},"author":2,"featured_media":229413,"comment_status":"closed","ping_status":"closed","sticky":false,"template":"","format":"standard","meta":{"footnotes":""},"categories":[1],"tags":[],"class_list":["post-229412","post","type-post","status-publish","format-standard","has-post-thumbnail","hentry","category-uncategorized"],"_links":{"self":[{"href":"https:\/\/radioacuariofm.com.ar\/index.php?rest_route=\/wp\/v2\/posts\/229412","targetHints":{"allow":["GET"]}}],"collection":[{"href":"https:\/\/radioacuariofm.com.ar\/index.php?rest_route=\/wp\/v2\/posts"}],"about":[{"href":"https:\/\/radioacuariofm.com.ar\/index.php?rest_route=\/wp\/v2\/types\/post"}],"author":[{"embeddable":true,"href":"https:\/\/radioacuariofm.com.ar\/index.php?rest_route=\/wp\/v2\/users\/2"}],"replies":[{"embeddable":true,"href":"https:\/\/radioacuariofm.com.ar\/index.php?rest_route=%2Fwp%2Fv2%2Fcomments&post=229412"}],"version-history":[{"count":1,"href":"https:\/\/radioacuariofm.com.ar\/index.php?rest_route=\/wp\/v2\/posts\/229412\/revisions"}],"predecessor-version":[{"id":229414,"href":"https:\/\/radioacuariofm.com.ar\/index.php?rest_route=\/wp\/v2\/posts\/229412\/revisions\/229414"}],"wp:featuredmedia":[{"embeddable":true,"href":"https:\/\/radioacuariofm.com.ar\/index.php?rest_route=\/wp\/v2\/media\/229413"}],"wp:attachment":[{"href":"https:\/\/radioacuariofm.com.ar\/index.php?rest_route=%2Fwp%2Fv2%2Fmedia&parent=229412"}],"wp:term":[{"taxonomy":"category","embeddable":true,"href":"https:\/\/radioacuariofm.com.ar\/index.php?rest_route=%2Fwp%2Fv2%2Fcategories&post=229412"},{"taxonomy":"post_tag","embeddable":true,"href":"https:\/\/radioacuariofm.com.ar\/index.php?rest_route=%2Fwp%2Fv2%2Ftags&post=229412"}],"curies":[{"name":"wp","href":"https:\/\/api.w.org\/{rel}","templated":true}]}}