{"id":229407,"date":"2026-03-16T21:22:41","date_gmt":"2026-03-17T00:22:41","guid":{"rendered":"https:\/\/radioacuariofm.com.ar\/?p=229407"},"modified":"2026-03-16T21:22:42","modified_gmt":"2026-03-17T00:22:42","slug":"el-gobierno-de-trump-habria-dicho-a-cuba-que-su-presidente-tiene-que-irse","status":"publish","type":"post","link":"https:\/\/radioacuariofm.com.ar\/?p=229407","title":{"rendered":"El gobierno de Trump habr\u00eda dicho a Cuba que su presidente tiene que irse"},"content":{"rendered":"<p> <br \/>\n<\/p>\n<div>\n<p class=\"com-paragraph  --capital --s\">NUEVA YORK.\u2013 Mientras funcionarios de Estados Unidos y<a href=\"https:\/\/www.lanacion.com.ar\/el-mundo\/esto-es-lo-que-se-siente-cuando-una-dictadura-estrangula-al-pais-donde-naciste-nid26022026\/\" target=\"_self\" title=\"https:\/\/www.lanacion.com.ar\/el-mundo\/esto-es-lo-que-se-siente-cuando-una-dictadura-estrangula-al-pais-donde-naciste-nid26022026\/\" class=\"com-link break-word\" data-mrf-recirculation=\"n_link_parrafo\"> Cuba <\/a>negocian sobre el futuro de la isla caribe\u00f1a gobernada por el comunismo y asediada econ\u00f3micamente, el gobierno de Donald Trump busca empujar al presidente <strong>Miguel D\u00edaz-Canel<\/strong> fuera del poder, seg\u00fan cuatro personas familiarizadas con las conversaciones.<\/p>\n<div class=\"content-media\">\n<section role=\"button\" class=\"mod-media   \">\n<figure role=\"button\" tabindex=\"0\" class=\"mod-figure \"><figcaption class=\"mod-figcaption\"><span class=\"com-text --caption --twoxs\"> Miguel Diaz-Canel<\/span><span class=\"com-text --credit --twoxs\">Eraldo Peres &#8211; AP<\/span><\/figcaption><\/figure>\n<\/section>\n<\/div>\n<p class=\"com-paragraph   --s\">La medida derribar\u00eda a una figura clave del liderazgo, pero dejar\u00eda intacto al gobierno comunista represivo que ha gobernado Cuba durante m\u00e1s de 65 a\u00f1os. Los estadounidenses han se\u00f1alado a los negociadores cubanos que el presidente debe irse, pero est\u00e1n dejando los pr\u00f3ximos pasos en manos de los propios cubanos, dijeron esas personas.<\/p>\n<p class=\"com-paragraph   --s\">Hasta ahora, Estados Unidos no est\u00e1 presionando para que se tomen medidas contra miembros de la <strong>familia Castro<\/strong>, que siguen siendo los principales intermediarios del poder en el pa\u00eds, dijeron dos de las fuentes. Esto coincide con el deseo general de Trump y sus asesores de forzar el cumplimiento del r\u00e9gimen, m\u00e1s que promover un cambio de r\u00e9gimen completo, en su pol\u00edtica exterior.<\/p>\n<p class=\"com-paragraph   --s\">Seg\u00fan la visi\u00f3n de algunos funcionarios del gobierno de Trump, remover al jefe de Estado cubano permitir\u00eda realizar <strong>cambios estructurales en la econom\u00eda del pa\u00eds<\/strong> que D\u00edaz-Canel \u2014a quien consideran un dirigente de l\u00ednea dura\u2014 probablemente no apoyar\u00eda, dijo una de las personas.<\/p>\n<p class=\"com-paragraph   --s\">Si los cubanos aceptan, ser\u00eda la <strong>primera gran sacudida pol\u00edtica surgida de las conversaciones<\/strong> entre ambos pa\u00edses desde que comenzaron hace unos meses.<\/p>\n<div class=\"content-media\">\n<section role=\"button\" class=\"mod-media   \">\n<figure role=\"button\" tabindex=\"0\" class=\"mod-figure \"><figcaption class=\"mod-figcaption\"><span class=\"com-text --caption --twoxs\">De izquierda a derecha, Fidel Castro, Ernesto \u00abChe\u00bb Guevara y Anastas Mikoyan en la visita que aceler\u00f3 el desencuentro entre Washington y La Habana.<\/span><\/figcaption><\/figure>\n<\/section>\n<\/div>\n<p class=\"com-paragraph   --s\">La destituci\u00f3n del principal funcionario del liderazgo cubano le dar\u00eda al presidente Trump una <strong>victoria simb\u00f3lica<\/strong>, que le permitir\u00eda decir al p\u00fablico estadounidense que logr\u00f3 derribar al l\u00edder de un gobierno izquierdista hist\u00f3ricamente opuesto a Estados Unidos, como ocurri\u00f3 en Venezuela, dijo una de las personas.<\/p>\n<p class=\"com-paragraph   --s\">La medida, aunque busca mostrar a la comunidad cubana en el exilio y a otros estadounidenses que el gobierno de Trump pretende impulsar cambios pol\u00edticos adem\u00e1s de econ\u00f3micos, probablemente decepcionar\u00eda a muchos exiliados cubanos conservadores en Estados Unidos, que quieren ver <strong>una transformaci\u00f3n pol\u00edtica completa en Cuba<\/strong>. Legisladores cubano-estadounidenses en el Congreso y pol\u00edticos de Florida tambi\u00e9n podr\u00edan exigir m\u00e1s acciones a Trump.<\/p>\n<div class=\"content-media\">\n<section role=\"button\" class=\"mod-media   \">\n<figure role=\"button\" tabindex=\"0\" class=\"mod-figure \"><figcaption class=\"mod-figcaption\"><span class=\"com-text --caption --twoxs\">Un turista toma fotos de la Embajada de Estados Unidos, con las banderas de Estados Unidos y Cuba al fondo<\/span><span class=\"com-text --credit --twoxs\">ADALBERTO ROQUE &#8211; AFP<\/span><\/figcaption><\/figure>\n<\/section>\n<\/div>\n<p class=\"com-paragraph   --s\">Los negociadores estadounidenses tambi\u00e9n quieren que Cuba acceda a <strong>remover del poder a algunos funcionarios mayores<\/strong> que a\u00fan se mantienen fieles a las ideas de <strong>Fidel Castro<\/strong>, el padre de la revoluci\u00f3n comunista, dijo una de las fuentes. Adem\u00e1s, Washington presiona por la <strong>liberaci\u00f3n de presos pol\u00edticos<\/strong>, un objetivo hist\u00f3rico de la pol\u00edtica estadounidense.<\/p>\n<p class=\"com-paragraph   --s\">Desde la perspectiva de los funcionarios estadounidenses, las conversaciones se centran en lograr que Cuba <strong>abra gradualmente su econom\u00eda a empresarios y compa\u00f1\u00edas estadounidenses<\/strong>, sentando las bases para lo que ser\u00eda un estado cliente, mientras se consiguen algunas victorias pol\u00edticas simb\u00f3licas que Trump pueda anunciar.<\/p>\n<div class=\"content-media\">\n<section role=\"button\" class=\"mod-media   \">\n<figure role=\"button\" tabindex=\"0\" class=\"mod-figure \"><figcaption class=\"mod-figcaption\"><span class=\"com-text --caption --twoxs\">Un soldado monta en bicicleta en La Habana, Cuba<\/span><span class=\"com-text --credit --twoxs\">Ramon Espinosa &#8211; AP<\/span><\/figcaption><\/figure>\n<\/section>\n<\/div>\n<p class=\"com-paragraph   --s\">Las cuatro personas hablaron bajo condici\u00f3n de anonimato para discutir asuntos diplom\u00e1ticos sensibles.<\/p>\n<p class=\"com-paragraph   --s\">El gobierno cubano declin\u00f3 hacer comentarios.<\/p>\n<p class=\"com-paragraph   --s\">D\u00edaz-Canel, de <strong>65 a\u00f1os<\/strong>, es presidente de Cuba desde 2018 y tambi\u00e9n ocupa la presidencia del Partido Comunista. Le quedan dos a\u00f1os de mandato.<\/p>\n<p class=\"com-paragraph   --s\">Fue la <strong>primera persona cuyo apellido no es Castro<\/strong> en gobernar Cuba desde la victoria de la revoluci\u00f3n en 1959.<\/p>\n<p class=\"com-paragraph   --s\">Ex vicepresidente y dirigente regional del partido, es considerado ampliamente <strong>una figura decorativa sin verdadero control pol\u00edtico ni econ\u00f3mico<\/strong> en Cuba. Fue el sucesor elegido por el ex presidente cubano <strong>Ra\u00fal Castro<\/strong>, hermano de Fidel, que ahora tiene 94 a\u00f1os y a\u00fan conserva una influencia considerable.<\/p>\n<div class=\"content-media\">\n<section role=\"button\" class=\"mod-media   \">\n<figure role=\"button\" tabindex=\"0\" class=\"mod-figure \"><figcaption class=\"mod-figcaption\"><span class=\"com-text --caption --twoxs\">Meses despu\u00e9s de la llegada de Fidel Castro al poder comenzaron las hostilidades entre Washington y La Habana.<\/span><\/figcaption><\/figure>\n<\/section>\n<\/div>\n<p class=\"com-paragraph   --s\">Durante la presidencia de D\u00edaz-Canel, Cuba vivi\u00f3 <strong>protestas nacionales masivas en julio de 2021<\/strong>, las m\u00e1s grandes en d\u00e9cadas. \u00c9l respondi\u00f3 llamando a sus seguidores a \u201ccombatir\u201d e imponiendo una dura represi\u00f3n que incluy\u00f3 arrestos masivos, procesos judiciales y condenas a prisi\u00f3n.<\/p>\n<p class=\"com-paragraph   --s\">El conglomerado empresarial controlado por los militares <strong>Gaesa<\/strong> administra sectores clave como el turismo y el comercio minorista, y se cree que tiene <strong>m\u00e1s peso en los asuntos del pa\u00eds que el propio presidente<\/strong>.<\/p>\n<p class=\"com-paragraph   --s\">Pero el liderazgo formal de D\u00edaz-Canel en Cuba, durante un per\u00edodo en el que <strong>millones de ciudadanos huyeron del pa\u00eds<\/strong> mientras el deterioro econ\u00f3mico provocaba una crisis humanitaria, lo convirti\u00f3 en un blanco evidente para cargar con la responsabilidad, dicen los expertos.<\/p>\n<div class=\"content-media\">\n<section role=\"button\" class=\"mod-media   \">\n<figure role=\"button\" tabindex=\"0\" class=\"mod-figure \"><figcaption class=\"mod-figcaption\"><span class=\"com-text --caption --twoxs\">Un poster con la figura de Fidel Castro  pretende mantener la m\u00edstica revolucionaria en La Habana<\/span><span class=\"com-text --credit --twoxs\">YAMIL LAGE  &#8211; AFP <\/span><\/figcaption><\/figure>\n<\/section>\n<\/div>\n<p class=\"com-paragraph   --s\">El mensaje del gobierno de Trump de que D\u00edaz-Canel debe irse <strong>no fue planteado como un ultim\u00e1tum<\/strong>, sino como un paso positivo que abrir\u00eda el camino a acuerdos productivos, dijo una de las fuentes.<\/p>\n<p class=\"com-paragraph   --s\">Los cubanos involucrados en las conversaciones con Estados Unidos coincidieron en que su presidencia ha sido problem\u00e1tica, pero a\u00fan deben encontrar una manera de realizar el cambio <strong>sin dar la impresi\u00f3n de que Washington est\u00e1 dictando lo que debe hacer La Habana<\/strong>, agreg\u00f3 la fuente.<\/p>\n<p class=\"com-paragraph   --s\">Estados Unidos ha se\u00f1alado que <strong>no puede haber acuerdo con \u00e9l al mando<\/strong>, dijo esa persona.<\/p>\n<p class=\"com-paragraph   --s\">Como parte de su estrategia para presionar al gobierno cubano, el gobierno de Trump <strong>bloque\u00f3 las importaciones extranjeras de petr\u00f3leo<\/strong> hacia la isla.<\/p>\n<div class=\"content-media\">\n<section role=\"button\" class=\"mod-media   \">\n<figure role=\"button\" tabindex=\"0\" class=\"mod-figure \"><figcaption class=\"mod-figcaption\"><span class=\"com-text --caption --twoxs\">Un joven en rehabilitaci\u00f3n se encuentra junto a su cama en un hospital psiqui\u00e1trico de La Habana, Cuba<\/span><span class=\"com-text --credit --twoxs\">Ramon Espinosa &#8211; AP<\/span><\/figcaption><\/figure>\n<\/section>\n<\/div>\n<p class=\"com-paragraph   --s\"><strong>Ra\u00fal Guillermo Rodr\u00edguez Castro<\/strong>, nieto de Ra\u00fal Castro, ha sido uno de los principales negociadores con Estados Unidos, dialogando directamente con el secretario de Estado <strong>Marco Rubio<\/strong>, hijo de inmigrantes cubanos, y probablemente continuar\u00eda guiando al gobierno tras la salida de D\u00edaz-Canel, dijo esa persona.<\/p>\n<p class=\"com-paragraph   --s\">Rodr\u00edguez Castro, conocido como <strong>\u201cRaulito\u201d<\/strong>, ejercer\u00eda el poder tras bambalinas, mientras otra figura que no lleve el apellido Castro ocupar\u00eda oficialmente el cargo, a\u00f1adi\u00f3.<\/p>\n<p class=\"com-paragraph   --s\">En una conferencia de prensa de <strong>90 minutos el viernes<\/strong>, D\u00edaz-Canel reconoci\u00f3 por primera vez que contin\u00faan las conversaciones con el gobierno estadounidense y culp\u00f3 de los problemas econ\u00f3micos del pa\u00eds y de los apagones prolongados al <strong>embargo comercial de Washington<\/strong>, y en particular al bloqueo petrolero impuesto por Trump.<\/p>\n<div class=\"content-media\">\n<section role=\"button\" class=\"mod-media   \">\n<figure role=\"button\" tabindex=\"0\" class=\"mod-figure \"><figcaption class=\"mod-figcaption\"><span class=\"com-text --caption --twoxs\">Un transbordador cruza la bah\u00eda de La Habana frente a la refiner\u00eda de petr\u00f3leo Nico L\u00f3pez, donde est\u00e1 anclado un petrolero cubano<\/span><span class=\"com-text --credit --twoxs\">Ramon Espinosa &#8211; AP<\/span><\/figcaption><\/figure>\n<\/section>\n<\/div>\n<p class=\"com-paragraph   --s\">Cuba <strong>no ha recibido importaciones de petr\u00f3leo en tres meses<\/strong>, dijo el presidente.<\/p>\n<p class=\"com-paragraph   --s\">\u201cEl gobierno no tiene la culpa, la revoluci\u00f3n no tiene la culpa, nuestro sistema electroenerg\u00e9tico nacional no tiene la culpa\u201d, afirm\u00f3. \u201cLa culpa est\u00e1 en el bloqueo energ\u00e9tico que se nos ha impuesto.\u201d<\/p>\n<p class=\"com-paragraph   --s\">El lunes, la red el\u00e9ctrica colaps\u00f3 y <strong>todo el pa\u00eds qued\u00f3 a oscuras<\/strong>.<\/p>\n<p class=\"com-paragraph   --s\">El Departamento de Estado estadounidense declin\u00f3 comentar, remiti\u00e9ndose a declaraciones recientes de Trump sobre Cuba.<\/p>\n<div class=\"content-media\">\n<section role=\"button\" class=\"mod-media   \">\n<figure role=\"button\" tabindex=\"0\" class=\"mod-figure \"><figcaption class=\"mod-figcaption\"><span class=\"com-text --caption --twoxs\">Estudiantes se re\u00fanen frente a la Universidad de La Habana durante una protesta por la crisis energ\u00e9tica que ha interrumpido las clases<\/span><span class=\"com-text --credit --twoxs\">Ramon Espinosa &#8211; AP<\/span><\/figcaption><\/figure>\n<\/section>\n<\/div>\n<p class=\"com-paragraph   --s\">\u201cCreo que tendr\u00e9 el honor de quedarme con Cuba\u201d, dijo Trump el lunes.<\/p>\n<p class=\"com-paragraph   --s\">Cuando se le pregunt\u00f3 si eso implicar\u00eda una acci\u00f3n diplom\u00e1tica o militar, se neg\u00f3 a precisarlo y dijo \u00fanicamente: \u201cCreo que puedo hacer lo que quiera con ella\u201d.<\/p>\n<p class=\"com-paragraph   --s\">El gobierno de Trump busca hacer en Cuba lo que hizo en <strong>Venezuela \u2014remover a su presidente\u2014 pero esta vez sin usar la fuerza militar<\/strong>. Un ataque militar se considera improbable, dijeron dos de las fuentes.<\/p>\n<div class=\"content-media\">\n<section role=\"button\" class=\"mod-media   \">\n<figure role=\"button\" tabindex=\"0\" class=\"mod-figure \"><figcaption class=\"mod-figcaption\"><span class=\"com-text --caption --twoxs\">Un barco con ayuda humanitaria procedente de M\u00e9xico entra al puerto, en La Habana, capital de Cuba, el 28 de febrero de 2026<\/span><span class=\"com-text --credit --twoxs\">[e]JOAQUIN HERNANDEZ  &#8211; XinHua <\/span><\/figcaption><\/figure>\n<\/section>\n<\/div>\n<p class=\"com-paragraph   --s\">Cuando Estados Unidos llev\u00f3 a cabo <strong>ataques a\u00e9reos en Caracas el 3 de enero<\/strong>, soldados estadounidenses entraron en la capital y capturaron al l\u00edder del pa\u00eds, <strong>Nicol\u00e1s Maduro<\/strong>, quien ahora enfrenta cargos por narcotr\u00e1fico en Nueva York. La operaci\u00f3n permiti\u00f3 a Washington tomar el control de la industria petrolera venezolana y detener todos los env\u00edos de petr\u00f3leo del pa\u00eds hacia Cuba.<\/p>\n<p class=\"com-paragraph   --s\">M\u00e9xico tambi\u00e9n hab\u00eda estado enviando petr\u00f3leo a Cuba con fines humanitarios, pero <strong>suspendi\u00f3 esos env\u00edos<\/strong> bajo presi\u00f3n del gobierno de Trump.<\/p>\n<p class=\"com-paragraph   --s\">El gobierno estadounidense tambi\u00e9n sugiri\u00f3 que Cuba <strong>privatice su sector petrolero<\/strong>, pero las autoridades cubanas son reacias porque eso probablemente le dar\u00eda a Washington una gran influencia sobre los asuntos del pa\u00eds, dijo una de las fuentes.<\/p>\n<p class=\"com-paragraph   --s\">Deshacerse de D\u00edaz-Canel ser\u00eda <strong>m\u00e1s simb\u00f3lico que sustancial<\/strong>, pero ofrece una oportunidad perfecta para que Washington y La Habana \u201creinicien\u201d su relaci\u00f3n, dijo <strong>Ricardo Z\u00fa\u00f1iga<\/strong>, ex funcionario del Consejo de Seguridad Nacional durante el gobierno de Barack Obama que particip\u00f3 en negociaciones secretas con Cuba que llevaron a la apertura diplom\u00e1tica y econ\u00f3mica.<\/p>\n<div class=\"content-media\">\n<section role=\"button\" class=\"mod-media   \">\n<figure role=\"button\" tabindex=\"0\" class=\"mod-figure \"><figcaption class=\"mod-figcaption\"><span class=\"com-text --caption --twoxs\">Un barco con ayuda humanitaria procedente de M\u00e9xico entra al puerto, en La Habana, capital de Cuba, el 28 de febrero de 2026<\/span><span class=\"com-text --credit --twoxs\">[e]JOAQUIN HERNANDEZ  &#8211; XinHua <\/span><\/figcaption><\/figure>\n<\/section>\n<\/div>\n<p class=\"com-paragraph   --s\">\u201cTiene perfecto sentido para m\u00ed; eso es lo que yo habr\u00eda hecho\u201d, dijo Z\u00fa\u00f1iga. \u201cEl capit\u00e1n se hunde con el barco, y este barco se est\u00e1 hundiendo.\u201d<\/p>\n<p class=\"com-paragraph   --s\">D\u00edaz-Canel nunca fue alguien dispuesto a impulsar pol\u00edticas transformadoras, a\u00f1adi\u00f3 Z\u00fa\u00f1iga, y fue colocado en el cargo precisamente porque <strong>no introducir\u00eda cambios dr\u00e1sticos<\/strong>, lo que ahora lo convierte en una figura f\u00e1cil de sacrificar en el actual enfrentamiento con Estados Unidos.<\/p>\n<p class=\"com-paragraph   --s\">Algunos expertos dijeron que destituirlo <strong>no ser\u00eda suficiente<\/strong>.<\/p>\n<p class=\"com-paragraph   --s\">\u201cS\u00ed, tienen que deshacerse de \u00e9l \u2014junto con todo el bur\u00f3 pol\u00edtico del Partido Comunista y Gaesa\u2014\u201d, dijo <strong>Marlene Azor Hern\u00e1ndez<\/strong>, ex soci\u00f3loga de la Universidad de La Habana actualmente exiliada en M\u00e9xico.<\/p>\n<p class=\"com-paragraph   --s\">\u201cCreo que ha hecho un mal trabajo, pero es una figura completamente manipulada.\u201d<\/p>\n<p class=\"com-paragraph   --s\">No est\u00e1 claro qui\u00e9n ocupar\u00eda el lugar de D\u00edaz-Canel, pero el gobierno cubano parece estar <strong>probando distintos candidatos<\/strong>, dando mayor visibilidad p\u00fablica a funcionarios que normalmente trabajan detr\u00e1s de escena.<\/p>\n<p class=\"com-paragraph   --s\"><strong>Oscar P\u00e9rez-Oliva Fraga<\/strong>, sobrino nieto de Fidel y Ra\u00fal Castro, designado viceprimer ministro a fines del a\u00f1o pasado, dio el lunes una <strong>rara entrevista a una cadena de noticias estadounidense<\/strong> en la que habl\u00f3 de abrir el pa\u00eds a la inversi\u00f3n extranjera.<\/p>\n<section class=\"container-center-100 mb-40 border border-bottom border-thin border-neutral-light-700\">\n<hr\/>\n<\/section>\n<\/div>\n\n","protected":false},"excerpt":{"rendered":"<p>NUEVA YORK.\u2013 Mientras funcionarios de Estados Unidos y Cuba negocian sobre el futuro de la isla caribe\u00f1a gobernada por el comunismo y asediada econ\u00f3micamente, el gobierno de Donald Trump busca empujar al presidente Miguel D\u00edaz-Canel fuera del poder, seg\u00fan cuatro personas familiarizadas con las conversaciones. Miguel Diaz-CanelEraldo Peres &#8211; AP La medida derribar\u00eda a una [&hellip;]<\/p>\n","protected":false},"author":2,"featured_media":229408,"comment_status":"closed","ping_status":"closed","sticky":false,"template":"","format":"standard","meta":{"footnotes":""},"categories":[1],"tags":[],"class_list":["post-229407","post","type-post","status-publish","format-standard","has-post-thumbnail","hentry","category-uncategorized"],"_links":{"self":[{"href":"https:\/\/radioacuariofm.com.ar\/index.php?rest_route=\/wp\/v2\/posts\/229407","targetHints":{"allow":["GET"]}}],"collection":[{"href":"https:\/\/radioacuariofm.com.ar\/index.php?rest_route=\/wp\/v2\/posts"}],"about":[{"href":"https:\/\/radioacuariofm.com.ar\/index.php?rest_route=\/wp\/v2\/types\/post"}],"author":[{"embeddable":true,"href":"https:\/\/radioacuariofm.com.ar\/index.php?rest_route=\/wp\/v2\/users\/2"}],"replies":[{"embeddable":true,"href":"https:\/\/radioacuariofm.com.ar\/index.php?rest_route=%2Fwp%2Fv2%2Fcomments&post=229407"}],"version-history":[{"count":1,"href":"https:\/\/radioacuariofm.com.ar\/index.php?rest_route=\/wp\/v2\/posts\/229407\/revisions"}],"predecessor-version":[{"id":229409,"href":"https:\/\/radioacuariofm.com.ar\/index.php?rest_route=\/wp\/v2\/posts\/229407\/revisions\/229409"}],"wp:featuredmedia":[{"embeddable":true,"href":"https:\/\/radioacuariofm.com.ar\/index.php?rest_route=\/wp\/v2\/media\/229408"}],"wp:attachment":[{"href":"https:\/\/radioacuariofm.com.ar\/index.php?rest_route=%2Fwp%2Fv2%2Fmedia&parent=229407"}],"wp:term":[{"taxonomy":"category","embeddable":true,"href":"https:\/\/radioacuariofm.com.ar\/index.php?rest_route=%2Fwp%2Fv2%2Fcategories&post=229407"},{"taxonomy":"post_tag","embeddable":true,"href":"https:\/\/radioacuariofm.com.ar\/index.php?rest_route=%2Fwp%2Fv2%2Ftags&post=229407"}],"curies":[{"name":"wp","href":"https:\/\/api.w.org\/{rel}","templated":true}]}}