{"id":229401,"date":"2026-03-16T20:20:53","date_gmt":"2026-03-16T23:20:53","guid":{"rendered":"https:\/\/radioacuariofm.com.ar\/?p=229401"},"modified":"2026-03-16T20:20:54","modified_gmt":"2026-03-16T23:20:54","slug":"mientras-israel-intensifica-su-operacion-terrestre-en-el-sur-del-libano-una-ciudad-estrategica-resiste-la-ofensiva","status":"publish","type":"post","link":"https:\/\/radioacuariofm.com.ar\/?p=229401","title":{"rendered":"Mientras Israel intensifica su operaci\u00f3n terrestre en el sur del L\u00edbano, una ciudad estrat\u00e9gica resiste la ofensiva"},"content":{"rendered":"<p> <br \/>\n<\/p>\n<div>\n<p class=\"com-paragraph  --capital --s\">KHIAM, El L\u00edbano.\u2013 A medida que Israel ampl\u00eda su ofensiva terrestre en el sur del <a href=\"https:\/\/www.lanacion.com.ar\/el-mundo\/en-medio-del-caos-del-libano-cuatro-argentinos-ayudan-a-los-refugiados-que-nadie-recibe-nid14032026\/\" target=\"_self\" title=\"https:\/\/www.lanacion.com.ar\/el-mundo\/en-medio-del-caos-del-libano-cuatro-argentinos-ayudan-a-los-refugiados-que-nadie-recibe-nid14032026\/\" class=\"com-link break-word\" data-mrf-recirculation=\"n_link_parrafo\">L\u00edbano,<\/a><strong> la ciudad de Khiam<\/strong> se ha convertido en un punto clave de la creciente presi\u00f3n militar.<\/p>\n<p class=\"com-paragraph   --s\">La ciudad est\u00e1 situada en una posici\u00f3n estrat\u00e9gica elevada, a pocos kil\u00f3metros al norte de la frontera con <strong>Israel,<\/strong> y ha sido codiciada durante d\u00e9cadas de conflictos. <\/p>\n<div class=\"content-media\">\n<section role=\"button\" class=\"mod-media   \">\n<figure role=\"button\" tabindex=\"0\" class=\"mod-figure \"><figcaption class=\"mod-figcaption\"><span class=\"com-text --caption --twoxs\">En la imagen, vista de una mezquita destruida en la operaci\u00f3n terrestre y a\u00e9rea del ej\u00e9rcito de Israel en la localidad de Khiam, en el sur de L\u00edbano, el 17 de febrero de 2025<\/span><span class=\"com-text --credit --twoxs\">Hassan Ammar &#8211; AP<\/span><\/figcaption><\/figure>\n<\/section>\n<\/div>\n<p class=\"com-paragraph   --s\">Fue escenario de algunos de los enfrentamientos m\u00e1s feroces entre militantes de <strong>Hezbollah,<\/strong> respaldados por Ir\u00e1n, y fuerzas terrestres israel\u00edes durante sus incursiones en el sur del L\u00edbano en las \u00faltimas dos semanas.<\/p>\n<p class=\"com-paragraph   --s\">Las tropas israel\u00edes no han podido tomar el control total de Khiam tras enfrentarse a una<strong> feroz resistencia por parte de los combatientes de Hezbollah.<\/strong> La capacidad de Israel para lograrlo ser\u00e1 un indicador clave de la fuerza del grupo chiita y del alcance de la penetraci\u00f3n israel\u00ed en el sur del L\u00edbano.<\/p>\n<div class=\"content-media\">\n<section role=\"button\" class=\"mod-media   \">\n<figure role=\"button\" tabindex=\"0\" class=\"mod-figure \"><figcaption class=\"mod-figcaption\"><span class=\"com-text --caption --twoxs\">El humo se eleva desde la aldea libanesa de Khiam tras un ataque israel\u00ed, visto desde la Alta Galilea, en el norte de Israel, el 16 de marzo de 2026<\/span><span class=\"com-text --credit --twoxs\">ODD ANDERSEN  &#8211; AFP <\/span><\/figcaption><\/figure>\n<\/section>\n<\/div>\n<p class=\"com-paragraph   --s\">Khiam se encuentra en la cima de una colina con vistas a parte de la Alta Galilea israel\u00ed al sur, lo que proporciona a las fuerzas que controlan la ciudad <strong>una visi\u00f3n clara de los alrededores<\/strong>. <\/p>\n<p class=\"com-paragraph   --s\">Adem\u00e1s, est\u00e1 situada junto a rutas clave que conectan el interior del sur del L\u00edbano con las ciudades fronterizas y el valle de Bekaa al este, lo que la convierte en un centro neur\u00e1lgico para el movimiento de tropas y<strong> el transporte de suministros desde y hacia otras partes del pa\u00eds.<\/strong><\/p>\n<p class=\"com-paragraph   --s\">Durante la ocupaci\u00f3n israel\u00ed del sur del L\u00edbano en las d\u00e9cadas de 1980 y 1990 , Khiam fue una de las ciudades m\u00e1s disputadas de la zona ocupada y una base militar y log\u00edstica fundamental para las fuerzas israel\u00edes y sus milicias aliadas.<\/p>\n<p class=\"com-paragraph   --s\">Se convirti\u00f3 en sede de un tristemente c\u00e9lebre cuartel militar reconvertido en prisi\u00f3n, el<strong> Centro de Detenci\u00f3n de Khiam,<\/strong> que alberg\u00f3 a cientos de prisioneros libaneses sin juicio y era conocido por sus duras condiciones.<\/p>\n<p class=\"com-paragraph   --s\">Cuando las fuerzas de Hezbollah tomaron el control de la prisi\u00f3n en 2000, tras la retirada de los combatientes israel\u00edes y aliados,<strong> Khiam se transform\u00f3 en un poderoso s\u00edmbolo de liberaci\u00f3n en el L\u00edbano.<\/strong><\/p>\n<div class=\"content-media\">\n<section role=\"button\" class=\"mod-media   \">\n<figure role=\"button\" tabindex=\"0\" class=\"mod-figure \"><figcaption class=\"mod-figcaption\"><span class=\"com-text --caption --twoxs\">Una fotograf\u00eda tomada en la aldea de Marjayoun, al sur del L\u00edbano, muestra la destrucci\u00f3n en Khiam el 28 de noviembre de 2024<br \/>\n<\/span><span class=\"com-text --credit --twoxs\">&#8211; &#8211; AFP<\/span><\/figcaption><\/figure>\n<\/section>\n<\/div>\n<p class=\"com-paragraph   --s\">En la \u00faltima gran escalada entre Hezbollah e Israel, las fuerzas israel\u00edes tardaron semanas en llegar a las afueras de la ciudad tras<strong> enfrentarse repetidamente con las fuerzas del grupo chiita<\/strong>, aliado de Ir\u00e1n.<\/p>\n<p class=\"com-paragraph   --s\">Esa guerra estall\u00f3 despu\u00e9s de que Hezbollah lanzara cohetes contra posiciones israel\u00edes en octubre de 2023 en solidaridad con Hamas, otro grupo respaldado por Ir\u00e1n, que lider\u00f3 un ataque mortal contra Israel ese mismo mes que dej\u00f3 cerca de<strong> 1200 muertos.<\/strong> <\/p>\n<div class=\"content-media\">\n<section role=\"button\" class=\"mod-media   \">\n<figure role=\"button\" tabindex=\"0\" class=\"mod-figure \"><figcaption class=\"mod-figcaption\"><span class=\"com-text --caption --twoxs\">Columnas de humo surgen despu\u00e9s de un ataque a\u00e9reo israel\u00ed dirigido a la aldea de Khiam en el sur del L\u00edbano, cerca de la frontera con el norte de Israel, el 30 de septiembre de 2024.<\/span><span class=\"com-text --credit --twoxs\">RABIH DAHER  &#8211; AFP <\/span><\/figcaption><\/figure>\n<\/section>\n<\/div>\n<p class=\"com-paragraph   --s\">El ataque de Hezbollah provoc\u00f3 que Israel respondiera con una serie de represalias que culminaron en un alto el fuego en noviembre de 2024.<\/p>\n<p class=\"com-paragraph   --s\"><strong>Durante esa guerra, las fuerzas israel\u00edes no pudieron adentrarse mucho m\u00e1s en el L\u00edbano<\/strong>, m\u00e1s all\u00e1 de las afueras de Khiam.<\/p>\n<div class=\"content-media\">\n<section role=\"button\" class=\"mod-media   \">\n<figure role=\"button\" tabindex=\"0\" class=\"mod-figure \"><figcaption class=\"mod-figcaption\"><span class=\"com-text --caption --twoxs\">El humo se eleva desde el lugar de un ataque a\u00e9reo israel\u00ed que tuvo como objetivo la aldea de Khiam<\/span><span class=\"com-text --credit --twoxs\">afp  &#8211; AFP <\/span><\/figcaption><\/figure>\n<\/section>\n<\/div>\n<p class=\"com-paragraph   --s\">Apenas unos d\u00edas despu\u00e9s del inicio de la guerra actual, que estall\u00f3 este mes tras los ataques de Hezbollah contra Israel en represalia por la muerte del ayatollah Ali Khamenei, l\u00edder supremo de Ir\u00e1n,<strong> las fuerzas israel\u00edes lograron entrar en la ciudad de Khiam a una velocidad vertiginosa.<\/strong> Los residentes afirman que las fuerzas israel\u00edes fueron <strong>posteriormente repelidas<\/strong> por combatientes de Hezbollah.<\/p>\n<div class=\"content-media\">\n<section role=\"button\" class=\"mod-media   \">\n<figure role=\"button\" tabindex=\"0\" class=\"mod-figure \"><figcaption class=\"mod-figcaption\"><span class=\"com-text --caption --twoxs\">El denso humo de los ataques a\u00e9reos israel\u00edes se eleva desde la ciudad fronteriza del sur del L\u00edbano, Khiam<\/span><span class=\"com-text --credit --twoxs\">Stringer  &#8211; dpa <\/span><\/figcaption><\/figure>\n<\/section>\n<\/div>\n<p class=\"com-paragraph   --s\">Para los residentes, los feroces combates en la ciudad son una se\u00f1al de la magnitud de la guerra que se avecina.<\/p>\n<p class=\"com-paragraph   --s\">\u201cCreo que esta guerra ser\u00e1 mucho m\u00e1s grande que la anterior\u201d, dijo Mohammad Hassan, de 28 a\u00f1os, residente de Khiam, quien huy\u00f3 a la capital, Beirut, d\u00edas despu\u00e9s del estallido de la guerra a principios de este mes.<\/p>\n<p class=\"com-paragraph   --s\">\u201cNo queremos perder nuestras casas; nuestras propiedades\u201d, a\u00f1adi\u00f3.<strong> \u201cNo podemos aceptar una nueva ocupaci\u00f3n del sur\u201d.<\/strong><\/p>\n<section class=\"container-center-100 mb-40 border border-bottom border-thin border-neutral-light-700\">\n<hr\/>\n<\/section>\n<\/div>\n\n","protected":false},"excerpt":{"rendered":"<p>KHIAM, El L\u00edbano.\u2013 A medida que Israel ampl\u00eda su ofensiva terrestre en el sur del L\u00edbano, la ciudad de Khiam se ha convertido en un punto clave de la creciente presi\u00f3n militar. La ciudad est\u00e1 situada en una posici\u00f3n estrat\u00e9gica elevada, a pocos kil\u00f3metros al norte de la frontera con Israel, y ha sido codiciada [&hellip;]<\/p>\n","protected":false},"author":2,"featured_media":229402,"comment_status":"closed","ping_status":"closed","sticky":false,"template":"","format":"standard","meta":{"footnotes":""},"categories":[1],"tags":[],"class_list":["post-229401","post","type-post","status-publish","format-standard","has-post-thumbnail","hentry","category-uncategorized"],"_links":{"self":[{"href":"https:\/\/radioacuariofm.com.ar\/index.php?rest_route=\/wp\/v2\/posts\/229401","targetHints":{"allow":["GET"]}}],"collection":[{"href":"https:\/\/radioacuariofm.com.ar\/index.php?rest_route=\/wp\/v2\/posts"}],"about":[{"href":"https:\/\/radioacuariofm.com.ar\/index.php?rest_route=\/wp\/v2\/types\/post"}],"author":[{"embeddable":true,"href":"https:\/\/radioacuariofm.com.ar\/index.php?rest_route=\/wp\/v2\/users\/2"}],"replies":[{"embeddable":true,"href":"https:\/\/radioacuariofm.com.ar\/index.php?rest_route=%2Fwp%2Fv2%2Fcomments&post=229401"}],"version-history":[{"count":1,"href":"https:\/\/radioacuariofm.com.ar\/index.php?rest_route=\/wp\/v2\/posts\/229401\/revisions"}],"predecessor-version":[{"id":229403,"href":"https:\/\/radioacuariofm.com.ar\/index.php?rest_route=\/wp\/v2\/posts\/229401\/revisions\/229403"}],"wp:featuredmedia":[{"embeddable":true,"href":"https:\/\/radioacuariofm.com.ar\/index.php?rest_route=\/wp\/v2\/media\/229402"}],"wp:attachment":[{"href":"https:\/\/radioacuariofm.com.ar\/index.php?rest_route=%2Fwp%2Fv2%2Fmedia&parent=229401"}],"wp:term":[{"taxonomy":"category","embeddable":true,"href":"https:\/\/radioacuariofm.com.ar\/index.php?rest_route=%2Fwp%2Fv2%2Fcategories&post=229401"},{"taxonomy":"post_tag","embeddable":true,"href":"https:\/\/radioacuariofm.com.ar\/index.php?rest_route=%2Fwp%2Fv2%2Ftags&post=229401"}],"curies":[{"name":"wp","href":"https:\/\/api.w.org\/{rel}","templated":true}]}}