{"id":229395,"date":"2026-03-16T19:19:53","date_gmt":"2026-03-16T22:19:53","guid":{"rendered":"https:\/\/radioacuariofm.com.ar\/?p=229395"},"modified":"2026-03-16T19:19:54","modified_gmt":"2026-03-16T22:19:54","slug":"trump-contundente-creo-que-tendre-el-honor-de-tomar-cuba","status":"publish","type":"post","link":"https:\/\/radioacuariofm.com.ar\/?p=229395","title":{"rendered":"Trump, contundente: \u00abCreo que tendr\u00e9 el honor de tomar Cuba\u00bb"},"content":{"rendered":"<p> <br \/>\n<\/p>\n<div>\n<p class=\"com-paragraph  --capital --s\">El presidente de Estados Unidos, Donald Trump, afirm\u00f3 este lunes que espera <strong>tener el \u201chonor\u201d de tomar Cuba, <\/strong>sumida en una crisis energ\u00e9tica.<\/p>\n<p class=\"com-paragraph   --s\">\u201c<strong>Quiero decir liberarla, o tomarla<\/strong>. Creo que puedo hacer lo que quiera, si quiere que le diga la verdad. Es una naci\u00f3n muy debilitada en estos momentos\u201d, declar\u00f3 ante la prensa en el Despacho Oval.<\/p>\n<p class=\"com-paragraph   --s\">De esta manera el mandatario norteamericano <strong>redobl\u00f3 la presi\u00f3n sobre el r\u00e9gimen de Miguel D\u00edaz-Canel<\/strong>, que lidia con <a href=\"https:\/\/www.lanacion.com.ar\/el-mundo\/un-apagon-total-en-cuba-deja-a-isla-en-tinieblas-y-le-suma-presion-a-la-dictadura-nid16032026\/\" target=\"_self\" title=\"https:\/\/www.lanacion.com.ar\/el-mundo\/un-apagon-total-en-cuba-deja-a-isla-en-tinieblas-y-le-suma-presion-a-la-dictadura-nid16032026\/\" class=\"com-link break-word\" data-mrf-recirculation=\"n_link_parrafo\">un colapso energ\u00e9tico en la isla<\/a>.<\/p>\n<p class=\"com-paragraph   --s\">El Ministerio de Energ\u00eda y Minas inform\u00f3 este lunes una <strong>\u201cdesconexi\u00f3n total\u201d <\/strong>del sistema el\u00e9ctrico del pa\u00eds y afirm\u00f3 que estaba investigando la situaci\u00f3n. El apag\u00f3n sucede a a otro de hace m\u00e1s de una semana que dej\u00f3 a oscuras al oeste de la isla.<\/p>\n<div class=\"content-media cursor-pointer container-center-100\">\n<section class=\"media-container relative ratio-16-9 mod-media pb-32\">\n<figure class=\"mod-video\">\n<div class=\"video-player bg-black ratio-16-9\" data-has-jwplayer=\"true\" data-video-id-jw=\"1lOYrIQu\" data-config=\"{&quot;title&quot;:&quot;Trump sobre Cuba&quot;,&quot;mediaId&quot;:&quot;1lOYrIQu&quot;,&quot;playerId&quot;:&quot;ih0086X3&quot;,&quot;playlist&quot;:[{&quot;mediaid&quot;:&quot;1lOYrIQu&quot;,&quot;sources&quot;:[{&quot;file&quot;:&quot;https:\/\/cdn.jwplayer.com\/manifests\/1lOYrIQu.m3u8&quot;,&quot;type&quot;:&quot;application\/vnd.apple.mpegurl&quot;},{&quot;bitrate&quot;:240954,&quot;file&quot;:&quot;https:\/\/cdn.jwplayer.com\/videos\/1lOYrIQu-kTExGaWf.mp4&quot;,&quot;filesize&quot;:1475848,&quot;framerate&quot;:30,&quot;height&quot;:180,&quot;label&quot;:&quot;180p&quot;,&quot;type&quot;:&quot;video\/mp4&quot;,&quot;width&quot;:320},{&quot;bitrate&quot;:342506,&quot;file&quot;:&quot;https:\/\/cdn.jwplayer.com\/videos\/1lOYrIQu-K8B0kybS.mp4&quot;,&quot;filesize&quot;:2097850,&quot;framerate&quot;:30,&quot;height&quot;:270,&quot;label&quot;:&quot;270p&quot;,&quot;type&quot;:&quot;video\/mp4&quot;,&quot;width&quot;:480},{&quot;bitrate&quot;:860447,&quot;file&quot;:&quot;https:\/\/cdn.jwplayer.com\/videos\/1lOYrIQu-46NIuRKO.mp4&quot;,&quot;filesize&quot;:5270240,&quot;framerate&quot;:30,&quot;height&quot;:720,&quot;label&quot;:&quot;720p&quot;,&quot;type&quot;:&quot;video\/mp4&quot;,&quot;width&quot;:1280},{&quot;bitrate&quot;:114969,&quot;file&quot;:&quot;https:\/\/cdn.jwplayer.com\/videos\/1lOYrIQu-hz5z2Tv4.m4a&quot;,&quot;filesize&quot;:704186,&quot;label&quot;:&quot;AAC Audio&quot;,&quot;type&quot;:&quot;audio\/mp4&quot;},{&quot;bitrate&quot;:434951,&quot;file&quot;:&quot;https:\/\/cdn.jwplayer.com\/videos\/1lOYrIQu-FnZGUVnC.mp4&quot;,&quot;filesize&quot;:2664079,&quot;framerate&quot;:30,&quot;height&quot;:360,&quot;label&quot;:&quot;360p&quot;,&quot;type&quot;:&quot;video\/mp4&quot;,&quot;width&quot;:640},{&quot;bitrate&quot;:703187,&quot;file&quot;:&quot;https:\/\/cdn.jwplayer.com\/videos\/1lOYrIQu-0G6Pwvlw.mp4&quot;,&quot;filesize&quot;:4307024,&quot;framerate&quot;:30,&quot;height&quot;:540,&quot;label&quot;:&quot;540p&quot;,&quot;type&quot;:&quot;video\/mp4&quot;,&quot;width&quot;:960}]}],&quot;hasAutoplay&quot;:false,&quot;autostart&quot;:true,&quot;tagsUrl&quot;:&quot;https:\/\/pubads.g.doubleclick.net\/gampad\/ads?slotname=\/133919216\/la_nacion_video\/nota\/preroll&amp;sz=640x480|400x300&amp;ciu_szs=300x250&amp;unviewed_position_start=1&amp;output=vast&amp;impl=s&amp;env=vp&amp;gdfp_req=1&amp;ad_rule=0&amp;vad_type=linear&amp;vpos=preroll&amp;cust_params=tags_nuevos%3Dte_mundo%2Cca_el_mundo%2C%2CY3R4GNBRB5CJDJTPT3Q2GOV65A&amp;pod=3&amp;ppos=1&amp;lip=true&amp;min_ad_duration=0&amp;max_ad_duration=30000&amp;vrid=6256&amp;url=https%3A%2F%2Fwww.lanacion.com.ar%2Fel-mundo%2Ftrump-contundente-creo-que-tendre-el-honor-de-tomar-cuba-nid16032026%2F%3Fvariant%3DA&amp;description_url=https%3A%2F%2Fwww.lanacion.com.ar%2Fel-mundo%2Ftrump-contundente-creo-que-tendre-el-honor-de-tomar-cuba-nid16032026%2F%3Fvariant%3DA&amp;video_doc_id=short_onecue&amp;cmsid=496&amp;kfa=0&amp;tfcd=0&amp;correlator=1773699554368&quot;,&quot;arcSite&quot;:&quot;la-nacion-ar&quot;}\">\n<div id=\"facade-1lOYrIQu\" class=\"content-facade-jw relative bg-black ratio-16-9\"><picture><source media=\"(max-width: 767px)\" srcset=\"https:\/\/resizer.glanacion.com\/resizer\/v2\/https%3A%2F%2Fcdn.jwplayer.com%2Fv2%2Fmedia%2F1lOYrIQu%2Fposter.jpg%3Fwidth%3D720?auth=dfdec43523c4a6804b3f244e51d57cdb8f04d4b21e1024b380bace91aac4a757&amp;width=480&amp;quality=70&amp;smart=false\"\/><\/picture><\/div>\n<\/div><figcaption class=\"border border-1 border-bottom border-light-300 relative px-16 py-8 min-h-36 w-100_md px-0_l mb-8 bg-white\"><span class=\"text ln-text text-16 block\">Trump sobre Cuba<\/span><\/figcaption><\/figure>\n<\/section>\n<\/div>\n<p class=\"com-paragraph   --s\">La Habana atribuye la par\u00e1lisis a <strong>un bloqueo energ\u00e9tico de Washington<\/strong>, luego de que Trump advirtiera en enero sobre la imposici\u00f3n de aranceles a cualquier pa\u00eds que suministre crudo a la isla.<\/p>\n<p class=\"com-paragraph   --s\">Pese a que D\u00edaz-Canel reconoci\u00f3 el viernes la existencia de<strong> negociaciones bilaterales<\/strong>, sostuvo que la isla no hab\u00eda recibido env\u00edos de petr\u00f3leo en m\u00e1s de tres meses y que estaba operando con energ\u00eda solar, gas natural y plantas termoel\u00e9ctricas, y el gobierno ha tenido que posponer cirug\u00edas para decenas de miles de pacientes.<\/p>\n<p class=\"com-paragraph   --s\"><strong>El escenario se agrav\u00f3 tras la interrupci\u00f3n de los env\u00edos desde Venezuela<\/strong>, luego de que Estados Unidos lanzara una ofensiva contra el pa\u00eds sudamericano a principios de a\u00f1o que acab\u00f3 con el arresto de Nicol\u00e1s Maduro<\/p>\n<p class=\"com-paragraph   --s\">Aunque Cuba produce el 40% del petr\u00f3leo que consume, la generaci\u00f3n propia resulta insuficiente para una red el\u00e9ctrica deteriorada en la isla administrada por<strong> un gobierno comunista<\/strong> que Washington hoy califica como una \u201camenaza\u201d regional.<\/p>\n<p class=\"com-paragraph   --s\"><em><strong>Noticia en desarrollo<\/strong><\/em><\/p>\n<section class=\"container-center-100 mb-40 border border-bottom border-thin border-neutral-light-700\">\n<hr\/>\n<\/section>\n<\/div>\n\n","protected":false},"excerpt":{"rendered":"<p>El presidente de Estados Unidos, Donald Trump, afirm\u00f3 este lunes que espera tener el \u201chonor\u201d de tomar Cuba, sumida en una crisis energ\u00e9tica. \u201cQuiero decir liberarla, o tomarla. Creo que puedo hacer lo que quiera, si quiere que le diga la verdad. Es una naci\u00f3n muy debilitada en estos momentos\u201d, declar\u00f3 ante la prensa en [&hellip;]<\/p>\n","protected":false},"author":2,"featured_media":229396,"comment_status":"closed","ping_status":"closed","sticky":false,"template":"","format":"standard","meta":{"footnotes":""},"categories":[1],"tags":[],"class_list":["post-229395","post","type-post","status-publish","format-standard","has-post-thumbnail","hentry","category-uncategorized"],"_links":{"self":[{"href":"https:\/\/radioacuariofm.com.ar\/index.php?rest_route=\/wp\/v2\/posts\/229395","targetHints":{"allow":["GET"]}}],"collection":[{"href":"https:\/\/radioacuariofm.com.ar\/index.php?rest_route=\/wp\/v2\/posts"}],"about":[{"href":"https:\/\/radioacuariofm.com.ar\/index.php?rest_route=\/wp\/v2\/types\/post"}],"author":[{"embeddable":true,"href":"https:\/\/radioacuariofm.com.ar\/index.php?rest_route=\/wp\/v2\/users\/2"}],"replies":[{"embeddable":true,"href":"https:\/\/radioacuariofm.com.ar\/index.php?rest_route=%2Fwp%2Fv2%2Fcomments&post=229395"}],"version-history":[{"count":1,"href":"https:\/\/radioacuariofm.com.ar\/index.php?rest_route=\/wp\/v2\/posts\/229395\/revisions"}],"predecessor-version":[{"id":229397,"href":"https:\/\/radioacuariofm.com.ar\/index.php?rest_route=\/wp\/v2\/posts\/229395\/revisions\/229397"}],"wp:featuredmedia":[{"embeddable":true,"href":"https:\/\/radioacuariofm.com.ar\/index.php?rest_route=\/wp\/v2\/media\/229396"}],"wp:attachment":[{"href":"https:\/\/radioacuariofm.com.ar\/index.php?rest_route=%2Fwp%2Fv2%2Fmedia&parent=229395"}],"wp:term":[{"taxonomy":"category","embeddable":true,"href":"https:\/\/radioacuariofm.com.ar\/index.php?rest_route=%2Fwp%2Fv2%2Fcategories&post=229395"},{"taxonomy":"post_tag","embeddable":true,"href":"https:\/\/radioacuariofm.com.ar\/index.php?rest_route=%2Fwp%2Fv2%2Ftags&post=229395"}],"curies":[{"name":"wp","href":"https:\/\/api.w.org\/{rel}","templated":true}]}}