{"id":229389,"date":"2026-03-16T19:05:50","date_gmt":"2026-03-16T22:05:50","guid":{"rendered":"https:\/\/radioacuariofm.com.ar\/?p=229389"},"modified":"2026-03-16T19:05:51","modified_gmt":"2026-03-16T22:05:51","slug":"dos-sectores-explican-gran-parte-de-los-empleos-privados-perdidos-desde-2023","status":"publish","type":"post","link":"https:\/\/radioacuariofm.com.ar\/?p=229389","title":{"rendered":"Dos sectores explican gran parte de los empleos privados perdidos desde 2023"},"content":{"rendered":"<p><\/p>\n<div>\n<p class=\"com-paragraph   --s\"><strong>M\u00e1s de 200.000 empleos asalariados privados registrados se perdieron en la Argentina desde el inicio del gobierno de Javier Milei<\/strong>.<a href=\"https:\/\/www.lanacion.com.ar\/economia\/mas-alla-del-caso-fate-la-economia-crece-pero-cae-el-empleo-privado-de-calidad-nid21022026\/\" target=\"_self\" title=\"https:\/\/www.lanacion.com.ar\/economia\/mas-alla-del-caso-fate-la-economia-crece-pero-cae-el-empleo-privado-de-calidad-nid21022026\/\" class=\"com-link break-word\" data-mrf-recirculation=\"n_link_parrafo\"> La ca\u00edda se concentr\u00f3 especialmente en dos sectores<\/a>: la <strong>industria manufacturera<\/strong> y la<strong> construcci\u00f3n<\/strong>, que en conjunto explican casi dos tercios de la destrucci\u00f3n de puestos de trabajo en ese segmento, seg\u00fan datos del <strong>Sistema Integrado Previsional Argentino (SIPA) <\/strong>que publica la<strong> Secretar\u00eda de Trabajo<\/strong>.<\/p>\n<p class=\"com-paragraph   --s\">La ca\u00edda acumulada del empleo privado registrado desde fines de 2023 ya se aproxima a la p\u00e9rdida total observada durante la gesti\u00f3n de <strong>Mauricio Macri<\/strong>, cuando el empleo asalariado formal tambi\u00e9n registr\u00f3 una contracci\u00f3n significativa en los \u00faltimos a\u00f1os del ciclo econ\u00f3mico. <\/p>\n<p class=\"com-paragraph   --s\">El retroceso se produce adem\u00e1s en un mercado laboral que arrastra problemas estructurales: <strong>el empleo asalariado privado pr\u00e1cticamente no crece en t\u00e9rminos netos desde hace m\u00e1s de una d\u00e9cada.<\/strong><\/p>\n<p class=\"com-paragraph   --s\">La actual profundizaci\u00f3n del deterioro del mercado laboral se produjo en un contexto de<strong> recuperaci\u00f3n parcial de la actividad econ\u00f3mica, pero con un patr\u00f3n de crecimiento muy desigual entre sectores<\/strong>. Mientras rubros intensivos en empleo como la industria y la construcci\u00f3n contin\u00faan rezagados, otros segmentos m\u00e1s din\u00e1micos \u2014como la<strong> energ\u00eda<\/strong>, la<strong> miner\u00eda <\/strong>y las <strong>actividades vinculadas al agro<\/strong>\u2014 tienen un peso menor en la generaci\u00f3n de puestos de trabajo.<\/p>\n<p class=\"com-paragraph   --s\">Seg\u00fan c\u00e1lculos de la consultora Profit, dirigida por el economista Amilcar Collante y elaborados a partir de los datos del SIPA, el empleo asalariado privado acumul\u00f3 una p\u00e9rdida de 200.941 puestos desde noviembre de 2023. <strong>La mayor parte de esa ca\u00edda se explic\u00f3 por la construcci\u00f3n, con 62.300 empleos menos, y<\/strong><a href=\"https:\/\/www.lanacion.com.ar\/economia\/la-uia-pide-respeto-y-dice-que-los-empresarios-no-son-responsables-de-las-distorsiones-del-pasado-nid03032026\/\" target=\"_self\" title=\"https:\/\/www.lanacion.com.ar\/economia\/la-uia-pide-respeto-y-dice-que-los-empresarios-no-son-responsables-de-las-distorsiones-del-pasado-nid03032026\/\" class=\"com-link break-word\" data-mrf-recirculation=\"n_link_parrafo\"><strong> por distintas ramas de la industria manufacturera, que en conjunto redujeron su plantilla en alrededor de 66.500 trabajadores.<\/strong><\/a><\/p>\n<p class=\"com-paragraph   --s\">Dentro del sector industrial, las mayores bajas se registraron en la <strong>industria textil<\/strong>, <a href=\"https:\/\/www.lanacion.com.ar\/economia\/la-ropa-ya-es-30-mas-barata-en-la-gestion-milei-pero-los-textiles-son-el-sector-fabril-que-mas-nid08022026\/\" target=\"_self\" title=\"https:\/\/www.lanacion.com.ar\/economia\/la-ropa-ya-es-30-mas-barata-en-la-gestion-milei-pero-los-textiles-son-el-sector-fabril-que-mas-nid08022026\/\" class=\"com-link break-word\" data-mrf-recirculation=\"n_link_parrafo\">con una ca\u00edda cercana a 20.900 puestos<\/a>; la <strong>metalmec\u00e1nica<\/strong>, con m\u00e1s de 17.300 empleos menos; y <strong>otras manufacturas<\/strong>, con unos 10.700 trabajadores menos. Tambi\u00e9n se observaron retrocesos en el<strong> sector automotriz<\/strong> y de <strong>neum\u00e1ticos<\/strong> (unos 7000 empleos menos), la<strong> industria de la madera y el papel <\/strong>(5700) y la <strong>producci\u00f3n qu\u00edmica y petroqu\u00edmica<\/strong> (4900).<\/p>\n<p class=\"com-paragraph   --s\"><strong>La construcci\u00f3n fue el sector que m\u00e1s empleo perdi\u00f3.<\/strong> El freno de la obra p\u00fablica durante la primera etapa del ajuste econ\u00f3mico y la ca\u00edda de la actividad impactaron con fuerza sobre el nivel de ocupaci\u00f3n en un rubro intensivo en mano de obra.<\/p>\n<p class=\"com-paragraph   --s\">El deterioro del empleo se acentu\u00f3 adem\u00e1s en los \u00faltimos meses. Estimaciones privadas basadas en los registros del SIPA muestran que<strong> desde mediados de 2025 se profundiz\u00f3 la ca\u00edda del empleo asalariado privado, con cerca de 97.000 puestos menos desde mediados del a\u00f1o pasado.<\/strong><\/p>\n<div class=\"content-media\">\n<section role=\"button\" class=\"mod-media   \">\n<figure role=\"button\" tabindex=\"0\" class=\"mod-figure \"><figcaption class=\"mod-figcaption\"><span class=\"com-text --caption --twoxs\">El anuncio de cierre y 920 despidos en Fate fue el caso m\u00e1s resonante en los \u00faltimos meses.<\/span><span class=\"com-text --credit --twoxs\">MARTIN COSSARINI<\/span><\/figcaption><\/figure>\n<\/section>\n<\/div>\n<p class=\"com-paragraph   --s\">En contraste, algunas actividades vinculadas a servicios o sectores primarios mostraron una din\u00e1mica m\u00e1s favorable, aunque con impactos m\u00e1s acotados sobre el empleo. Entre noviembre de 2023 y fines de 2025, las actividades agropecuarias sumaron unos 10.300 puestos registrados, mientras que las actividades inform\u00e1ticas incorporaron cerca de 6000 trabajadores y el comercio agreg\u00f3 alrededor de 3200 empleos, seg\u00fan los datos del SIPA analizados por Profit. Otros sectores, como la miner\u00eda y el petr\u00f3leo, registraron ca\u00eddas m\u00e1s moderadas, del orden de 8500 empleos.<\/p>\n<p class=\"com-paragraph   --s\">En distintas exposiciones p\u00fablicas, Milei defendi\u00f3 este tipo de reconfiguraciones sectoriales del empleo como parte de lo que la literatura econ\u00f3mica denomina <strong>\u201cdestrucci\u00f3n creativa\u201d<\/strong>, concepto popularizado por Joseph Schumpeter en 1942. \u201cEl crecimiento no es equilibrado. Va a haber sectores que se expanden y sectores que se contraen\u201d, afirm\u00f3 este lunes durante una exposici\u00f3n en la Bolsa de Comercio de C\u00f3rdoba. <\/p>\n<p class=\"com-paragraph   --s\">Seg\u00fan plante\u00f3, los cambios tecnol\u00f3gicos y productivos pueden desplazar empleos en algunas actividades, pero generan nuevos puestos en sectores m\u00e1s productivos. <strong>\u201cEl d\u00eda que aparece el email, los carteros van a tener problemas y van a tener que trabajar de otra cosa\u201d<\/strong>, ejemplific\u00f3.<\/p>\n<div class=\"content-media\">\n<section role=\"button\" class=\"mod-media   \">\n<figure role=\"button\" tabindex=\"0\" class=\"mod-figure \"><figcaption class=\"mod-figcaption\"><span class=\"com-text --caption --twoxs\">El presidente de la UIA, Mart\u00edn Rappallini, entidad que en las \u00faltimas semanas subi\u00f3 el tono contra las embestidas de Milei<\/span><span class=\"com-text --credit --twoxs\">Soledad Aznarez<\/span><\/figcaption><\/figure>\n<\/section>\n<\/div>\n<p class=\"com-paragraph   --s\">El fen\u00f3meno se produjo adem\u00e1s en un contexto particular: <strong>durante 2025, la actividad econ\u00f3mica comenz\u00f3 a mostrar signos de recuperaci\u00f3n, pero esa mejora no se tradujo en una expansi\u00f3n del empleo formal<\/strong>. Seg\u00fan estimaciones de la consultora LCG, el producto bruto interno creci\u00f3 alrededor de 4,4% el a\u00f1o pasado, mientras que el empleo asalariado privado cay\u00f3 cerca de 0,5%, una combinaci\u00f3n poco habitual en la econom\u00eda argentina.<\/p>\n<p class=\"com-paragraph   --s\">La composici\u00f3n sectorial del crecimiento ayuda a explicar esa din\u00e1mica. Los sectores m\u00e1s din\u00e1micos \u2014como la energ\u00eda, la miner\u00eda o algunas actividades vinculadas al agro\u2014 tienen una capacidad relativamente limitada para generar empleo, mientras que rubros con mayor peso en la ocupaci\u00f3n, como la industria manufacturera o la construcci\u00f3n, todav\u00eda operan por debajo de los niveles de actividad previos.<\/p>\n<p class=\"com-paragraph   --s\">Un informe reciente de Fundaci\u00f3n Capital proyecta que la econom\u00eda podr\u00eda crecer alrededor de 2,5% en 2026, pero con fuertes disparidades entre sectores. Mientras actividades como la miner\u00eda, los hidrocarburos o la intermediaci\u00f3n financiera mostrar\u00edan expansiones importantes, la industria manufacturera seguir\u00eda cerca de 6% por debajo de los niveles de actividad de 2023 y la construcci\u00f3n alrededor de 10% por debajo.<\/p>\n<p class=\"com-paragraph   --s\"><strong>\u201cPrevemos un crecimiento modesto de la actividad econ\u00f3mica en 2026, pero con un comportamiento bien diferenciado entre sectores, donde aquellos m\u00e1s rezagados tienen un peso muy importante en el empleo\u201d<\/strong>, se\u00f1al\u00f3 la consultora en su \u00faltimo informe.<\/p>\n<div class=\"content-media\">\n<section role=\"button\" class=\"mod-media   \">\n<figure role=\"button\" tabindex=\"0\" class=\"mod-figure \"><figcaption class=\"mod-figcaption\"><span class=\"com-text --caption --twoxs\">En distintas exposiciones p\u00fablicas, Milei defendi\u00f3 este tipo de reconfiguraciones sectoriales del empleo como parte de lo que la literatura econ\u00f3mica denomina \u201cdestrucci\u00f3n creativa\u201d, concepto popularizado por Joseph Schumpeter en 1942. <\/span><span class=\"com-text --credit --twoxs\">Presidencia<\/span><\/figcaption><\/figure>\n<\/section>\n<\/div>\n<p class=\"com-paragraph   --s\">A este panorama se suma un cambio en la composici\u00f3n del trabajo registrado. Mientras el empleo asalariado privado se redujo en m\u00e1s de 200.000 puestos desde noviembre de 2023, crecieron otras formas de inserci\u00f3n laboral dentro del sistema formal. En particular, el n\u00famero de <strong>monotributistas<\/strong> aument\u00f3 en unos 159.500 trabajadores, mientras que los <strong>aut\u00f3nomos<\/strong> sumaron cerca de 10.600 nuevos inscriptos, seg\u00fan estimaciones privadas elaboradas a partir del SIPA.<\/p>\n<p class=\"com-paragraph   --s\">Distintos an\u00e1lisis advierten adem\u00e1s sobre un deterioro en la calidad del empleo: el aumento del <strong>cuentapropismo<\/strong>, registrado o independiente, y de la informalidad aparece como uno de los mecanismos de ajuste del mercado laboral.<\/p>\n<p class=\"com-paragraph   --s\">El escenario tambi\u00e9n plantea desaf\u00edos para la recuperaci\u00f3n del consumo. Seg\u00fan Fundaci\u00f3n Capital,<strong> el poder adquisitivo contin\u00faa presionado por una inflaci\u00f3n cercana al 3% mensual y por paritarias que en muchos casos se ubican por debajo de esa din\u00e1mica.<\/strong> A esto se suma un enfriamiento del cr\u00e9dito a las familias y un aumento de la morosidad en los pr\u00e9stamos. Datos del BCRA citados por la consultora muestran que el ratio de irregularidad en los cr\u00e9ditos a hogares alcanz\u00f3 el 9,3% a fines de 2025, el nivel m\u00e1s alto al menos desde 2008.<\/p>\n<p class=\"com-paragraph   --s\">Con sectores intensivos en empleo a\u00fan rezagados y el crecimiento concentrado en actividades que generan menos puestos de trabajo, la recuperaci\u00f3n econ\u00f3mica todav\u00eda enfrenta el desaf\u00edo de trasladarse plenamente al mercado laboral. En el Gobierno conf\u00edan en que la llegada de nuevas inversiones \u2014impulsadas en parte por el<strong> R\u00e9gimen de Incentivo para Grandes Inversiones (RIGI)<\/strong>\u2014 y los cambios introducidos por la <strong>reforma laboral <\/strong>sancionada el a\u00f1o pasado puedan contribuir a dinamizar la contrataci\u00f3n formal.<\/p>\n<section class=\"container-center-100 mb-40 border border-bottom border-thin border-neutral-light-700\">\n<hr\/>\n<\/section>\n<\/div>\n","protected":false},"excerpt":{"rendered":"<p>M\u00e1s de 200.000 empleos asalariados privados registrados se perdieron en la Argentina desde el inicio del gobierno de Javier Milei. La ca\u00edda se concentr\u00f3 especialmente en dos sectores: la industria manufacturera y la construcci\u00f3n, que en conjunto explican casi dos tercios de la destrucci\u00f3n de puestos de trabajo en ese segmento, seg\u00fan datos del Sistema [&hellip;]<\/p>\n","protected":false},"author":2,"featured_media":229390,"comment_status":"closed","ping_status":"closed","sticky":false,"template":"","format":"standard","meta":{"footnotes":""},"categories":[28],"tags":[],"class_list":["post-229389","post","type-post","status-publish","format-standard","has-post-thumbnail","hentry","category-economia"],"_links":{"self":[{"href":"https:\/\/radioacuariofm.com.ar\/index.php?rest_route=\/wp\/v2\/posts\/229389","targetHints":{"allow":["GET"]}}],"collection":[{"href":"https:\/\/radioacuariofm.com.ar\/index.php?rest_route=\/wp\/v2\/posts"}],"about":[{"href":"https:\/\/radioacuariofm.com.ar\/index.php?rest_route=\/wp\/v2\/types\/post"}],"author":[{"embeddable":true,"href":"https:\/\/radioacuariofm.com.ar\/index.php?rest_route=\/wp\/v2\/users\/2"}],"replies":[{"embeddable":true,"href":"https:\/\/radioacuariofm.com.ar\/index.php?rest_route=%2Fwp%2Fv2%2Fcomments&post=229389"}],"version-history":[{"count":1,"href":"https:\/\/radioacuariofm.com.ar\/index.php?rest_route=\/wp\/v2\/posts\/229389\/revisions"}],"predecessor-version":[{"id":229391,"href":"https:\/\/radioacuariofm.com.ar\/index.php?rest_route=\/wp\/v2\/posts\/229389\/revisions\/229391"}],"wp:featuredmedia":[{"embeddable":true,"href":"https:\/\/radioacuariofm.com.ar\/index.php?rest_route=\/wp\/v2\/media\/229390"}],"wp:attachment":[{"href":"https:\/\/radioacuariofm.com.ar\/index.php?rest_route=%2Fwp%2Fv2%2Fmedia&parent=229389"}],"wp:term":[{"taxonomy":"category","embeddable":true,"href":"https:\/\/radioacuariofm.com.ar\/index.php?rest_route=%2Fwp%2Fv2%2Fcategories&post=229389"},{"taxonomy":"post_tag","embeddable":true,"href":"https:\/\/radioacuariofm.com.ar\/index.php?rest_route=%2Fwp%2Fv2%2Ftags&post=229389"}],"curies":[{"name":"wp","href":"https:\/\/api.w.org\/{rel}","templated":true}]}}