{"id":229386,"date":"2026-03-16T18:19:14","date_gmt":"2026-03-16T21:19:14","guid":{"rendered":"https:\/\/radioacuariofm.com.ar\/?p=229386"},"modified":"2026-03-16T18:19:16","modified_gmt":"2026-03-16T21:19:16","slug":"como-se-vive-en-zarzir-el-pueblo-arabe-en-israel-que-es-ejemplo-de-convivencia-y-resiste-los-ataques-de-iran","status":"publish","type":"post","link":"https:\/\/radioacuariofm.com.ar\/?p=229386","title":{"rendered":"C\u00f3mo se vive en Zarzir, el pueblo \u00e1rabe en Israel que es ejemplo de convivencia y resiste los ataques de Ir\u00e1n"},"content":{"rendered":"<p> <br \/>\n<\/p>\n<div>\n<p class=\"com-paragraph   --s\"><a href=\"https:\/\/www.lanacion.com.ar\/el-mundo\/por-que-la-guerra-de-medio-oriente-se-asemeja-al-relato-biblico-de-david-y-goliat-y-que-rol-cumple-nid15032026\/\" target=\"_self\" title=\"https:\/\/www.lanacion.com.ar\/el-mundo\/por-que-la-guerra-de-medio-oriente-se-asemeja-al-relato-biblico-de-david-y-goliat-y-que-rol-cumple-nid15032026\/\" class=\"com-link break-word\" data-mrf-recirculation=\"n_link_parrafo\">En el marco de la escalada b\u00e9lica en Medio Oriente<\/a>, <strong>la localidad de Zarzir se convirti\u00f3 en un punto neur\u00e1lgico para comprender la complejidad del conflicto<\/strong>. Se trata de un pueblo beduino ubicado en el norte de Israel, cerca de Nazaret, que recientemente sufri\u00f3 el impacto directo de la ofensiva iran\u00ed. <\/p>\n<p class=\"com-paragraph   --s\"><em>LN+<\/em> hizo un recorrido por el territorio habitado mayoritariamente por \u00e1rabes israel\u00edes.<\/p>\n<p><iframe loading=\"lazy\" title=\"LN+ en la guerra: c\u00f3mo se vive en Zarzir, pueblo \u00e1rabe en Israel\" width=\"1170\" height=\"658\" src=\"https:\/\/www.youtube.com\/embed\/8XJrPq19TjE?wmode=transparent&amp;rel=0&amp;feature=oembed\" frameborder=\"0\" allow=\"accelerometer; autoplay; clipboard-write; encrypted-media; gyroscope; picture-in-picture; web-share\" referrerpolicy=\"strict-origin-when-cross-origin\" allowfullscreen><\/iframe><\/p>\n<p class=\"com-paragraph   --s\">La avanzada iran\u00ed dej\u00f3 un saldo devastador en la infraestructura local: <strong>destruyeron m\u00e1s de 300 casas e hirieron a 85 personas<\/strong>. Las im\u00e1genes captadas por el equipo de <em>LN+<\/em> mostraron restos de proyectiles y da\u00f1os significativos en viviendas particulares. <\/p>\n<p class=\"com-paragraph   --s\">Estos eventos ponen de manifiesto que <a href=\"https:\/\/www.lanacion.com.ar\/el-mundo\/un-analista-internacional-anticipo-como-terminara-la-guerra-en-medio-oriente-sin-cambio-de-regimen-nid14032026\/\" target=\"_self\" title=\"https:\/\/www.lanacion.com.ar\/el-mundo\/un-analista-internacional-anticipo-como-terminara-la-guerra-en-medio-oriente-sin-cambio-de-regimen-nid14032026\/\" class=\"com-link break-word\" data-mrf-recirculation=\"n_link_parrafo\">la ofensiva externa no distingue entre las diversas etnias<\/a> y religiones que componen la ciudadan\u00eda de Israel. Para muchos, Zarzir no es solo un escenario de guerra, sino un s\u00edmbolo de integraci\u00f3n. Habitantes de la regi\u00f3n describen el lugar como \u201c<strong>un ejemplo de convivencia entre \u00e1rabes e israel\u00edes<\/strong>\u201d. <\/p>\n<p class=\"com-paragraph   --s\">En las calles del pueblo la heterogeneidad cultural es evidente: <strong>los carteles de los supermercados y las se\u00f1ales p\u00fablicas est\u00e1n escritos tanto en \u00e1rabe como en hebreo<\/strong>. Esta armon\u00eda se refleja tambi\u00e9n en el compromiso civil de sus habitantes, ya que la comunidad beduina participa activamente en el servicio militar. <\/p>\n<p><iframe src=\"https:\/\/www.google.com\/maps\/embed?pb=!1m18!1m12!1m3!1d510558.6260768163!2d34.96302781704682!3d32.78916878592177!2m3!1f0!2f0!3f0!3m2!1i1024!2i768!4f13.1!3m3!1m2!1s0x151c4d297d13753d%3A0x8ed1b2c4d40dae2e!2sZarzir%2C%20Israel!5e0!3m2!1ses-419!2sar!4v1773693763064!5m2!1ses-419!2sar\" width=\"600\" height=\"450\" style=\"border:0;\" allowfullscreen=\"\" loading=\"lazy\" referrerpolicy=\"no-referrer-when-downgrade\"><\/iframe>\n<\/p>\n<p class=\"com-paragraph   --s\"><strong>La estructura social de Zarzir est\u00e1 cimentada en la tradici\u00f3n<\/strong>. <a href=\"https:\/\/www.lanacion.com.ar\/el-mundo\/medio-oriente-un-analista-internacional-advirtio-que-la-guerra-va-a-durar-mas-de-lo-previsto-y-hablo-nid13032026\/\" target=\"_self\" title=\"https:\/\/www.lanacion.com.ar\/el-mundo\/medio-oriente-un-analista-internacional-advirtio-que-la-guerra-va-a-durar-mas-de-lo-previsto-y-hablo-nid13032026\/\" class=\"com-link break-word\" data-mrf-recirculation=\"n_link_parrafo\">El pueblo est\u00e1 constituido por cinco tribus principales<\/a>: los Mazarib, los Grifat, los Heib, los Jawamis y los Eyadat. Durante la transmisi\u00f3n de <em>LN+<\/em> se registr\u00f3 a una de las dos mezquitas m\u00e1s importantes de la zona norte, <strong>un gesto cargado de simbolismo en un momento donde la fe y la pol\u00edtica se entrelazan<\/strong>. <\/p>\n<p class=\"com-paragraph   --s\"><a href=\"https:\/\/www.lanacion.com.ar\/el-mundo\/un-analista-internacional-explico-en-detalle-la-postura-de-iran-en-la-guerra-de-medio-oriente-sigue-nid16032026\/\" target=\"_self\" title=\"https:\/\/www.lanacion.com.ar\/el-mundo\/un-analista-internacional-explico-en-detalle-la-postura-de-iran-en-la-guerra-de-medio-oriente-sigue-nid16032026\/\" class=\"com-link break-word\" data-mrf-recirculation=\"n_link_parrafo\">El contraste entre la vida en Zarzir y otras localidades fronterizas es marcado<\/a>. Mientras que <strong>en Zarzir se intenta mantener una cuota de normalidad pese a los ataques<\/strong>, pueblos como Metula se transformaron en \u201cciudades fantasma\u201d.<\/p>\n<p class=\"com-paragraph   --s\">All\u00ed, el sonido de la artiller\u00eda israel\u00ed respondiendo a los ataques de Hezbollah es constante, <strong>generando un ambiente de tensi\u00f3n absoluta que impide el regreso de las familias<\/strong>.<\/p>\n<div class=\"content-media\">\n<section role=\"button\" class=\"mod-media   \">\n<figure role=\"button\" tabindex=\"0\" class=\"mod-figure \"><figcaption class=\"mod-figcaption\"><span class=\"com-text --caption --twoxs\">El conflicto b\u00e9lico arrasa con todo lo que tiene a su paso<\/span><span class=\"com-text --credit --twoxs\">&#8211;  &#8211; AFP <\/span><\/figcaption><\/figure>\n<\/section>\n<\/div>\n<p class=\"com-paragraph   --s\">A pesar de la magnitud de la guerra,<strong> el gobierno de Israel autoriz\u00f3 el reinicio de las clases en gran parte del pa\u00eds<\/strong> y el restablecimiento del sistema ferroviario. Sin embargo, esta normalidad es selectiva y depende de la cercan\u00eda con el frente de batalla. <\/p>\n<p class=\"com-paragraph   --s\">El conflicto,<strong> que este lunes cumpli\u00f3 su d\u00eda 17 en esta fase de alta intensidad<\/strong>, mantiene al mundo en vilo mientras Ir\u00e1n complica los planes de estabilidad de Estados Unidos en la regi\u00f3n.<\/p>\n<section class=\"container-center-100 mb-40 border border-bottom border-thin border-neutral-light-700\">\n<hr\/>\n<\/section>\n<\/div>\n\n","protected":false},"excerpt":{"rendered":"<p>En el marco de la escalada b\u00e9lica en Medio Oriente, la localidad de Zarzir se convirti\u00f3 en un punto neur\u00e1lgico para comprender la complejidad del conflicto. Se trata de un pueblo beduino ubicado en el norte de Israel, cerca de Nazaret, que recientemente sufri\u00f3 el impacto directo de la ofensiva iran\u00ed. LN+ hizo un recorrido [&hellip;]<\/p>\n","protected":false},"author":2,"featured_media":229387,"comment_status":"closed","ping_status":"closed","sticky":false,"template":"","format":"standard","meta":{"footnotes":""},"categories":[1],"tags":[],"class_list":["post-229386","post","type-post","status-publish","format-standard","has-post-thumbnail","hentry","category-uncategorized"],"_links":{"self":[{"href":"https:\/\/radioacuariofm.com.ar\/index.php?rest_route=\/wp\/v2\/posts\/229386","targetHints":{"allow":["GET"]}}],"collection":[{"href":"https:\/\/radioacuariofm.com.ar\/index.php?rest_route=\/wp\/v2\/posts"}],"about":[{"href":"https:\/\/radioacuariofm.com.ar\/index.php?rest_route=\/wp\/v2\/types\/post"}],"author":[{"embeddable":true,"href":"https:\/\/radioacuariofm.com.ar\/index.php?rest_route=\/wp\/v2\/users\/2"}],"replies":[{"embeddable":true,"href":"https:\/\/radioacuariofm.com.ar\/index.php?rest_route=%2Fwp%2Fv2%2Fcomments&post=229386"}],"version-history":[{"count":1,"href":"https:\/\/radioacuariofm.com.ar\/index.php?rest_route=\/wp\/v2\/posts\/229386\/revisions"}],"predecessor-version":[{"id":229388,"href":"https:\/\/radioacuariofm.com.ar\/index.php?rest_route=\/wp\/v2\/posts\/229386\/revisions\/229388"}],"wp:featuredmedia":[{"embeddable":true,"href":"https:\/\/radioacuariofm.com.ar\/index.php?rest_route=\/wp\/v2\/media\/229387"}],"wp:attachment":[{"href":"https:\/\/radioacuariofm.com.ar\/index.php?rest_route=%2Fwp%2Fv2%2Fmedia&parent=229386"}],"wp:term":[{"taxonomy":"category","embeddable":true,"href":"https:\/\/radioacuariofm.com.ar\/index.php?rest_route=%2Fwp%2Fv2%2Fcategories&post=229386"},{"taxonomy":"post_tag","embeddable":true,"href":"https:\/\/radioacuariofm.com.ar\/index.php?rest_route=%2Fwp%2Fv2%2Ftags&post=229386"}],"curies":[{"name":"wp","href":"https:\/\/api.w.org\/{rel}","templated":true}]}}