{"id":229380,"date":"2026-03-16T17:17:49","date_gmt":"2026-03-16T20:17:49","guid":{"rendered":"https:\/\/radioacuariofm.com.ar\/?p=229380"},"modified":"2026-03-16T17:17:50","modified_gmt":"2026-03-16T20:17:50","slug":"un-apagon-total-en-cuba-deja-a-la-isla-en-tinieblas-y-le-suma-presion-a-la-dictadura","status":"publish","type":"post","link":"https:\/\/radioacuariofm.com.ar\/?p=229380","title":{"rendered":"Un apag\u00f3n total en Cuba deja a la isla en tinieblas y le suma presi\u00f3n a la dictadura"},"content":{"rendered":"<p> <br \/>\n<\/p>\n<div>\n<p class=\"com-paragraph  --capital --s\">LA HABANA.\u2013 <a href=\"https:\/\/www.lanacion.com.ar\/el-mundo\/manifestantes-que-protestaban-por-los-cortes-prendieron-fuego-una-sede-del-partido-comunista-en-cuba-nid14032026\/\" target=\"_self\" title=\"https:\/\/www.lanacion.com.ar\/el-mundo\/manifestantes-que-protestaban-por-los-cortes-prendieron-fuego-una-sede-del-partido-comunista-en-cuba-nid14032026\/\" class=\"com-link break-word\" data-mrf-recirculation=\"n_link_parrafo\"><strong>Cuba<\/strong><\/a><strong> <\/strong>sufri\u00f3 este lunes un<strong> apag\u00f3n generalizado luego de que colapsara el sistema el\u00e9ctrico nacional <\/strong>y dej\u00f3<strong> <\/strong>a <strong>millones de personas sin suministro en medio de la <\/strong><a href=\"https:\/\/www.lanacion.com.ar\/el-mundo\/cuba-anuncia-que-comenzo-a-dialogar-con-estados-unidos-nid13032026\/\" target=\"_self\" title=\"https:\/\/www.lanacion.com.ar\/el-mundo\/cuba-anuncia-que-comenzo-a-dialogar-con-estados-unidos-nid13032026\/\" class=\"com-link break-word\" data-mrf-recirculation=\"n_link_parrafo\"><strong>grave crisis energ\u00e9tica<\/strong><\/a><strong> <\/strong>que atraviesa la isla. <\/p>\n<p class=\"com-paragraph   --s\">Se trata del sexto apag\u00f3n total registrado en un a\u00f1o y medio.<\/p>\n<p class=\"com-paragraph   --s\">La empresa estatal Uni\u00f3n El\u00e9ctrica de Cuba (UNE) inform\u00f3 que el corte se debi\u00f3 a una \u201cdesconexi\u00f3n total del Sistema Electroenerg\u00e9tico Nacional\u201d y que <strong>de inmediato comenzaron a aplicarse protocolos para restablecer el servicio<\/strong>, pero <strong>no dio precisiones sobre plazos ni posibles causas<\/strong>.<\/p>\n<p class=\"com-paragraph   --s\">El colapso afect\u00f3 a pr\u00e1cticamente todo el pa\u00eds y oblig\u00f3 a las autoridades a iniciar un proceso gradual de reconexi\u00f3n de la red el\u00e9ctrica, un procedimiento que <strong>suele demorar varias horas o incluso d\u00edas debido a la fragilidad del sistema energ\u00e9tico cubano.<\/strong> <\/p>\n<p class=\"com-paragraph   --s\">El Ministerio de Energ\u00eda y Minas se limit\u00f3 a decir que se activaron \u201clos protocolos para el restablecimiento\u201d del Sistema Electroenerg\u00e9tico Nacional (SEN).<\/p>\n<p class=\"com-paragraph   --s\">\u201cFue como si se apagara, se encendiera y se volviera a apagar\u201d, dijo un residente del barrio Nuevo Vedado, mientras que se reportaron situaciones similares en varias otras provincias.<\/p>\n<p class=\"com-paragraph   --s\">El apag\u00f3n se produce en un contexto de <strong>fuerte deterioro del sistema el\u00e9ctrico y escasez de combustible<\/strong>, que ha <strong>paralizado buena parte de la actividad econ\u00f3mica.<\/strong> Seg\u00fan las autoridades cubanas, la situaci\u00f3n se agrav\u00f3 luego de que el gobierno de <strong>Donald Trump reforzara las restricciones energ\u00e9ticas<\/strong> contra la isla y <strong>cortara los env\u00edos de petr\u00f3leo provenientes de Venezuela<\/strong>, principal proveedor de combustible de La Habana.<\/p>\n<p class=\"com-paragraph   --s\">La falta de combustible es hoy uno de los principales problemas para la generaci\u00f3n el\u00e9ctrica. De acuerdo con el gobierno,<strong> desde el 9 de enero no ha llegado a la isla ning\u00fan tanquero con petr\u00f3leo<\/strong>, lo que oblig\u00f3 a la administraci\u00f3n del presidente Miguel D\u00edaz-Canel a adoptar <strong>medidas de emergencia<\/strong>. Entre ellas figuran el <strong>racionamiento de la gasolina, la suspensi\u00f3n de la venta de di\u00e9sel y la reducci\u00f3n de algunos servicios hospitalarios<\/strong> para ahorrar energ\u00eda.<\/p>\n<div class=\"content-media\">\n<section role=\"button\" class=\"mod-media   \">\n<figure role=\"button\" tabindex=\"0\" class=\"mod-figure \"><figcaption class=\"mod-figcaption\"><span class=\"com-text --caption --twoxs\">Conductores hacen una larga fila para ingresar a una gasolinera en La Habana<\/span><span class=\"com-text --credit --twoxs\">Ramon Espinosa &#8211; AP<\/span><\/figcaption><\/figure>\n<\/section>\n<\/div>\n<p class=\"com-paragraph   --s\">El sistema el\u00e9ctrico cubano depende principalmente de una<strong> red de termoel\u00e9ctricas envejecidas<\/strong>, varias de las cuales tienen m\u00e1s de cuatro d\u00e9cadas de funcionamiento. Las aver\u00edas frecuentes, sumadas a la escasez de combustible y a la falta de inversiones, han provocado una serie de fallas en cadena que dejan al pa\u00eds vulnerable a apagones masivos. <\/p>\n<p class=\"com-paragraph   --s\"><strong>En las \u00faltimas semanas los cortes de electricidad ya se hab\u00edan intensificado en todo el pa\u00eds. <\/strong>A comienzos de marzo, un fallo en una central termoel\u00e9ctrica clave provoc\u00f3 un apag\u00f3n que dej\u00f3 sin luz a dos tercios del territorio nacional, incluida la capital, La Habana. <\/p>\n<p class=\"com-paragraph   --s\">Incluso fuera de esos colapsos totales, los <strong>cubanos enfrentan apagones programados cada d\u00eda<\/strong>. En los \u00faltimos meses, barrios de La Habana han sufrido <strong>cortes que superan las 15 horas diarias<\/strong>, mientras que en algunas provincias el suministro puede interrumpirse <strong>durante m\u00e1s de 24 horas consecutivas.<\/strong><\/p>\n<div class=\"content-media\">\n<section role=\"button\" class=\"mod-media   \">\n<figure role=\"button\" tabindex=\"0\" class=\"mod-figure \"><figcaption class=\"mod-figcaption\"><span class=\"com-text --caption --twoxs\">Una mujer enciende carb\u00f3n para cocinar la cena durante un apag\u00f3n programado con el fin de racionar la energ\u00eda en Santa Cruz del Norte, sede de una de las centrales termoel\u00e9ctricas m\u00e1s grandes de Cuba<\/span><span class=\"com-text --credit --twoxs\">Ramon Espinosa &#8211; AP<\/span><\/figcaption><\/figure>\n<\/section>\n<\/div>\n<p class=\"com-paragraph   --s\">La <strong>crisis energ\u00e9tica tiene un impacto directo sobre la econom\u00eda <\/strong>y la vida cotidiana de la isla, donde viven unos 10 millones de habitantes.<strong> Comercios, transporte p\u00fablico y servicios b\u00e1sicos funcionan con fuertes limitaciones<\/strong>, mientras que hospitales y centros estrat\u00e9gicos dependen cada vez m\u00e1s de generadores.<\/p>\n<p class=\"com-paragraph   --s\">Para justificar su pol\u00edtica, <strong>Washington sostiene que Cuba representa una \u201camenaza excepcional\u201d para la seguridad nacional estadounidense <\/strong>debido a sus v\u00ednculos con pa\u00edses como China, Rusia e Ir\u00e1n.<\/p>\n<p class=\"com-paragraph   --s\">El <strong>gobierno cubano<\/strong>, en cambio, <strong>acusa a Estados Unidos de intentar \u201casfixiar\u201d econ\u00f3micamente a la isla<\/strong> mediante el endurecimiento del embargo vigente desde 1962 y el bloqueo energ\u00e9tico reciente. Seg\u00fan La Habana, esas medidas han agravado la crisis econ\u00f3mica y han impedido invertir en infraestructura el\u00e9ctrica o adquirir combustible en el mercado internacional.<\/p>\n<p class=\"com-paragraph   --s\"><strong>Agencias AP, AFP y Reuters<\/strong><\/p>\n<section class=\"container-center-100 mb-40 border border-bottom border-thin border-neutral-light-700\">\n<hr\/>\n<\/section>\n<\/div>\n\n","protected":false},"excerpt":{"rendered":"<p>LA HABANA.\u2013 Cuba sufri\u00f3 este lunes un apag\u00f3n generalizado luego de que colapsara el sistema el\u00e9ctrico nacional y dej\u00f3 a millones de personas sin suministro en medio de la grave crisis energ\u00e9tica que atraviesa la isla. Se trata del sexto apag\u00f3n total registrado en un a\u00f1o y medio. La empresa estatal Uni\u00f3n El\u00e9ctrica de Cuba [&hellip;]<\/p>\n","protected":false},"author":2,"featured_media":229381,"comment_status":"closed","ping_status":"closed","sticky":false,"template":"","format":"standard","meta":{"footnotes":""},"categories":[1],"tags":[],"class_list":["post-229380","post","type-post","status-publish","format-standard","has-post-thumbnail","hentry","category-uncategorized"],"_links":{"self":[{"href":"https:\/\/radioacuariofm.com.ar\/index.php?rest_route=\/wp\/v2\/posts\/229380","targetHints":{"allow":["GET"]}}],"collection":[{"href":"https:\/\/radioacuariofm.com.ar\/index.php?rest_route=\/wp\/v2\/posts"}],"about":[{"href":"https:\/\/radioacuariofm.com.ar\/index.php?rest_route=\/wp\/v2\/types\/post"}],"author":[{"embeddable":true,"href":"https:\/\/radioacuariofm.com.ar\/index.php?rest_route=\/wp\/v2\/users\/2"}],"replies":[{"embeddable":true,"href":"https:\/\/radioacuariofm.com.ar\/index.php?rest_route=%2Fwp%2Fv2%2Fcomments&post=229380"}],"version-history":[{"count":1,"href":"https:\/\/radioacuariofm.com.ar\/index.php?rest_route=\/wp\/v2\/posts\/229380\/revisions"}],"predecessor-version":[{"id":229382,"href":"https:\/\/radioacuariofm.com.ar\/index.php?rest_route=\/wp\/v2\/posts\/229380\/revisions\/229382"}],"wp:featuredmedia":[{"embeddable":true,"href":"https:\/\/radioacuariofm.com.ar\/index.php?rest_route=\/wp\/v2\/media\/229381"}],"wp:attachment":[{"href":"https:\/\/radioacuariofm.com.ar\/index.php?rest_route=%2Fwp%2Fv2%2Fmedia&parent=229380"}],"wp:term":[{"taxonomy":"category","embeddable":true,"href":"https:\/\/radioacuariofm.com.ar\/index.php?rest_route=%2Fwp%2Fv2%2Fcategories&post=229380"},{"taxonomy":"post_tag","embeddable":true,"href":"https:\/\/radioacuariofm.com.ar\/index.php?rest_route=%2Fwp%2Fv2%2Ftags&post=229380"}],"curies":[{"name":"wp","href":"https:\/\/api.w.org\/{rel}","templated":true}]}}