{"id":229377,"date":"2026-03-16T16:30:53","date_gmt":"2026-03-16T19:30:53","guid":{"rendered":"https:\/\/radioacuariofm.com.ar\/?p=229377"},"modified":"2026-03-16T16:30:55","modified_gmt":"2026-03-16T19:30:55","slug":"el-tb-inauguro-la-10-temporada-con-una-experiencia-inmersiva-inigualable","status":"publish","type":"post","link":"https:\/\/radioacuariofm.com.ar\/?p=229377","title":{"rendered":"EL TB inaugur\u00f3 la 10\u00b0 temporada con una experiencia inmersiva inigualable"},"content":{"rendered":"<p><\/p>\n<div>\n<p>El Teatro del Bicentenario, dependiente del Ministerio de Turismo, Cultura y Deporte, inaugur\u00f3 la d\u00e9cima temporada desde su apertura, con la presentaci\u00f3n de Reflejos de Macondo, una propuesta esc\u00e9nica internacional que combin\u00f3 m\u00fasica y fotograf\u00eda. Una experiencia art\u00edstica \u00fanica inspirada en <strong>Cien a\u00f1os de soledad<\/strong>, la c\u00e9lebre obra del Nobel colombiano <strong>Gabriel Garc\u00eda M\u00e1rquez<\/strong>.<br \/>En esta ocasi\u00f3n, los espectadores fueron ubicados sobre el escenario de la Sala Principal, mientras el tel\u00f3n permaneci\u00f3 cerrado, generando una atm\u00f3sfera \u00edntima que transform\u00f3 la experiencia esc\u00e9nica en un encuentro cercano entre artistas y p\u00fablico.<br \/>Esta particular disposici\u00f3n convirti\u00f3 el concierto en una vivencia multisensorial, donde la cercan\u00eda con los int\u00e9rpretes, m\u00fasica, im\u00e1genes y relato permitieron a los asistentes sumergirse en el universo de Macondo. Transitando el tiempo, la memoria y la soledad, ejes centrales de la obra de Garc\u00eda M\u00e1rquez.<br \/>La propuesta reuni\u00f3 a la pianista espa\u00f1ola Mar\u00eda Jos\u00e9 de Bustos y al fot\u00f3grafo colombiano \u00d3scar Perfer, en una creaci\u00f3n producida por el Teatro Mayor Julio Mario Santo Domingo de Colombia. La puesta trascendi\u00f3 el formato tradicional del concierto para convertirse en una polifon\u00eda visual, donde las fotograf\u00edas de Perfer \u2014de impronta pict\u00f3rica y mirada contempor\u00e1nea\u2014 dialogaron con la interpretaci\u00f3n pian\u00edstica de De Bustos, que tradujo en m\u00fasica el pulso interno del universo literario del autor colombiano.<br \/>El programa musical incluy\u00f3 obras de Claude Debussy, Fr\u00e9d\u00e9ric Chopin, Erik Satie y Franz Schubert, acompa\u00f1ando una cuidada puesta esc\u00e9nica que reforz\u00f3 el car\u00e1cter po\u00e9tico y evocador de la experiencia.<br \/>Al finalizar cada funci\u00f3n, el p\u00fablico comparti\u00f3 una degustaci\u00f3n de vinos Xumek, cerrando la velada en un clima de celebraci\u00f3n que acompa\u00f1\u00f3 la apertura de la d\u00e9cima temporada del Teatro del Bicentenario.<br \/>Con Reflejos de Macondo, el Teatro del Bicentenario dio inicio a su Temporada 2026, reafirmando su compromiso con la presentaci\u00f3n de propuestas art\u00edsticas innovadoras, de proyecci\u00f3n internacional y capaces de generar nuevas formas de encuentro entre el arte y el p\u00fablico.<\/p>\n<\/p><\/div>\n<p><script async defer crossorigin=\"anonymous\" src=\"https:\/\/connect.facebook.net\/es_ES\/sdk.js#xfbml=1&#038;version=v3.3\"><\/script><\/p>\n","protected":false},"excerpt":{"rendered":"<p>El Teatro del Bicentenario, dependiente del Ministerio de Turismo, Cultura y Deporte, inaugur\u00f3 la d\u00e9cima temporada desde su apertura, con la presentaci\u00f3n de Reflejos de Macondo, una propuesta esc\u00e9nica internacional que combin\u00f3 m\u00fasica y fotograf\u00eda. Una experiencia art\u00edstica \u00fanica inspirada en Cien a\u00f1os de soledad, la c\u00e9lebre obra del Nobel colombiano Gabriel Garc\u00eda M\u00e1rquez.En esta [&hellip;]<\/p>\n","protected":false},"author":2,"featured_media":229378,"comment_status":"closed","ping_status":"closed","sticky":false,"template":"","format":"standard","meta":{"footnotes":""},"categories":[27],"tags":[],"class_list":["post-229377","post","type-post","status-publish","format-standard","has-post-thumbnail","hentry","category-san-juan"],"_links":{"self":[{"href":"https:\/\/radioacuariofm.com.ar\/index.php?rest_route=\/wp\/v2\/posts\/229377","targetHints":{"allow":["GET"]}}],"collection":[{"href":"https:\/\/radioacuariofm.com.ar\/index.php?rest_route=\/wp\/v2\/posts"}],"about":[{"href":"https:\/\/radioacuariofm.com.ar\/index.php?rest_route=\/wp\/v2\/types\/post"}],"author":[{"embeddable":true,"href":"https:\/\/radioacuariofm.com.ar\/index.php?rest_route=\/wp\/v2\/users\/2"}],"replies":[{"embeddable":true,"href":"https:\/\/radioacuariofm.com.ar\/index.php?rest_route=%2Fwp%2Fv2%2Fcomments&post=229377"}],"version-history":[{"count":1,"href":"https:\/\/radioacuariofm.com.ar\/index.php?rest_route=\/wp\/v2\/posts\/229377\/revisions"}],"predecessor-version":[{"id":229379,"href":"https:\/\/radioacuariofm.com.ar\/index.php?rest_route=\/wp\/v2\/posts\/229377\/revisions\/229379"}],"wp:featuredmedia":[{"embeddable":true,"href":"https:\/\/radioacuariofm.com.ar\/index.php?rest_route=\/wp\/v2\/media\/229378"}],"wp:attachment":[{"href":"https:\/\/radioacuariofm.com.ar\/index.php?rest_route=%2Fwp%2Fv2%2Fmedia&parent=229377"}],"wp:term":[{"taxonomy":"category","embeddable":true,"href":"https:\/\/radioacuariofm.com.ar\/index.php?rest_route=%2Fwp%2Fv2%2Fcategories&post=229377"},{"taxonomy":"post_tag","embeddable":true,"href":"https:\/\/radioacuariofm.com.ar\/index.php?rest_route=%2Fwp%2Fv2%2Ftags&post=229377"}],"curies":[{"name":"wp","href":"https:\/\/api.w.org\/{rel}","templated":true}]}}