{"id":229368,"date":"2026-03-16T15:00:50","date_gmt":"2026-03-16T18:00:50","guid":{"rendered":"https:\/\/radioacuariofm.com.ar\/?p=229368"},"modified":"2026-03-16T15:00:51","modified_gmt":"2026-03-16T18:00:51","slug":"el-gobierno-sumo-otro-mes-de-superavit-financiero-en-febrero","status":"publish","type":"post","link":"https:\/\/radioacuariofm.com.ar\/?p=229368","title":{"rendered":"El Gobierno sum\u00f3 otro mes de super\u00e1vit financiero en febrero"},"content":{"rendered":"<p><\/p>\n<div>\n<p class=\"com-paragraph  --capital --s\">El Ministerio de Econom\u00eda anunci\u00f3 que un<strong> super\u00e1vit financiero de $144.421 millones en febrero. <\/strong>El resultado surge de un super\u00e1vit primario de $1,4 billones, al que se le descontaron pagos de intereses de deuda p\u00fablica \u2014netos de operaciones intrasector p\u00fablico\u2014 por $1,3 billones.<\/p>\n<p class=\"com-paragraph   --s\">Con este dato, <strong>el acumulado de los primeros dos meses del a\u00f1o arroja un super\u00e1vit financiero de aproximadamente 0,1% del PBI <\/strong>y un resultado primario de alrededor de 0,4% del PBI, cifras que la cartera econ\u00f3mica present\u00f3 como ratificaci\u00f3n del equilibrio fiscal como pilar central de la gesti\u00f3n de Javier Milei.<\/p>\n<p class=\"com-paragraph   --s\">En detalle, los <strong>ingresos <\/strong>totales del Sector P\u00fablico Nacional (SPN) alcanzaron en febrero los $11,8 billones, <strong>un incremento del 21,2% interanual, por debajo de la inflaci\u00f3n de 33,1% para el mismo per\u00edodo.<\/strong><\/p>\n<p class=\"com-paragraph   --s\">Dentro de los <strong>recursos tributarios \u2014que crecieron 19,7% con respecto al mismo mes del a\u00f1o anterior, con una ca\u00edda real de 9% descontada la inflaci\u00f3n\u2014 <\/strong>se destacaron el impuesto a las Ganancias (+27,9%), los Aportes y Contribuciones a la Seguridad Social (+26,0%) y el impuesto a los D\u00e9bitos y Cr\u00e9ditos (+22,7%). El IVA neto de reintegros avanz\u00f3 un 15,7%.<\/p>\n<p class=\"com-paragraph   --s\">En sentido contrario,<strong> los derechos de exportaci\u00f3n cayeron 20,4% interanual<\/strong>. El propio Ministerio de Econom\u00eda advirti\u00f3 que la comparaci\u00f3n se ve distorsionada por la reducci\u00f3n de algunos impuestos que tuvo lugar a lo largo de 2025.<\/p>\n<p class=\"com-paragraph   --s\"><strong>Los gastos primarios, en tanto, totalizaron $10,4 billones, con un alza de 21,3% interanual, pr\u00e1cticamente id\u00e9ntica a la de los ingresos<\/strong>. Las prestaciones sociales fueron la partida m\u00e1s pesada, con $7,2 billones (+23,2%), seguidas por las remuneraciones del sector p\u00fablico, que ascendieron a $1,5 billones (+22,5%).<\/p>\n<p class=\"com-paragraph   --s\">Las <strong>transferencias corrientes<\/strong> sumaron $3 billones, con un crecimiento m\u00e1s moderado del 7,7% interanual. Las destinadas al sector privado aumentaron $217.703 millones (+9,7%), mientras que las giradas al sector p\u00fablico alcanzaron los $546.649 millones (+4,2%).<\/p>\n<p class=\"com-paragraph   --s\"><strong>Un dato que sobresale es el comportamiento de los subsidios econ\u00f3micos, que totalizaron $554.487 millones con una suba del 30,2% interanual<\/strong>. Al interior de ese n\u00famero conviven dos tendencias opuestas: los subsidios energ\u00e9ticos se dispararon un 123,5%, en tanto que los del transporte se redujeron un 22%.<\/p>\n<p class=\"com-paragraph   --s\">Con estos n\u00fameros, <strong>el Gobierno busca consolidar la se\u00f1al de disciplina fiscal ante el mercado <\/strong>y reforzar la idea de que el equilibrio de las cuentas p\u00fablicas es la base sobre la que se apoya la estrategia de estabilizaci\u00f3n econ\u00f3mica.<\/p>\n<p class=\"com-paragraph   --s\">El a\u00f1o pasado el Gobierno <a href=\"https:\/\/www.lanacion.com.ar\/economia\/promesa-de-campana-el-gobierno-logro-el-superavit-fiscal-por-segundo-ano-consecutivo-nid16012026\/\" target=\"_self\" title=\"https:\/\/www.lanacion.com.ar\/economia\/promesa-de-campana-el-gobierno-logro-el-superavit-fiscal-por-segundo-ano-consecutivo-nid16012026\/\" class=\"com-link break-word\" data-mrf-recirculation=\"n_link_parrafo\">inform\u00f3 un super\u00e1vit fiscal primario de 1,4% del PBI<\/a>, por debajo del 1,6% que se hab\u00eda autoimpuesto el Ministerio de Econom\u00eda, pero <strong>mayor al 1,3% de meta impuesto por el FMI<\/strong>. Para este a\u00f1o, <strong>el objetivo es alcanzar un 1,5%.<\/strong><\/p>\n<section class=\"container-center-100 mb-40 border border-bottom border-thin border-neutral-light-700\">\n<hr\/>\n<\/section>\n<\/div>\n","protected":false},"excerpt":{"rendered":"<p>El Ministerio de Econom\u00eda anunci\u00f3 que un super\u00e1vit financiero de $144.421 millones en febrero. El resultado surge de un super\u00e1vit primario de $1,4 billones, al que se le descontaron pagos de intereses de deuda p\u00fablica \u2014netos de operaciones intrasector p\u00fablico\u2014 por $1,3 billones. Con este dato, el acumulado de los primeros dos meses del a\u00f1o [&hellip;]<\/p>\n","protected":false},"author":2,"featured_media":229369,"comment_status":"closed","ping_status":"closed","sticky":false,"template":"","format":"standard","meta":{"footnotes":""},"categories":[28],"tags":[],"class_list":["post-229368","post","type-post","status-publish","format-standard","has-post-thumbnail","hentry","category-economia"],"_links":{"self":[{"href":"https:\/\/radioacuariofm.com.ar\/index.php?rest_route=\/wp\/v2\/posts\/229368","targetHints":{"allow":["GET"]}}],"collection":[{"href":"https:\/\/radioacuariofm.com.ar\/index.php?rest_route=\/wp\/v2\/posts"}],"about":[{"href":"https:\/\/radioacuariofm.com.ar\/index.php?rest_route=\/wp\/v2\/types\/post"}],"author":[{"embeddable":true,"href":"https:\/\/radioacuariofm.com.ar\/index.php?rest_route=\/wp\/v2\/users\/2"}],"replies":[{"embeddable":true,"href":"https:\/\/radioacuariofm.com.ar\/index.php?rest_route=%2Fwp%2Fv2%2Fcomments&post=229368"}],"version-history":[{"count":1,"href":"https:\/\/radioacuariofm.com.ar\/index.php?rest_route=\/wp\/v2\/posts\/229368\/revisions"}],"predecessor-version":[{"id":229370,"href":"https:\/\/radioacuariofm.com.ar\/index.php?rest_route=\/wp\/v2\/posts\/229368\/revisions\/229370"}],"wp:featuredmedia":[{"embeddable":true,"href":"https:\/\/radioacuariofm.com.ar\/index.php?rest_route=\/wp\/v2\/media\/229369"}],"wp:attachment":[{"href":"https:\/\/radioacuariofm.com.ar\/index.php?rest_route=%2Fwp%2Fv2%2Fmedia&parent=229368"}],"wp:term":[{"taxonomy":"category","embeddable":true,"href":"https:\/\/radioacuariofm.com.ar\/index.php?rest_route=%2Fwp%2Fv2%2Fcategories&post=229368"},{"taxonomy":"post_tag","embeddable":true,"href":"https:\/\/radioacuariofm.com.ar\/index.php?rest_route=%2Fwp%2Fv2%2Ftags&post=229368"}],"curies":[{"name":"wp","href":"https:\/\/api.w.org\/{rel}","templated":true}]}}