{"id":229365,"date":"2026-03-16T14:47:51","date_gmt":"2026-03-16T17:47:51","guid":{"rendered":"https:\/\/radioacuariofm.com.ar\/?p=229365"},"modified":"2026-03-16T14:47:52","modified_gmt":"2026-03-16T17:47:52","slug":"ninez-participa-del-ii-congreso-de-justicia-y-practicas-restaurativas","status":"publish","type":"post","link":"https:\/\/radioacuariofm.com.ar\/?p=229365","title":{"rendered":"Ni\u00f1ez participa del II Congreso de Justicia y Pr\u00e1cticas Restaurativas"},"content":{"rendered":"<p><\/p>\n<div>\n<p>Funcionarios de la Direcci\u00f3n de Ni\u00f1ez, Adolescencia y Familia participan en Capital Federal del II Congreso Argentino de Justicia y Pr\u00e1cticas Restaurativas y del 1\u00b0 Foro Iberoamericano de Justicia Juvenil Restaurativa. Este encuentro acad\u00e9mico y de intercambio de experiencias sobre las pol\u00edticas p\u00fablicas orientadas a la reparaci\u00f3n de da\u00f1os, pero tambi\u00e9n sobre la responsabilidad de los actores y la reconstrucci\u00f3n del tejido social, poniendo en el centro la protecci\u00f3n integral de los adolescentes en conflicto con la ley se lleva a cabo del 16 al 18 de marzo.<\/p>\n<p>El encuentro re\u00fane a especialistas, responsables de instituciones y organismos p\u00fablicos comprometidos con la promoci\u00f3n de enfoques restaurativos en la resoluci\u00f3n de conflictos.<\/p>\n<p>Justamente en este marco que propone construir un espacio de referencia para el an\u00e1lisis y la construcci\u00f3n colectiva de pol\u00edticas p\u00fablicas, las autoridades de la Direcci\u00f3n de Ni\u00f1ez, Adolescencia y Familia, expondr\u00e1n en una de las mesas de trabajo sobre la labor que el organismo desarrolla en la provincia en materia de Justicia Restaurativa y el abordaje integral de las problem\u00e1ticas que involucran a ni\u00f1as, ni\u00f1os y adolescentes.<\/p>\n<p>Este programa se implement\u00f3 en la provincia en conjunto entre el Ministerio de Familia y Desarrollo Humano y el Poder Judicial, a trav\u00e9s de la Oficina de Justicia Restaurativa de la Corte de Justicia de San Juan, en diciembre del 2024 y tras un proceso de capacitaci\u00f3n reci\u00e9n tuvo sus primeras acciones en mayo del 2025. El modelo restaurativo -que deja de lado la sanci\u00f3n para enfocarse en un abordaje que incluye a victimario y su entorno, v\u00edctima y la comunidad para contener y acompa\u00f1ar- implica el seguimiento de cada caso y un trabajo personalizado. Ya se ha aplicado en al menos 91 casos.<\/p>\n<p>En el 2025, la iniciativa fue reconocida en el XVI Congreso Latinoamericano de Ni\u00f1ez, Adolescencia y Familia en Uruguay como \u201cMejor Programa de Inclusi\u00f3n\u201d.<\/p>\n<p>En el encuentro nacional, la delegaci\u00f3n sanjuanina compartir\u00e1 las experiencias, metodolog\u00edas de intervenci\u00f3n y resultados alcanzados a partir del trabajo territorial que se lleva adelante.<\/p>\n<\/p><\/div>\n<p><script async defer crossorigin=\"anonymous\" src=\"https:\/\/connect.facebook.net\/es_ES\/sdk.js#xfbml=1&#038;version=v3.3\"><\/script><\/p>\n","protected":false},"excerpt":{"rendered":"<p>Funcionarios de la Direcci\u00f3n de Ni\u00f1ez, Adolescencia y Familia participan en Capital Federal del II Congreso Argentino de Justicia y Pr\u00e1cticas Restaurativas y del 1\u00b0 Foro Iberoamericano de Justicia Juvenil Restaurativa. Este encuentro acad\u00e9mico y de intercambio de experiencias sobre las pol\u00edticas p\u00fablicas orientadas a la reparaci\u00f3n de da\u00f1os, pero tambi\u00e9n sobre la responsabilidad de [&hellip;]<\/p>\n","protected":false},"author":2,"featured_media":229366,"comment_status":"closed","ping_status":"closed","sticky":false,"template":"","format":"standard","meta":{"footnotes":""},"categories":[27],"tags":[],"class_list":["post-229365","post","type-post","status-publish","format-standard","has-post-thumbnail","hentry","category-san-juan"],"_links":{"self":[{"href":"https:\/\/radioacuariofm.com.ar\/index.php?rest_route=\/wp\/v2\/posts\/229365","targetHints":{"allow":["GET"]}}],"collection":[{"href":"https:\/\/radioacuariofm.com.ar\/index.php?rest_route=\/wp\/v2\/posts"}],"about":[{"href":"https:\/\/radioacuariofm.com.ar\/index.php?rest_route=\/wp\/v2\/types\/post"}],"author":[{"embeddable":true,"href":"https:\/\/radioacuariofm.com.ar\/index.php?rest_route=\/wp\/v2\/users\/2"}],"replies":[{"embeddable":true,"href":"https:\/\/radioacuariofm.com.ar\/index.php?rest_route=%2Fwp%2Fv2%2Fcomments&post=229365"}],"version-history":[{"count":1,"href":"https:\/\/radioacuariofm.com.ar\/index.php?rest_route=\/wp\/v2\/posts\/229365\/revisions"}],"predecessor-version":[{"id":229367,"href":"https:\/\/radioacuariofm.com.ar\/index.php?rest_route=\/wp\/v2\/posts\/229365\/revisions\/229367"}],"wp:featuredmedia":[{"embeddable":true,"href":"https:\/\/radioacuariofm.com.ar\/index.php?rest_route=\/wp\/v2\/media\/229366"}],"wp:attachment":[{"href":"https:\/\/radioacuariofm.com.ar\/index.php?rest_route=%2Fwp%2Fv2%2Fmedia&parent=229365"}],"wp:term":[{"taxonomy":"category","embeddable":true,"href":"https:\/\/radioacuariofm.com.ar\/index.php?rest_route=%2Fwp%2Fv2%2Fcategories&post=229365"},{"taxonomy":"post_tag","embeddable":true,"href":"https:\/\/radioacuariofm.com.ar\/index.php?rest_route=%2Fwp%2Fv2%2Ftags&post=229365"}],"curies":[{"name":"wp","href":"https:\/\/api.w.org\/{rel}","templated":true}]}}