{"id":229362,"date":"2026-03-16T14:22:01","date_gmt":"2026-03-16T17:22:01","guid":{"rendered":"https:\/\/radioacuariofm.com.ar\/?p=229362"},"modified":"2026-03-16T14:22:03","modified_gmt":"2026-03-16T17:22:03","slug":"continuan-las-formaciones-en-ia-mediante-un-convenio-con-eidos-global","status":"publish","type":"post","link":"https:\/\/radioacuariofm.com.ar\/?p=229362","title":{"rendered":"Contin\u00faan las formaciones en IA mediante un convenio con Eidos Global"},"content":{"rendered":"<p><\/p>\n<div>\n<p>Desde la Secretar\u00eda de Ciencia, Tecnolog\u00eda e Innovaci\u00f3n se sigue acompa\u00f1ando a profesionales, docentes y formadores que buscan desarrollar competencias pedag\u00f3gicas en Inteligencia Artificial. Entre las dos primeras cohortes, m\u00e1s de 400 sanjuaninos completaron satisfactoriamente la formaci\u00f3n en Alfabetizaci\u00f3n en IA y m\u00e1s de 500 sanjuaninos est\u00e1n completando el trayecto de formaci\u00f3n de formadores.<\/p>\n<p>El Trayecto Pedag\u00f3gico de Inteligencia Artificial es una formaci\u00f3n orientada a educadores, docentes y formadores que tiene como prop\u00f3sito desarrollar competencias pedag\u00f3gicas para la ense\u00f1anza de la IA. El trayecto brinda herramientas did\u00e1cticas y contenidos fundamentales para que los participantes puedan replicar una propuesta de alfabetizaci\u00f3n en Inteligencia Artificial en distintos contextos formativos, promoviendo un uso \u00e9tico, cr\u00edtico e inclusivo de la tecnolog\u00eda.<\/p>\n<p>Este convenio firmado entre el gobierno de San Juan y Eidos Global cuenta con el apoyo de Google.org, con la finalidad de reducir la brecha digital a trav\u00e9s de un programa integral de alfabetizaci\u00f3n en IA y habilidades socioemocionales.<\/p>\n<p>Todas las novedades sobre pr\u00f3ximas cohortes de Alfabetizaci\u00f3n en IA y formaci\u00f3n de formadores se publicar\u00e1n en las redes sociales del Centro de Econom\u00eda e Innovaci\u00f3n (CECI), dependiente de la Secretar\u00eda de Ciencia, Tecnolog\u00eda e Innovaci\u00f3n.<\/p>\n<\/p><\/div>\n<p><script async defer crossorigin=\"anonymous\" src=\"https:\/\/connect.facebook.net\/es_ES\/sdk.js#xfbml=1&#038;version=v3.3\"><\/script><\/p>\n","protected":false},"excerpt":{"rendered":"<p>Desde la Secretar\u00eda de Ciencia, Tecnolog\u00eda e Innovaci\u00f3n se sigue acompa\u00f1ando a profesionales, docentes y formadores que buscan desarrollar competencias pedag\u00f3gicas en Inteligencia Artificial. Entre las dos primeras cohortes, m\u00e1s de 400 sanjuaninos completaron satisfactoriamente la formaci\u00f3n en Alfabetizaci\u00f3n en IA y m\u00e1s de 500 sanjuaninos est\u00e1n completando el trayecto de formaci\u00f3n de formadores. El [&hellip;]<\/p>\n","protected":false},"author":2,"featured_media":229363,"comment_status":"closed","ping_status":"closed","sticky":false,"template":"","format":"standard","meta":{"footnotes":""},"categories":[27],"tags":[],"class_list":["post-229362","post","type-post","status-publish","format-standard","has-post-thumbnail","hentry","category-san-juan"],"_links":{"self":[{"href":"https:\/\/radioacuariofm.com.ar\/index.php?rest_route=\/wp\/v2\/posts\/229362","targetHints":{"allow":["GET"]}}],"collection":[{"href":"https:\/\/radioacuariofm.com.ar\/index.php?rest_route=\/wp\/v2\/posts"}],"about":[{"href":"https:\/\/radioacuariofm.com.ar\/index.php?rest_route=\/wp\/v2\/types\/post"}],"author":[{"embeddable":true,"href":"https:\/\/radioacuariofm.com.ar\/index.php?rest_route=\/wp\/v2\/users\/2"}],"replies":[{"embeddable":true,"href":"https:\/\/radioacuariofm.com.ar\/index.php?rest_route=%2Fwp%2Fv2%2Fcomments&post=229362"}],"version-history":[{"count":1,"href":"https:\/\/radioacuariofm.com.ar\/index.php?rest_route=\/wp\/v2\/posts\/229362\/revisions"}],"predecessor-version":[{"id":229364,"href":"https:\/\/radioacuariofm.com.ar\/index.php?rest_route=\/wp\/v2\/posts\/229362\/revisions\/229364"}],"wp:featuredmedia":[{"embeddable":true,"href":"https:\/\/radioacuariofm.com.ar\/index.php?rest_route=\/wp\/v2\/media\/229363"}],"wp:attachment":[{"href":"https:\/\/radioacuariofm.com.ar\/index.php?rest_route=%2Fwp%2Fv2%2Fmedia&parent=229362"}],"wp:term":[{"taxonomy":"category","embeddable":true,"href":"https:\/\/radioacuariofm.com.ar\/index.php?rest_route=%2Fwp%2Fv2%2Fcategories&post=229362"},{"taxonomy":"post_tag","embeddable":true,"href":"https:\/\/radioacuariofm.com.ar\/index.php?rest_route=%2Fwp%2Fv2%2Ftags&post=229362"}],"curies":[{"name":"wp","href":"https:\/\/api.w.org\/{rel}","templated":true}]}}