{"id":229359,"date":"2026-03-16T14:14:56","date_gmt":"2026-03-16T17:14:56","guid":{"rendered":"https:\/\/radioacuariofm.com.ar\/?p=229359"},"modified":"2026-03-16T14:14:57","modified_gmt":"2026-03-16T17:14:57","slug":"bolsonaro-muestra-una-leve-mejoria-pero-sigue-internado-en-terapia-intensiva-por-neumonia","status":"publish","type":"post","link":"https:\/\/radioacuariofm.com.ar\/?p=229359","title":{"rendered":"Bolsonaro muestra una leve mejor\u00eda, pero sigue internado en terapia intensiva por neumon\u00eda"},"content":{"rendered":"<p> <br \/>\n<\/p>\n<div>\n<p class=\"com-paragraph  --capital --s\">SAN PABLO.\u2013 <strong>Hospitalizado en la unidad de cuidados intensivos<\/strong> del hospital DF Star de Brasilia desde el viernes por una <strong>bronconeumon\u00eda<\/strong>, el expresidente de Brasil <a href=\"https:\/\/www.lanacion.com.ar\/el-mundo\/trasladan-a-bolsonaro-de-la-carcel-al-hospital-tras-vomitos-y-escalofrios-y-crece-la-preocupacion-nid13032026\/\" target=\"_self\" title=\"https:\/\/www.lanacion.com.ar\/el-mundo\/trasladan-a-bolsonaro-de-la-carcel-al-hospital-tras-vomitos-y-escalofrios-y-crece-la-preocupacion-nid13032026\/\" class=\"com-link break-word\" data-mrf-recirculation=\"n_link_parrafo\"><strong>Jair Bolsonaro<\/strong><\/a> <strong>mostr\u00f3 en las \u00faltimas 24 horas signos de mejor\u00eda cl\u00ednica <\/strong>y en los resultados de laboratorio, seg\u00fan inform\u00f3 el equipo m\u00e9dico que lo atiende.<\/p>\n<p class=\"com-paragraph   --s\">Los m\u00e9dicos se\u00f1alaron que el exmandatario, de 70 a\u00f1os, presenta una <strong>recuperaci\u00f3n de la funci\u00f3n renal y una reducci\u00f3n parcial de los marcadores inflamatorios<\/strong>, lo que indica una respuesta favorable al tratamiento con antibi\u00f3ticos. Bolsonaro permanece internado por una <strong>\u201cneumon\u00eda bacteriana bilateral resultante de un episodio de broncoaspiraci\u00f3n\u201d<\/strong>, de acuerdo con el parte difundido por el centro m\u00e9dico.<\/p>\n<p class=\"com-paragraph   --s\">Pese a esta evoluci\u00f3n positiva, el exjefe de Estado contin\u00faa bajo monitoreo en terapia intensiva y, por el momento, <strong>no se prev\u00e9 su alta de la UCI.<\/strong><\/p>\n<\/div>\n\n","protected":false},"excerpt":{"rendered":"<p>SAN PABLO.\u2013 Hospitalizado en la unidad de cuidados intensivos del hospital DF Star de Brasilia desde el viernes por una bronconeumon\u00eda, el expresidente de Brasil Jair Bolsonaro mostr\u00f3 en las \u00faltimas 24 horas signos de mejor\u00eda cl\u00ednica y en los resultados de laboratorio, seg\u00fan inform\u00f3 el equipo m\u00e9dico que lo atiende. Los m\u00e9dicos se\u00f1alaron que [&hellip;]<\/p>\n","protected":false},"author":2,"featured_media":229360,"comment_status":"closed","ping_status":"closed","sticky":false,"template":"","format":"standard","meta":{"footnotes":""},"categories":[1],"tags":[],"class_list":["post-229359","post","type-post","status-publish","format-standard","has-post-thumbnail","hentry","category-uncategorized"],"_links":{"self":[{"href":"https:\/\/radioacuariofm.com.ar\/index.php?rest_route=\/wp\/v2\/posts\/229359","targetHints":{"allow":["GET"]}}],"collection":[{"href":"https:\/\/radioacuariofm.com.ar\/index.php?rest_route=\/wp\/v2\/posts"}],"about":[{"href":"https:\/\/radioacuariofm.com.ar\/index.php?rest_route=\/wp\/v2\/types\/post"}],"author":[{"embeddable":true,"href":"https:\/\/radioacuariofm.com.ar\/index.php?rest_route=\/wp\/v2\/users\/2"}],"replies":[{"embeddable":true,"href":"https:\/\/radioacuariofm.com.ar\/index.php?rest_route=%2Fwp%2Fv2%2Fcomments&post=229359"}],"version-history":[{"count":1,"href":"https:\/\/radioacuariofm.com.ar\/index.php?rest_route=\/wp\/v2\/posts\/229359\/revisions"}],"predecessor-version":[{"id":229361,"href":"https:\/\/radioacuariofm.com.ar\/index.php?rest_route=\/wp\/v2\/posts\/229359\/revisions\/229361"}],"wp:featuredmedia":[{"embeddable":true,"href":"https:\/\/radioacuariofm.com.ar\/index.php?rest_route=\/wp\/v2\/media\/229360"}],"wp:attachment":[{"href":"https:\/\/radioacuariofm.com.ar\/index.php?rest_route=%2Fwp%2Fv2%2Fmedia&parent=229359"}],"wp:term":[{"taxonomy":"category","embeddable":true,"href":"https:\/\/radioacuariofm.com.ar\/index.php?rest_route=%2Fwp%2Fv2%2Fcategories&post=229359"},{"taxonomy":"post_tag","embeddable":true,"href":"https:\/\/radioacuariofm.com.ar\/index.php?rest_route=%2Fwp%2Fv2%2Ftags&post=229359"}],"curies":[{"name":"wp","href":"https:\/\/api.w.org\/{rel}","templated":true}]}}