{"id":229347,"date":"2026-03-16T13:03:25","date_gmt":"2026-03-16T16:03:25","guid":{"rendered":"https:\/\/radioacuariofm.com.ar\/?p=229347"},"modified":"2026-03-16T13:03:27","modified_gmt":"2026-03-16T16:03:27","slug":"san-juan-recibira-la-segunda-fecha-del-campeonato","status":"publish","type":"post","link":"https:\/\/radioacuariofm.com.ar\/?p=229347","title":{"rendered":"San Juan recibir\u00e1 la segunda fecha del campeonato"},"content":{"rendered":"<p><\/p>\n<div>\n<p>La segunda fecha del campeonato de TC2000 se disputar\u00e1 en el m\u00edtico <strong>Aut\u00f3dromo Eduardo Copello<\/strong>, escenario emblem\u00e1tico del automovilismo nacional.<\/p>\n<p>El anuncio fue realizado por las autoridades de la categor\u00eda durante la previa de la gran final del TC2000 en el Circuito Callejero de Buenos Aires, donde se confirm\u00f3 que <strong>San Juan<\/strong> volver\u00e1 a formar parte del calendario y recibir\u00e1 a las principales divisionales del automovilismo argentino.<\/p>\n<p data-start=\"805\" data-end=\"1150\">De esta manera, el trazado sanjuanino, conocido popularmente como <strong>\u201cEl Zonda\u201d, <\/strong>ser\u00e1 nuevamente sede de la categor\u00eda, repitiendo la visita <strong>por segundo a\u00f1o consecutivo<\/strong>. El circuito, enclavado en un entorno natural \u00fanico y reconocido por su exigencia t\u00e9cnica, volver\u00e1 a ser protagonista de un fin de semana cargado de velocidad y adrenalina.<\/p>\n<p data-start=\"1152\" data-end=\"1487\">La actividad en pista se extender\u00e1 durante tres jornadas, con entrenamientos, clasificaciones y las finales de cada categor\u00eda. Seg\u00fan se inform\u00f3, la carrera principal del TC2000 se disputar\u00e1 en horario diurno, lo que permitir\u00e1 disfrutar plenamente del espect\u00e1culo automovil\u00edstico en uno de los escenarios m\u00e1s tradicionales del pa\u00eds.<\/p>\n<p data-start=\"1489\" data-end=\"1716\" data-is-last-node=\"\" data-is-only-node=\"\">La llegada del<strong> TC2000, Top Race, Fiat Competizione y F\u00f3rmula Nacional al Zonda<\/strong> promete convocar a fan\u00e1ticos del deporte motor de toda la regi\u00f3n, consolidando una vez m\u00e1s a <strong>San Juan como una de las plazas m\u00e1s importantes del automovilismo argentino.<\/strong><\/p>\n<\/p><\/div>\n<p><script async defer crossorigin=\"anonymous\" src=\"https:\/\/connect.facebook.net\/es_ES\/sdk.js#xfbml=1&#038;version=v3.3\"><\/script><\/p>\n","protected":false},"excerpt":{"rendered":"<p>La segunda fecha del campeonato de TC2000 se disputar\u00e1 en el m\u00edtico Aut\u00f3dromo Eduardo Copello, escenario emblem\u00e1tico del automovilismo nacional. El anuncio fue realizado por las autoridades de la categor\u00eda durante la previa de la gran final del TC2000 en el Circuito Callejero de Buenos Aires, donde se confirm\u00f3 que San Juan volver\u00e1 a formar [&hellip;]<\/p>\n","protected":false},"author":2,"featured_media":229348,"comment_status":"closed","ping_status":"closed","sticky":false,"template":"","format":"standard","meta":{"footnotes":""},"categories":[27],"tags":[],"class_list":["post-229347","post","type-post","status-publish","format-standard","has-post-thumbnail","hentry","category-san-juan"],"_links":{"self":[{"href":"https:\/\/radioacuariofm.com.ar\/index.php?rest_route=\/wp\/v2\/posts\/229347","targetHints":{"allow":["GET"]}}],"collection":[{"href":"https:\/\/radioacuariofm.com.ar\/index.php?rest_route=\/wp\/v2\/posts"}],"about":[{"href":"https:\/\/radioacuariofm.com.ar\/index.php?rest_route=\/wp\/v2\/types\/post"}],"author":[{"embeddable":true,"href":"https:\/\/radioacuariofm.com.ar\/index.php?rest_route=\/wp\/v2\/users\/2"}],"replies":[{"embeddable":true,"href":"https:\/\/radioacuariofm.com.ar\/index.php?rest_route=%2Fwp%2Fv2%2Fcomments&post=229347"}],"version-history":[{"count":1,"href":"https:\/\/radioacuariofm.com.ar\/index.php?rest_route=\/wp\/v2\/posts\/229347\/revisions"}],"predecessor-version":[{"id":229349,"href":"https:\/\/radioacuariofm.com.ar\/index.php?rest_route=\/wp\/v2\/posts\/229347\/revisions\/229349"}],"wp:featuredmedia":[{"embeddable":true,"href":"https:\/\/radioacuariofm.com.ar\/index.php?rest_route=\/wp\/v2\/media\/229348"}],"wp:attachment":[{"href":"https:\/\/radioacuariofm.com.ar\/index.php?rest_route=%2Fwp%2Fv2%2Fmedia&parent=229347"}],"wp:term":[{"taxonomy":"category","embeddable":true,"href":"https:\/\/radioacuariofm.com.ar\/index.php?rest_route=%2Fwp%2Fv2%2Fcategories&post=229347"},{"taxonomy":"post_tag","embeddable":true,"href":"https:\/\/radioacuariofm.com.ar\/index.php?rest_route=%2Fwp%2Fv2%2Ftags&post=229347"}],"curies":[{"name":"wp","href":"https:\/\/api.w.org\/{rel}","templated":true}]}}