{"id":229335,"date":"2026-03-16T12:10:31","date_gmt":"2026-03-16T15:10:31","guid":{"rendered":"https:\/\/radioacuariofm.com.ar\/?p=229335"},"modified":"2026-03-16T12:10:31","modified_gmt":"2026-03-16T15:10:31","slug":"la-seleccion-sanjuanina-de-menores-y-junior-brillo-en-el-campeonato-argentino","status":"publish","type":"post","link":"https:\/\/radioacuariofm.com.ar\/?p=229335","title":{"rendered":"la Selecci\u00f3n Sanjuanina de Menores y Junior brill\u00f3 en el Campeonato Argentino"},"content":{"rendered":"<p><\/p>\n<div>\n<p>Este fin de semana, la <strong>Selecci\u00f3n Sanjuanina de ciclismo en ruta<\/strong> termin\u00f3 primera en el medallero del <strong>Campeonato Argentino 2026 para categor\u00edas Menores y Junior<\/strong>. La delegaci\u00f3n gan\u00f3 11 medallas en total, de las cuales dos fueron de oro, cuatro de plata y cinco de bronce.<\/p>\n<p>La competencia nacional se disput\u00f3 desde el viernes 13 al domingo 15 de marzo, en la ciudad<strong> San Fernando del Valle, Catamarca<\/strong>. La cita cont\u00f3 con la organizaci\u00f3n de <strong>Asociaci\u00f3n Catamarque\u00f1a de Ciclismo <\/strong>y fiscalizaci\u00f3n de <strong>Federaci\u00f3n Argentina de Ciclismo de Pista y Ruta.<\/strong><\/p>\n<p>Hasta all\u00ed arribaron decenas de delegaciones con ciclistas j\u00f3venes, varones y damas, provenientes de todo el pa\u00eds. El selectivo sanjuanino fue apoyado por el gobierno provincial, a trav\u00e9s de su Ministerio de Turismo, Cultura y Deporte, y la Federaci\u00f3n Ciclista Sanjuanina.<\/p>\n<p>A continuaci\u00f3n, el <strong>detalle informativo sobre la Selecci\u00f3n Sanjuanina:<\/strong><\/p>\n<p><strong>Oro (2):<\/strong> Kendra Yaritza Ca\u00f1adas (etapa en l\u00ednea en Damas 2012-2013-2014); y Facundo Adriel Tivani (etapa en l\u00ednea en Varones Junior).<\/p>\n<p><strong>Plata (4):<\/strong> Facundo Adriel Tivani (contrarreloj individual en Varones Junior); Tiziana Bel\u00e9n Castro (etapa en l\u00ednea en Damas 2012-2013-2014); Lautaro Santino Naranjo (etapa en l\u00ednea en Varones 2013-2014); y Lautaro Benjam\u00edn Cobarrubia (etapa en l\u00ednea en Varones Junior).<\/p>\n<p><strong>Bronce (5):<\/strong> Yendri Nicolaza Guzm\u00e1n (etapa en l\u00ednea en Damas 2012-2013-2014); Rom\u00e1n Emanuel Monta\u00f1a (etapa en l\u00ednea en Varones 2013-2014); Alexis Gonzalo Pozo (etapa en l\u00ednea en Varones 2011); Joselin Jazm\u00edn Contreras (etapa en l\u00ednea en Damas 2010-2011); y Benjam\u00edn Alejandro Guzm\u00e1n (etapa en l\u00ednea en Varones Junior).<\/p>\n<p><strong>Principales posiciones del medallero oficial del Campeonato Argentino de Ruta para Menores y Junior \u2013 San Fernando del Valle, Catamarca 2026:<\/strong><\/p>\n<p><strong>1\u00b0 puesto: San Juan \u2013 11 medallas (2 oro, 4 plata y 5 bronce). <\/strong><br \/>2\u00b0 puesto: Metropolitana \u2013 3 medallas (2 oro, 1 bronce). <br \/>3\u00b0 puesto: ACCOS \u2013 2 medallas (1 oro y 1 plata).<br \/>4\u00b0 puesto: ACINOBA \u2013 2 medallas (1 oro y 1 plata). <br \/>5\u00b0 puesto: Neuqu\u00e9n \u2013 2 medallas (1 oro y 1 plata).<\/p>\n<p><strong>Delegaci\u00f3n completa de la Selecci\u00f3n Sanjuanina de Menores y Junior:<\/strong><\/p>\n<p><strong>Categor\u00eda: Varones 2013-2014 (7).<\/strong><br \/>Lautaro Naranjo, Valent\u00edn Ch\u00e1vez, Giovanni Ag\u00fcero, Rom\u00e1n Monta\u00f1a, Mat\u00edas P\u00e9rez, Nahuel Ag\u00fcero y Lisandro S\u00e1nchez.<\/p>\n<p><strong>Categor\u00eda: Damas 2010-2011 (3)<\/strong><br \/>Florencia Quintero, Tamara P\u00e1ez y Joselin Contreras.<\/p>\n<p><strong>Categor\u00eda: Damas Junior 2008-2009 (7).<\/strong><br \/>Victoria P\u00e1ez, P\u00eda Manzano, B\u00e1rbara Uliarte, Luciana Guzm\u00e1n, Dayana D\u00e1vila, Luciana Garro y Ludmila Becerra.<\/p>\n<p><strong>Categor\u00eda: Damas 2012-2013-2014 (7)<\/strong><br \/>Kendra Ca\u00f1adas, Yendri Guzm\u00e1n, Dominique Aguilar, Tiziana Castro, Solange Molina, Tatiana Manrique y Lara del Castillo.<\/p>\n<p><strong>Categor\u00eda: Varones 2010 (4)<\/strong><br \/>Tom\u00e1s Saavedra, Alan Oz\u00e1n, Santino Escudero y Joaqu\u00edn Aravena.<\/p>\n<p><strong>Categor\u00eda: Varones 2012 (3) <\/strong><br \/>Ger\u00f3nimo Castro, Esteban Quintero y Jos\u00e9 Quevedo.<\/p>\n<p><strong>Categor\u00eda: Varones 2011 (7)<\/strong><br \/>David Godoy, Facundo Aballay, Santino Oltra, Maicol Tivani, Erik Mendoza, Gonzalo Pozo y Uriel Moreno.<\/p>\n<p><strong>Categor\u00eda: Varones Junior 2008-2009 (9)<\/strong><br \/>Facundo Tivani, Lautaro Cobarrubia, Benjam\u00edn Guzm\u00e1n, Felipe Lucero, Adriel Mortensen, Miguel G\u00f3mez, Agust\u00edn Guzm\u00e1n, Gonzalo Aguirre y El\u00edas Roco.<\/p>\n<p>Cr\u00e9ditos por fotograf\u00edas: Luis Rojo Mallea.<\/p>\n<\/p><\/div>\n<p><script async defer crossorigin=\"anonymous\" src=\"https:\/\/connect.facebook.net\/es_ES\/sdk.js#xfbml=1&#038;version=v3.3\"><\/script><\/p>\n","protected":false},"excerpt":{"rendered":"<p>Este fin de semana, la Selecci\u00f3n Sanjuanina de ciclismo en ruta termin\u00f3 primera en el medallero del Campeonato Argentino 2026 para categor\u00edas Menores y Junior. La delegaci\u00f3n gan\u00f3 11 medallas en total, de las cuales dos fueron de oro, cuatro de plata y cinco de bronce. La competencia nacional se disput\u00f3 desde el viernes 13 [&hellip;]<\/p>\n","protected":false},"author":2,"featured_media":229336,"comment_status":"closed","ping_status":"closed","sticky":false,"template":"","format":"standard","meta":{"footnotes":""},"categories":[27],"tags":[],"class_list":["post-229335","post","type-post","status-publish","format-standard","has-post-thumbnail","hentry","category-san-juan"],"_links":{"self":[{"href":"https:\/\/radioacuariofm.com.ar\/index.php?rest_route=\/wp\/v2\/posts\/229335","targetHints":{"allow":["GET"]}}],"collection":[{"href":"https:\/\/radioacuariofm.com.ar\/index.php?rest_route=\/wp\/v2\/posts"}],"about":[{"href":"https:\/\/radioacuariofm.com.ar\/index.php?rest_route=\/wp\/v2\/types\/post"}],"author":[{"embeddable":true,"href":"https:\/\/radioacuariofm.com.ar\/index.php?rest_route=\/wp\/v2\/users\/2"}],"replies":[{"embeddable":true,"href":"https:\/\/radioacuariofm.com.ar\/index.php?rest_route=%2Fwp%2Fv2%2Fcomments&post=229335"}],"version-history":[{"count":1,"href":"https:\/\/radioacuariofm.com.ar\/index.php?rest_route=\/wp\/v2\/posts\/229335\/revisions"}],"predecessor-version":[{"id":229337,"href":"https:\/\/radioacuariofm.com.ar\/index.php?rest_route=\/wp\/v2\/posts\/229335\/revisions\/229337"}],"wp:featuredmedia":[{"embeddable":true,"href":"https:\/\/radioacuariofm.com.ar\/index.php?rest_route=\/wp\/v2\/media\/229336"}],"wp:attachment":[{"href":"https:\/\/radioacuariofm.com.ar\/index.php?rest_route=%2Fwp%2Fv2%2Fmedia&parent=229335"}],"wp:term":[{"taxonomy":"category","embeddable":true,"href":"https:\/\/radioacuariofm.com.ar\/index.php?rest_route=%2Fwp%2Fv2%2Fcategories&post=229335"},{"taxonomy":"post_tag","embeddable":true,"href":"https:\/\/radioacuariofm.com.ar\/index.php?rest_route=%2Fwp%2Fv2%2Ftags&post=229335"}],"curies":[{"name":"wp","href":"https:\/\/api.w.org\/{rel}","templated":true}]}}