{"id":229329,"date":"2026-03-16T11:45:00","date_gmt":"2026-03-16T14:45:00","guid":{"rendered":"https:\/\/radioacuariofm.com.ar\/?p=229329"},"modified":"2026-03-16T11:45:01","modified_gmt":"2026-03-16T14:45:01","slug":"angaco-cumple-210-anos-y-lo-celebra-con-musica-historia-e-identidad","status":"publish","type":"post","link":"https:\/\/radioacuariofm.com.ar\/?p=229329","title":{"rendered":"Angaco cumple 210 a\u00f1os y lo celebra con m\u00fasica, historia e identidad"},"content":{"rendered":"<p><\/p>\n<div>\n<p data-start=\"225\" data-end=\"505\">En el marco del 210 aniversario de Angaco, San Juan pone en valor la identidad de sus departamentos a trav\u00e9s del ciclo cultural <strong data-start=\"369\" data-end=\"401\">\u201cSan Juan tiene 19 estrofas\u201d<\/strong>, una propuesta que une m\u00fasica, palabra e imagen para contar la historia y el sentir de cada territorio.  Los artistas que homenajearon a su tierra natal son <b>Ra\u00fal H\u00e9ctor Novaro, <\/b><b>Antonio Paredes, <\/b><b>Andr\u00e9s Alejandro Altamira, <\/b><b>Nicole Salem y <\/b><b>Ariel Sasso.<\/b><\/p>\n<p data-start=\"507\" data-end=\"854\">La iniciativa contempla la realizaci\u00f3n de 19 payadas, una por cada departamento, que se estrenan en la fecha de su aniversario. En este contexto, Angaco contar\u00e1 con una obra audiovisual propia, creada por artistas y escritores locales, que rescata su paisaje, su historia, sus costumbres y el esp\u00edritu de su gente a lo largo de estos 210 a\u00f1os.<\/p>\n<p data-start=\"507\" data-end=\"854\">La producci\u00f3n general, audiovisual y musical de esta edici\u00f3n est\u00e1 a cargo de la Direcci\u00f3n de Territorial, Artes Populares y Folcl\u00f3ricas de la Secretar\u00eda de Cultura, dependiente del Ministerio de Turismo, Cultura y Deporte.<\/p>\n<\/p><\/div>\n<p><script async defer crossorigin=\"anonymous\" src=\"https:\/\/connect.facebook.net\/es_ES\/sdk.js#xfbml=1&#038;version=v3.3\"><\/script><\/p>\n","protected":false},"excerpt":{"rendered":"<p>En el marco del 210 aniversario de Angaco, San Juan pone en valor la identidad de sus departamentos a trav\u00e9s del ciclo cultural \u201cSan Juan tiene 19 estrofas\u201d, una propuesta que une m\u00fasica, palabra e imagen para contar la historia y el sentir de cada territorio. Los artistas que homenajearon a su tierra natal son [&hellip;]<\/p>\n","protected":false},"author":2,"featured_media":229330,"comment_status":"closed","ping_status":"closed","sticky":false,"template":"","format":"standard","meta":{"footnotes":""},"categories":[27],"tags":[],"class_list":["post-229329","post","type-post","status-publish","format-standard","has-post-thumbnail","hentry","category-san-juan"],"_links":{"self":[{"href":"https:\/\/radioacuariofm.com.ar\/index.php?rest_route=\/wp\/v2\/posts\/229329","targetHints":{"allow":["GET"]}}],"collection":[{"href":"https:\/\/radioacuariofm.com.ar\/index.php?rest_route=\/wp\/v2\/posts"}],"about":[{"href":"https:\/\/radioacuariofm.com.ar\/index.php?rest_route=\/wp\/v2\/types\/post"}],"author":[{"embeddable":true,"href":"https:\/\/radioacuariofm.com.ar\/index.php?rest_route=\/wp\/v2\/users\/2"}],"replies":[{"embeddable":true,"href":"https:\/\/radioacuariofm.com.ar\/index.php?rest_route=%2Fwp%2Fv2%2Fcomments&post=229329"}],"version-history":[{"count":1,"href":"https:\/\/radioacuariofm.com.ar\/index.php?rest_route=\/wp\/v2\/posts\/229329\/revisions"}],"predecessor-version":[{"id":229331,"href":"https:\/\/radioacuariofm.com.ar\/index.php?rest_route=\/wp\/v2\/posts\/229329\/revisions\/229331"}],"wp:featuredmedia":[{"embeddable":true,"href":"https:\/\/radioacuariofm.com.ar\/index.php?rest_route=\/wp\/v2\/media\/229330"}],"wp:attachment":[{"href":"https:\/\/radioacuariofm.com.ar\/index.php?rest_route=%2Fwp%2Fv2%2Fmedia&parent=229329"}],"wp:term":[{"taxonomy":"category","embeddable":true,"href":"https:\/\/radioacuariofm.com.ar\/index.php?rest_route=%2Fwp%2Fv2%2Fcategories&post=229329"},{"taxonomy":"post_tag","embeddable":true,"href":"https:\/\/radioacuariofm.com.ar\/index.php?rest_route=%2Fwp%2Fv2%2Ftags&post=229329"}],"curies":[{"name":"wp","href":"https:\/\/api.w.org\/{rel}","templated":true}]}}