{"id":229323,"date":"2026-03-16T11:11:51","date_gmt":"2026-03-16T14:11:51","guid":{"rendered":"https:\/\/radioacuariofm.com.ar\/?p=229323"},"modified":"2026-03-16T11:11:52","modified_gmt":"2026-03-16T14:11:52","slug":"un-analista-internacional-explico-en-detalle-la-postura-de-iran-en-la-guerra-de-medio-oriente","status":"publish","type":"post","link":"https:\/\/radioacuariofm.com.ar\/?p=229323","title":{"rendered":"Un analista internacional explic\u00f3 en detalle la postura de Ir\u00e1n en la guerra de Medio Oriente"},"content":{"rendered":"<p> <br \/>\n<\/p>\n<div>\n<p class=\"com-paragraph  --capital --s\">En el comienzo de la tercera semana ininterrumpida de<strong> guerra en Medio Oriente<\/strong>, el analista internacional <a href=\"https:\/\/www.lanacion.com.ar\/el-mundo\/un-analista-internacional-hablo-de-la-guerra-asimetrica-en-medio-oriente-y-explico-por-que-es-clave-nid11032026\/\" target=\"_self\" title=\"https:\/\/www.lanacion.com.ar\/el-mundo\/un-analista-internacional-hablo-de-la-guerra-asimetrica-en-medio-oriente-y-explico-por-que-es-clave-nid11032026\/\" class=\"com-link break-word\" data-mrf-recirculation=\"n_link_parrafo\"><strong>Andr\u00e9s Repetto<\/strong><\/a><strong> <\/strong>explic\u00f3 en <em>LN+ <\/em>la <strong>postura de Ir\u00e1n <\/strong>y <strong>advirti\u00f3 no subestimar su poder frente a los ataques de Estados Unidos e Israel<\/strong>. <\/p>\n<p class=\"com-paragraph   --s\"><strong>\u201cEn el centro de Israel se habla de una capacidad m\u00e1s limitada de los misiles y drones iran\u00edes\u201d<\/strong>, afirm\u00f3, al tiempo que contrapuso: <strong>\u201cPero las sirenas siguen sonando y sigue habiendo ataques en Israel, m\u00e1s all\u00e1 de la c\u00fapula de hierro\u201d<\/strong>.<\/p>\n<div class=\"content-media cursor-pointer container-center-100\">\n<section class=\"media-container relative ratio-16-9 mod-media pb-32\">\n<figure class=\"mod-video\">\n<div class=\"video-player bg-black ratio-16-9\" data-has-jwplayer=\"true\" data-video-id-jw=\"LuxWeNwv\" data-config=\"{&quot;title&quot;:&quot;Andres Repetto hablo sobre la postura de Iran&quot;,&quot;mediaId&quot;:&quot;LuxWeNwv&quot;,&quot;playerId&quot;:&quot;ih0086X3&quot;,&quot;playlist&quot;:[{&quot;mediaid&quot;:&quot;LuxWeNwv&quot;,&quot;sources&quot;:[{&quot;file&quot;:&quot;https:\/\/cdn.jwplayer.com\/manifests\/LuxWeNwv.m3u8&quot;,&quot;type&quot;:&quot;application\/vnd.apple.mpegurl&quot;},{&quot;bitrate&quot;:341451,&quot;file&quot;:&quot;https:\/\/cdn.jwplayer.com\/videos\/LuxWeNwv-kTExGaWf.mp4&quot;,&quot;filesize&quot;:17414001,&quot;framerate&quot;:25,&quot;height&quot;:180,&quot;label&quot;:&quot;180p&quot;,&quot;type&quot;:&quot;video\/mp4&quot;,&quot;width&quot;:320},{&quot;bitrate&quot;:513794,&quot;file&quot;:&quot;https:\/\/cdn.jwplayer.com\/videos\/LuxWeNwv-K8B0kybS.mp4&quot;,&quot;filesize&quot;:26203508,&quot;framerate&quot;:25,&quot;height&quot;:270,&quot;label&quot;:&quot;270p&quot;,&quot;type&quot;:&quot;video\/mp4&quot;,&quot;width&quot;:480},{&quot;bitrate&quot;:113425,&quot;file&quot;:&quot;https:\/\/cdn.jwplayer.com\/videos\/LuxWeNwv-hz5z2Tv4.m4a&quot;,&quot;filesize&quot;:5784721,&quot;label&quot;:&quot;AAC Audio&quot;,&quot;type&quot;:&quot;audio\/mp4&quot;},{&quot;bitrate&quot;:566666,&quot;file&quot;:&quot;https:\/\/cdn.jwplayer.com\/videos\/LuxWeNwv-FnZGUVnC.mp4&quot;,&quot;filesize&quot;:28899992,&quot;framerate&quot;:25,&quot;height&quot;:360,&quot;label&quot;:&quot;360p&quot;,&quot;type&quot;:&quot;video\/mp4&quot;,&quot;width&quot;:640}]}],&quot;hasAutoplay&quot;:false,&quot;autostart&quot;:true,&quot;tagsUrl&quot;:&quot;https:\/\/pubads.g.doubleclick.net\/gampad\/ads?slotname=\/133919216\/la_nacion_video\/nota\/preroll&amp;sz=640x480|400x300&amp;ciu_szs=300x250&amp;unviewed_position_start=1&amp;output=vast&amp;impl=s&amp;env=vp&amp;gdfp_req=1&amp;ad_rule=0&amp;vad_type=linear&amp;vpos=preroll&amp;cust_params=tags_nuevos%3Dte_guerra_en_medio_oriente%2Cte_israel%2Cte_iran%2Cte_estados_unidos%2Cte_donald_trump%2Cte_donald_trump__presidente_de_ee_uu_%2Cte_ln_%2Cte_audiencia%2Cca_el_mundo%2Cca_ln_%2C%2C6E55HZEES5D3RCV2P2BUBBD7FY&amp;pod=3&amp;ppos=1&amp;lip=true&amp;min_ad_duration=0&amp;max_ad_duration=30000&amp;vrid=6256&amp;url=https%3A%2F%2Fwww.lanacion.com.ar%2Fel-mundo%2Fun-analista-internacional-explico-en-detalle-la-postura-de-iran-en-la-guerra-de-medio-oriente-sigue-nid16032026%2F%3Fvariant%3DA&amp;description_url=https%3A%2F%2Fwww.lanacion.com.ar%2Fel-mundo%2Fun-analista-internacional-explico-en-detalle-la-postura-de-iran-en-la-guerra-de-medio-oriente-sigue-nid16032026%2F%3Fvariant%3DA&amp;video_doc_id=short_onecue&amp;cmsid=496&amp;kfa=0&amp;tfcd=0&amp;correlator=1773670093366&quot;,&quot;arcSite&quot;:&quot;la-nacion-ar&quot;}\">\n<div id=\"facade-LuxWeNwv\" class=\"content-facade-jw relative bg-black ratio-16-9\"><picture><source media=\"(max-width: 767px)\" srcset=\"https:\/\/resizer.glanacion.com\/resizer\/v2\/https%3A%2F%2Fcdn.jwplayer.com%2Fv2%2Fmedia%2FLuxWeNwv%2Fposter.jpg%3Fwidth%3D720?auth=8abbd7fbb9e26a8f3a8e2c191d26ecce4f12d54156d92e6ddb9abe0829b9ed81&amp;width=480&amp;quality=70&amp;smart=false\"\/><\/picture><\/div>\n<\/div><figcaption class=\"border border-1 border-bottom border-light-300 relative px-16 py-8 min-h-36 w-100_md px-0_l mb-8 bg-white\"><span class=\"text ln-text text-16 block\">Andres Repetto hablo sobre la postura de Iran<\/span><\/figcaption><\/figure>\n<\/section>\n<\/div>\n<h2 class=\"com-title --font-primary --xl --font-extra\">Cu\u00e1l es la postura de Ir\u00e1n<\/h2>\n<p class=\"com-paragraph   --s\">Seg\u00fan Repetto, <strong>\u201cla imagen en un conflicto es todo\u201d<\/strong>. Sobre ese punto, profundiz\u00f3: <strong>\u201cIr\u00e1n muestra que no est\u00e1n pidiendo negociaci\u00f3n como dijo el presidente de Estados Unidos<\/strong>, sino que asegur\u00f3: \u2018Vamos a seguir atacando, vamos a seguir cerrando el estrecho de Ormuz\u2019\u201d. <\/p>\n<p class=\"com-paragraph   --s\">\u201cIsrael ha comunicado que ha enviado aviones para realizar ataques a gran escala contra Teher\u00e1n\u201d, agreg\u00f3 el analista. Y sigui\u00f3: <strong>\u201cIr\u00e1n siguen teniendo poder de respuesta m\u00e1s lo asim\u00e9trico, con otro poder de fuego diferente a las grandes potencias, pero generando temor<\/strong>. Hoy atac\u00f3 el aeropuerto de Dubai, es decir, la inestabilidad sigue reinando en esta tercera semana de conflicto\u201d.<\/p>\n<p class=\"com-paragraph   --s\"><em>Noticia en desarrollo <\/em><\/p>\n<section class=\"container-center-100 mb-40 border border-bottom border-thin border-neutral-light-700\">\n<hr\/>\n<\/section>\n<\/div>\n\n","protected":false},"excerpt":{"rendered":"<p>En el comienzo de la tercera semana ininterrumpida de guerra en Medio Oriente, el analista internacional Andr\u00e9s Repetto explic\u00f3 en LN+ la postura de Ir\u00e1n y advirti\u00f3 no subestimar su poder frente a los ataques de Estados Unidos e Israel. \u201cEn el centro de Israel se habla de una capacidad m\u00e1s limitada de los misiles [&hellip;]<\/p>\n","protected":false},"author":2,"featured_media":229324,"comment_status":"closed","ping_status":"closed","sticky":false,"template":"","format":"standard","meta":{"footnotes":""},"categories":[1],"tags":[],"class_list":["post-229323","post","type-post","status-publish","format-standard","has-post-thumbnail","hentry","category-uncategorized"],"_links":{"self":[{"href":"https:\/\/radioacuariofm.com.ar\/index.php?rest_route=\/wp\/v2\/posts\/229323","targetHints":{"allow":["GET"]}}],"collection":[{"href":"https:\/\/radioacuariofm.com.ar\/index.php?rest_route=\/wp\/v2\/posts"}],"about":[{"href":"https:\/\/radioacuariofm.com.ar\/index.php?rest_route=\/wp\/v2\/types\/post"}],"author":[{"embeddable":true,"href":"https:\/\/radioacuariofm.com.ar\/index.php?rest_route=\/wp\/v2\/users\/2"}],"replies":[{"embeddable":true,"href":"https:\/\/radioacuariofm.com.ar\/index.php?rest_route=%2Fwp%2Fv2%2Fcomments&post=229323"}],"version-history":[{"count":1,"href":"https:\/\/radioacuariofm.com.ar\/index.php?rest_route=\/wp\/v2\/posts\/229323\/revisions"}],"predecessor-version":[{"id":229325,"href":"https:\/\/radioacuariofm.com.ar\/index.php?rest_route=\/wp\/v2\/posts\/229323\/revisions\/229325"}],"wp:featuredmedia":[{"embeddable":true,"href":"https:\/\/radioacuariofm.com.ar\/index.php?rest_route=\/wp\/v2\/media\/229324"}],"wp:attachment":[{"href":"https:\/\/radioacuariofm.com.ar\/index.php?rest_route=%2Fwp%2Fv2%2Fmedia&parent=229323"}],"wp:term":[{"taxonomy":"category","embeddable":true,"href":"https:\/\/radioacuariofm.com.ar\/index.php?rest_route=%2Fwp%2Fv2%2Fcategories&post=229323"},{"taxonomy":"post_tag","embeddable":true,"href":"https:\/\/radioacuariofm.com.ar\/index.php?rest_route=%2Fwp%2Fv2%2Ftags&post=229323"}],"curies":[{"name":"wp","href":"https:\/\/api.w.org\/{rel}","templated":true}]}}