{"id":229317,"date":"2026-03-16T10:52:01","date_gmt":"2026-03-16T13:52:01","guid":{"rendered":"https:\/\/radioacuariofm.com.ar\/?p=229317"},"modified":"2026-03-16T10:52:02","modified_gmt":"2026-03-16T13:52:02","slug":"llega-merken-barroco-al-teatro-del-bicentenario","status":"publish","type":"post","link":"https:\/\/radioacuariofm.com.ar\/?p=229317","title":{"rendered":"llega Merk\u00e9n Barroco al Teatro del Bicentenario"},"content":{"rendered":"<p><\/p>\n<div>\n<p>El Ministerio de Turismo, Cultura y Deporte, a trav\u00e9s del Teatro del Bicentenario, presenta \u201cMerk\u00e9n Barroco\u201d, el nuevo programa del conjunto vocal Merk\u00e9n Proyectos. La propuesta invita al p\u00fablico a disfrutar de un recorrido art\u00edstico interdisciplinario que integra m\u00fasica barroca, movimiento corporal y manipulaci\u00f3n de t\u00edteres, expandiendo la experiencia del concierto tradicional hacia una puesta en escena integral y contempor\u00e1nea.<\/p>\n<p>Integrado por cantantes l\u00edricos sanjuaninos, Merk\u00e9n Proyectos vuelve a desafiar sus propios l\u00edmites al cruzar lenguajes y explorar nuevas dimensiones expresivas dentro del repertorio vocal. En esta oportunidad, el programa incluye el motete Sumite Psalmum de Heinrich Sch\u00fctz, a cinco voces, instrumentos y movimiento; la cantata Crocifissione e morte di Nostro Signore Ges\u00f9 Cristo de Alessandro Stradella, para cuerdas, cantante solista y clave; y la \u00f3pera serenata Venid, venid Deidades de Fray Esteban Ponce de Le\u00f3n, destinada a solistas, coro a cuatro voces, instrumentos y t\u00edteres.<\/p>\n<p>La puesta en escena cuenta con entrenamiento actoral a cargo de Patricia Savastano, propuesta coreogr\u00e1fica desarrollada por Ra\u00fal P\u00e1ez y entrenamiento espec\u00edfico en actuaci\u00f3n con t\u00edteres a cargo de David Gardiol. Consolidando una propuesta esc\u00e9nica que combina m\u00fasica, cuerpo y objetos en un mismo lenguaje art\u00edstico.<\/p>\n<p>Merk\u00e9n Proyectos est\u00e1 conformado por 14 artistas y funciona como elenco estable desde julio de 2025, con el objetivo de enriquecer la interpretaci\u00f3n del repertorio vocal a trav\u00e9s del cruce con otros lenguajes art\u00edsticos. Tras estrenar a sala llena su primera producci\u00f3n, Romance de la Mujer que mira, y presentar su primer audiovisual Domine Deus \u2013 Agnus Dei, el grupo consolida un perfil propio caracterizado por la diversidad, la creatividad y la transformaci\u00f3n constante. La iniciativa es una idea original de la mezzosoprano Claudia Lepe y del artista pl\u00e1stico Jorge Moreno, quienes llevan adelante la direcci\u00f3n y producci\u00f3n art\u00edstico-musical.<\/p>\n<p>El espect\u00e1culo se realizar\u00e1 el viernes 20 de marzo a las 21 en la <strong>Sala Audit\u00f3rium del Teatro del Bicentenario<\/strong>. Las entradas tienen un valor de $15.000 y pueden adquirirse en boleter\u00eda del teatro de lunes a viernes de 9:30 a 14 y los s\u00e1bados de 9:30 a 14, con descuentos exclusivos en boleter\u00eda, o a trav\u00e9s de la plataforma TuEntrada. La funci\u00f3n est\u00e1 destinada a p\u00fablico mayor de 13 a\u00f1os.<\/p>\n<\/p><\/div>\n<p><script async defer crossorigin=\"anonymous\" src=\"https:\/\/connect.facebook.net\/es_ES\/sdk.js#xfbml=1&#038;version=v3.3\"><\/script><\/p>\n","protected":false},"excerpt":{"rendered":"<p>El Ministerio de Turismo, Cultura y Deporte, a trav\u00e9s del Teatro del Bicentenario, presenta \u201cMerk\u00e9n Barroco\u201d, el nuevo programa del conjunto vocal Merk\u00e9n Proyectos. La propuesta invita al p\u00fablico a disfrutar de un recorrido art\u00edstico interdisciplinario que integra m\u00fasica barroca, movimiento corporal y manipulaci\u00f3n de t\u00edteres, expandiendo la experiencia del concierto tradicional hacia una puesta [&hellip;]<\/p>\n","protected":false},"author":2,"featured_media":229318,"comment_status":"closed","ping_status":"closed","sticky":false,"template":"","format":"standard","meta":{"footnotes":""},"categories":[27],"tags":[],"class_list":["post-229317","post","type-post","status-publish","format-standard","has-post-thumbnail","hentry","category-san-juan"],"_links":{"self":[{"href":"https:\/\/radioacuariofm.com.ar\/index.php?rest_route=\/wp\/v2\/posts\/229317","targetHints":{"allow":["GET"]}}],"collection":[{"href":"https:\/\/radioacuariofm.com.ar\/index.php?rest_route=\/wp\/v2\/posts"}],"about":[{"href":"https:\/\/radioacuariofm.com.ar\/index.php?rest_route=\/wp\/v2\/types\/post"}],"author":[{"embeddable":true,"href":"https:\/\/radioacuariofm.com.ar\/index.php?rest_route=\/wp\/v2\/users\/2"}],"replies":[{"embeddable":true,"href":"https:\/\/radioacuariofm.com.ar\/index.php?rest_route=%2Fwp%2Fv2%2Fcomments&post=229317"}],"version-history":[{"count":1,"href":"https:\/\/radioacuariofm.com.ar\/index.php?rest_route=\/wp\/v2\/posts\/229317\/revisions"}],"predecessor-version":[{"id":229319,"href":"https:\/\/radioacuariofm.com.ar\/index.php?rest_route=\/wp\/v2\/posts\/229317\/revisions\/229319"}],"wp:featuredmedia":[{"embeddable":true,"href":"https:\/\/radioacuariofm.com.ar\/index.php?rest_route=\/wp\/v2\/media\/229318"}],"wp:attachment":[{"href":"https:\/\/radioacuariofm.com.ar\/index.php?rest_route=%2Fwp%2Fv2%2Fmedia&parent=229317"}],"wp:term":[{"taxonomy":"category","embeddable":true,"href":"https:\/\/radioacuariofm.com.ar\/index.php?rest_route=%2Fwp%2Fv2%2Fcategories&post=229317"},{"taxonomy":"post_tag","embeddable":true,"href":"https:\/\/radioacuariofm.com.ar\/index.php?rest_route=%2Fwp%2Fv2%2Ftags&post=229317"}],"curies":[{"name":"wp","href":"https:\/\/api.w.org\/{rel}","templated":true}]}}