{"id":229308,"date":"2026-03-16T09:59:05","date_gmt":"2026-03-16T12:59:05","guid":{"rendered":"https:\/\/radioacuariofm.com.ar\/?p=229308"},"modified":"2026-03-16T09:59:06","modified_gmt":"2026-03-16T12:59:06","slug":"avanza-el-asfalto-en-la-calle-eugenio-flores-y-los-vecinos-de-jachal-empiezan-a-ver-el-cambio","status":"publish","type":"post","link":"https:\/\/radioacuariofm.com.ar\/?p=229308","title":{"rendered":"Avanza el asfalto en la calle Eugenio Flores y los vecinos de J\u00e1chal empiezan a ver el cambio"},"content":{"rendered":"<p><\/p>\n<div>\n<p><span style=\"font-weight: 400;\">La pavimentaci\u00f3n de la calle Eugenio Flores, en el departamento J\u00e1chal, contin\u00faa avanzando y ya comienza a mostrar cambios visibles. Actualmente se pueden observar m\u00e1s de 950 metros lineales de asfalto colocados en media calzada.<\/span><\/p>\n<p><span style=\"font-weight: 400;\">Los trabajos est\u00e1n a cargo de la Direcci\u00f3n Provincial de Vialidad (DPV), dependiente del Ministerio de Infraestructura, Agua y Energ\u00eda. En esta etapa se est\u00e1 colocando la carpeta asf\u00e1ltica, con un espesor de 5 cent\u00edmetros, lo que permite empezar a ver c\u00f3mo la calle cambia su aspecto.<\/span><\/p>\n<p><span style=\"font-weight: 400;\"><\/p>\n<div class=\"embera-embed-responsive embera-embed-responsive-photo embera-embed-responsive-provider-flickr\"><a data-flickr-embed=\"true\" href=\"https:\/\/www.flickr.com\/photos\/gobiernodesanjuan\/55145479004\/\" title=\"35 05.03.26 Eugenio Flores by Gobierno de San Juan, on Flickr\"><\/a><\/div>\n<p><\/span><\/p>\n<p><span style=\"font-weight: 400;\">La obra contempla la pavimentaci\u00f3n de aproximadamente 1.500 metros lineales, en el tramo comprendido entre calle Honda y Gran China, con un ancho de calzada de 10 metros. Se trata de una intervenci\u00f3n importante, ya que esta calle nunca cont\u00f3 con pavimento.<\/span><\/p>\n<p><span style=\"font-weight: 400;\">Antes de comenzar con la colocaci\u00f3n del asfalto se realizaron distintas tareas para preparar la calle. Entre ellas se destacan los trabajos preliminares, los ajustes t\u00e9cnicos y el movimiento de suelo, necesarios para conformar la base que sostiene la nueva calzada.<\/span><\/p>\n<p><span style=\"font-weight: 400;\"><\/p>\n<div class=\"embera-embed-responsive embera-embed-responsive-photo embera-embed-responsive-provider-flickr\"><a data-flickr-embed=\"true\" href=\"https:\/\/www.flickr.com\/photos\/gobiernodesanjuan\/55145624570\/\" title=\"26 05.03.26 Eugenio Flores by Gobierno de San Juan, on Flickr\"><img decoding=\"async\" class=\"embera-embed-responsive-item embera-embed-responsive-item-photo\" src=\"https:\/\/live.staticflickr.com\/65535\/55145624570_01fc8799da_b.jpg\" alt=\"26 05.03.26 Eugenio Flores\"\/><\/a><\/div>\n<p><\/span><\/p>\n<p><span style=\"font-weight: 400;\">Actualmente los equipos contin\u00faan trabajando en la colocaci\u00f3n del concreto asf\u00e1ltico. De esta manera, la hist\u00f3rica calle Eugenio Flores comienza a mostrar su nueva imagen y se encamina a convertirse, por primera vez, en una calle pavimentada.<\/span><\/p>\n<p><span style=\"font-weight: 400;\">La pavimentaci\u00f3n de esta arteria forma parte del plan de obras viales que impulsa el Gobierno de San Juan, con el objetivo de mejorar la conectividad, reforzar la seguridad vial y acompa\u00f1ar el crecimiento de cada departamento con infraestructura duradera.<\/span><\/p>\n<p><span style=\"font-weight: 400;\"><\/p>\n<div class=\"embera-embed-responsive embera-embed-responsive-photo embera-embed-responsive-provider-flickr\"><a data-flickr-embed=\"true\" href=\"https:\/\/www.flickr.com\/photos\/gobiernodesanjuan\/55145624565\/\" title=\"28 05.03.26 Eugenio Flores by Gobierno de San Juan, on Flickr\"><img decoding=\"async\" class=\"embera-embed-responsive-item embera-embed-responsive-item-photo\" src=\"https:\/\/live.staticflickr.com\/65535\/55145624565_bd0f59f2ef_b.jpg\" alt=\"28 05.03.26 Eugenio Flores\"\/><\/a><\/div>\n<p><\/span><\/p>\n<p><span style=\"font-weight: 400;\">Adem\u00e1s, se trata de una obra que responde al compromiso asumido oportunamente por el gobernador Marcelo Orrego con los vecinos de la zona, quienes durante a\u00f1os esperaron la concreci\u00f3n de esta intervenci\u00f3n. Hoy, con los trabajos en marcha, ese compromiso comienza a hacerse realidad.<\/span><\/p>\n<\/p><\/div>\n<p><script async defer crossorigin=\"anonymous\" src=\"https:\/\/connect.facebook.net\/es_ES\/sdk.js#xfbml=1&#038;version=v3.3\"><\/script><\/p>\n","protected":false},"excerpt":{"rendered":"<p>La pavimentaci\u00f3n de la calle Eugenio Flores, en el departamento J\u00e1chal, contin\u00faa avanzando y ya comienza a mostrar cambios visibles. Actualmente se pueden observar m\u00e1s de 950 metros lineales de asfalto colocados en media calzada. Los trabajos est\u00e1n a cargo de la Direcci\u00f3n Provincial de Vialidad (DPV), dependiente del Ministerio de Infraestructura, Agua y Energ\u00eda. [&hellip;]<\/p>\n","protected":false},"author":2,"featured_media":229309,"comment_status":"closed","ping_status":"closed","sticky":false,"template":"","format":"standard","meta":{"footnotes":""},"categories":[27],"tags":[],"class_list":["post-229308","post","type-post","status-publish","format-standard","has-post-thumbnail","hentry","category-san-juan"],"_links":{"self":[{"href":"https:\/\/radioacuariofm.com.ar\/index.php?rest_route=\/wp\/v2\/posts\/229308","targetHints":{"allow":["GET"]}}],"collection":[{"href":"https:\/\/radioacuariofm.com.ar\/index.php?rest_route=\/wp\/v2\/posts"}],"about":[{"href":"https:\/\/radioacuariofm.com.ar\/index.php?rest_route=\/wp\/v2\/types\/post"}],"author":[{"embeddable":true,"href":"https:\/\/radioacuariofm.com.ar\/index.php?rest_route=\/wp\/v2\/users\/2"}],"replies":[{"embeddable":true,"href":"https:\/\/radioacuariofm.com.ar\/index.php?rest_route=%2Fwp%2Fv2%2Fcomments&post=229308"}],"version-history":[{"count":1,"href":"https:\/\/radioacuariofm.com.ar\/index.php?rest_route=\/wp\/v2\/posts\/229308\/revisions"}],"predecessor-version":[{"id":229310,"href":"https:\/\/radioacuariofm.com.ar\/index.php?rest_route=\/wp\/v2\/posts\/229308\/revisions\/229310"}],"wp:featuredmedia":[{"embeddable":true,"href":"https:\/\/radioacuariofm.com.ar\/index.php?rest_route=\/wp\/v2\/media\/229309"}],"wp:attachment":[{"href":"https:\/\/radioacuariofm.com.ar\/index.php?rest_route=%2Fwp%2Fv2%2Fmedia&parent=229308"}],"wp:term":[{"taxonomy":"category","embeddable":true,"href":"https:\/\/radioacuariofm.com.ar\/index.php?rest_route=%2Fwp%2Fv2%2Fcategories&post=229308"},{"taxonomy":"post_tag","embeddable":true,"href":"https:\/\/radioacuariofm.com.ar\/index.php?rest_route=%2Fwp%2Fv2%2Ftags&post=229308"}],"curies":[{"name":"wp","href":"https:\/\/api.w.org\/{rel}","templated":true}]}}