{"id":229305,"date":"2026-03-16T09:33:27","date_gmt":"2026-03-16T12:33:27","guid":{"rendered":"https:\/\/radioacuariofm.com.ar\/?p=229305"},"modified":"2026-03-16T09:33:27","modified_gmt":"2026-03-16T12:33:27","slug":"san-juan-cerca-se-traslada-a-san-martin","status":"publish","type":"post","link":"https:\/\/radioacuariofm.com.ar\/?p=229305","title":{"rendered":"San Juan Cerca se traslada a San Mart\u00edn"},"content":{"rendered":"<p><\/p>\n<div>\n<p>Las dependencias de los ministerios del Gobierno de la provincia brindar\u00e1 atenci\u00f3n este mi\u00e9rcoles 18 de marzo en la Escuela Alejandro Aguado, en el departamento San Mart\u00edn, desde las 8:30 hasta las 13 horas. Ser\u00e1 en el marco de una nueva edici\u00f3n del programa San Juan Cerca, que es coordinado desde la Direcci\u00f3n de Pol\u00edticas para la Equidad, del Ministerio de Familia y Desarrollo Humano.<\/p>\n<p>Este establecimiento est\u00e1 ubicado en la Avenida Sarmiento s\/n, entre calles Linton y Meglioli, en la villa cabecera del departamento y albergar\u00e1 a diferentes oficinas ministeriales que desplegar\u00e1n gestiones y tr\u00e1mites y a su vez dar\u00e1n informaci\u00f3n y asesoramiento puntal sobre los programas vigentes que est\u00e1n ejecutando para resolver las necesidades de la poblaci\u00f3n.<\/p>\n<p>En una misma jornada y en un mismo lugar, sin tener que sacar turnos previos, los interesados podr\u00e1n hacer consultas a personal de los ministerios de Familia y Desarrollo Humano; de Salud; de Gobierno; de Producci\u00f3n, Trabajo e Innovaci\u00f3n; de Educaci\u00f3n; de Turismo, Cultura y Deporte; Econom\u00eda, Finanzas y Hacienda; tambi\u00e9n las secretar\u00edas de Ambiente y Desarrollo Sustentable y la de Seguridad y Orden P\u00fablico; EPRE y Osse.<\/p>\n<p>Entre otros tr\u00e1mites, se podr\u00e1 consultar sobre programas vigentes para personas con Discapacidad; inscribirse para el curso de Manipulaci\u00f3n de Alimentos que se dar\u00e1 los d\u00edas 19 y 20 en el departamento y participar en el taller para docentes sobre Educaci\u00f3n Emocional. A su vez, pedir informaci\u00f3n sobre c\u00f3mo inscribirse en el Registro de Emprendedores y en los diferentes registros para productores agropecuarios y ganaderos de la provincia.<\/p>\n<p>Personas de diferentes edades podr\u00e1n hacer controles cl\u00ednicos con m\u00e9dicos de familia y especialidades como odontolog\u00eda, salud mental tanto para adultos como pediatr\u00eda, vacunarse, hacerse test de HIV, hepatitis y chagas.<\/p>\n<p>Se podr\u00e1 gestionar DNI, certificados de convivencia, supervivencia y domicilio; Regularizaci\u00f3n Dominial de terrenos y escrituras, solicitar asesoramiento para jubilados y pensionados, tramitar la tarjeta SUBE; hacer consultas sobre carnet de conducir, pedir el desbloqueo de netbook y notebooks, solicitar informaci\u00f3n al IPV, crear cuenta de Ciudadano Digital, hacer denuncias a trav\u00e9s de Defensa al Consumidor, gesti\u00f3n de cuentas de Ciudadano Digital, constancias de tr\u00e1mites y certificaciones que se pueden obtener en esa plataforma oficial; consultas sobre impuestos; se dar\u00e1 asesoramiento sobre plan FinEs y Progresar, asistencia de gabinetes t\u00e9cnicos interdisciplinarios y distintos tr\u00e1mites para docentes como entrega de fojas de servicio, registro de t\u00edtulos, planilla prontuarial, legalizaci\u00f3n de copias, consulta de expedientes, certificaci\u00f3n de t\u00edtulos; pedir la colocaci\u00f3n de pipetas para pulgas y garrapatas para perros, antiparasitarios para perros y gatos, asesoramiento sobre planes de forestaci\u00f3n, entre otros.<\/p>\n<\/p><\/div>\n<p><script async defer crossorigin=\"anonymous\" src=\"https:\/\/connect.facebook.net\/es_ES\/sdk.js#xfbml=1&#038;version=v3.3\"><\/script><\/p>\n","protected":false},"excerpt":{"rendered":"<p>Las dependencias de los ministerios del Gobierno de la provincia brindar\u00e1 atenci\u00f3n este mi\u00e9rcoles 18 de marzo en la Escuela Alejandro Aguado, en el departamento San Mart\u00edn, desde las 8:30 hasta las 13 horas. Ser\u00e1 en el marco de una nueva edici\u00f3n del programa San Juan Cerca, que es coordinado desde la Direcci\u00f3n de Pol\u00edticas [&hellip;]<\/p>\n","protected":false},"author":2,"featured_media":229306,"comment_status":"closed","ping_status":"closed","sticky":false,"template":"","format":"standard","meta":{"footnotes":""},"categories":[27],"tags":[],"class_list":["post-229305","post","type-post","status-publish","format-standard","has-post-thumbnail","hentry","category-san-juan"],"_links":{"self":[{"href":"https:\/\/radioacuariofm.com.ar\/index.php?rest_route=\/wp\/v2\/posts\/229305","targetHints":{"allow":["GET"]}}],"collection":[{"href":"https:\/\/radioacuariofm.com.ar\/index.php?rest_route=\/wp\/v2\/posts"}],"about":[{"href":"https:\/\/radioacuariofm.com.ar\/index.php?rest_route=\/wp\/v2\/types\/post"}],"author":[{"embeddable":true,"href":"https:\/\/radioacuariofm.com.ar\/index.php?rest_route=\/wp\/v2\/users\/2"}],"replies":[{"embeddable":true,"href":"https:\/\/radioacuariofm.com.ar\/index.php?rest_route=%2Fwp%2Fv2%2Fcomments&post=229305"}],"version-history":[{"count":1,"href":"https:\/\/radioacuariofm.com.ar\/index.php?rest_route=\/wp\/v2\/posts\/229305\/revisions"}],"predecessor-version":[{"id":229307,"href":"https:\/\/radioacuariofm.com.ar\/index.php?rest_route=\/wp\/v2\/posts\/229305\/revisions\/229307"}],"wp:featuredmedia":[{"embeddable":true,"href":"https:\/\/radioacuariofm.com.ar\/index.php?rest_route=\/wp\/v2\/media\/229306"}],"wp:attachment":[{"href":"https:\/\/radioacuariofm.com.ar\/index.php?rest_route=%2Fwp%2Fv2%2Fmedia&parent=229305"}],"wp:term":[{"taxonomy":"category","embeddable":true,"href":"https:\/\/radioacuariofm.com.ar\/index.php?rest_route=%2Fwp%2Fv2%2Fcategories&post=229305"},{"taxonomy":"post_tag","embeddable":true,"href":"https:\/\/radioacuariofm.com.ar\/index.php?rest_route=%2Fwp%2Fv2%2Ftags&post=229305"}],"curies":[{"name":"wp","href":"https:\/\/api.w.org\/{rel}","templated":true}]}}