{"id":229299,"date":"2026-03-16T09:07:03","date_gmt":"2026-03-16T12:07:03","guid":{"rendered":"https:\/\/radioacuariofm.com.ar\/?p=229299"},"modified":"2026-03-16T09:07:04","modified_gmt":"2026-03-16T12:07:04","slug":"san-juan-participo-de-la-cumbre-nacional-de-jefes-policiales-para-coordinar-estrategias-contra-el-crimen-organizado","status":"publish","type":"post","link":"https:\/\/radioacuariofm.com.ar\/?p=229299","title":{"rendered":"San Juan particip\u00f3 de la cumbre nacional de jefes policiales para coordinar estrategias contra el crimen organizado"},"content":{"rendered":"<p><\/p>\n<div>\n<p>La Polic\u00eda de San Juan, a trav\u00e9s del Jefe de Polic\u00eda, N\u00e9stor \u00c1lvarez, particip\u00f3 de la 1\u00b0 Reuni\u00f3n Nacional del Convenio Policial Argentino 2026, desarrollada en el Centro de Convenciones de C\u00f3rdoba, donde jefes de fuerzas provinciales y federales se reunieron para fortalecer la cooperaci\u00f3n interjurisdiccional en materia de seguridad p\u00fablica. El encuentro se llev\u00f3 a cabo como antesala del Consejo de Seguridad Interior y convoc\u00f3 a representantes de todo el pa\u00eds para avanzar en acuerdos y estrategias comunes.<\/p>\n<p>Durante la jornada se abordaron distintas tem\u00e1ticas vinculadas al trabajo coordinado entre las fuerzas, adem\u00e1s de la suscripci\u00f3n de convenios espec\u00edficos orientados a mejorar la articulaci\u00f3n operativa. Tambi\u00e9n se realiz\u00f3 una disertaci\u00f3n sobre la implementaci\u00f3n del programa Tribuna Segura, destinado a reforzar la seguridad en eventos deportivos.<\/p>\n<p>Tras su participaci\u00f3n, el jefe de Polic\u00eda de San Juan, N\u00e9stor \u00c1lvarez, destac\u00f3 la importancia del espacio de intercambio institucional. \u201cLuego de haber participado de este congreso dispuesto por el Ministerio de Seguridad de la Naci\u00f3n, fue fruct\u00edfero para todos, ya que se tocaron temas importantes y sensibles como la seguridad en el marco del crimen del narcotr\u00e1fico y crimen organizado\u201d, expres\u00f3.<\/p>\n<p>La actividad cont\u00f3 con la presencia de autoridades de seguridad de las 23 provincias argentinas, de la Ciudad Aut\u00f3noma de Buenos Aires y de fuerzas federales.<\/p>\n<\/p><\/div>\n<p><script async defer crossorigin=\"anonymous\" src=\"https:\/\/connect.facebook.net\/es_ES\/sdk.js#xfbml=1&#038;version=v3.3\"><\/script><\/p>\n","protected":false},"excerpt":{"rendered":"<p>La Polic\u00eda de San Juan, a trav\u00e9s del Jefe de Polic\u00eda, N\u00e9stor \u00c1lvarez, particip\u00f3 de la 1\u00b0 Reuni\u00f3n Nacional del Convenio Policial Argentino 2026, desarrollada en el Centro de Convenciones de C\u00f3rdoba, donde jefes de fuerzas provinciales y federales se reunieron para fortalecer la cooperaci\u00f3n interjurisdiccional en materia de seguridad p\u00fablica. El encuentro se llev\u00f3 [&hellip;]<\/p>\n","protected":false},"author":2,"featured_media":229300,"comment_status":"closed","ping_status":"closed","sticky":false,"template":"","format":"standard","meta":{"footnotes":""},"categories":[27],"tags":[],"class_list":["post-229299","post","type-post","status-publish","format-standard","has-post-thumbnail","hentry","category-san-juan"],"_links":{"self":[{"href":"https:\/\/radioacuariofm.com.ar\/index.php?rest_route=\/wp\/v2\/posts\/229299","targetHints":{"allow":["GET"]}}],"collection":[{"href":"https:\/\/radioacuariofm.com.ar\/index.php?rest_route=\/wp\/v2\/posts"}],"about":[{"href":"https:\/\/radioacuariofm.com.ar\/index.php?rest_route=\/wp\/v2\/types\/post"}],"author":[{"embeddable":true,"href":"https:\/\/radioacuariofm.com.ar\/index.php?rest_route=\/wp\/v2\/users\/2"}],"replies":[{"embeddable":true,"href":"https:\/\/radioacuariofm.com.ar\/index.php?rest_route=%2Fwp%2Fv2%2Fcomments&post=229299"}],"version-history":[{"count":1,"href":"https:\/\/radioacuariofm.com.ar\/index.php?rest_route=\/wp\/v2\/posts\/229299\/revisions"}],"predecessor-version":[{"id":229301,"href":"https:\/\/radioacuariofm.com.ar\/index.php?rest_route=\/wp\/v2\/posts\/229299\/revisions\/229301"}],"wp:featuredmedia":[{"embeddable":true,"href":"https:\/\/radioacuariofm.com.ar\/index.php?rest_route=\/wp\/v2\/media\/229300"}],"wp:attachment":[{"href":"https:\/\/radioacuariofm.com.ar\/index.php?rest_route=%2Fwp%2Fv2%2Fmedia&parent=229299"}],"wp:term":[{"taxonomy":"category","embeddable":true,"href":"https:\/\/radioacuariofm.com.ar\/index.php?rest_route=%2Fwp%2Fv2%2Fcategories&post=229299"},{"taxonomy":"post_tag","embeddable":true,"href":"https:\/\/radioacuariofm.com.ar\/index.php?rest_route=%2Fwp%2Fv2%2Ftags&post=229299"}],"curies":[{"name":"wp","href":"https:\/\/api.w.org\/{rel}","templated":true}]}}