{"id":229279,"date":"2026-03-16T01:00:02","date_gmt":"2026-03-16T04:00:02","guid":{"rendered":"https:\/\/radioacuariofm.com.ar\/?p=229279"},"modified":"2026-03-16T01:00:03","modified_gmt":"2026-03-16T04:00:03","slug":"hezbollah-es-una-gran-mafia-que-esta-en-modo-supervivencia-la-mirada-de-una-documentalista-libanesa-sobre-la-guerra","status":"publish","type":"post","link":"https:\/\/radioacuariofm.com.ar\/?p=229279","title":{"rendered":"\u201cHezbollah es una gran mafia que est\u00e1 en modo supervivencia\u201d: la mirada de una documentalista libanesa sobre la guerra"},"content":{"rendered":"<p> <br \/>\n<\/p>\n<div>\n<p class=\"com-paragraph  --capital --s\">BEIRUT.\u2013 <strong>Monika Borgmann<\/strong>, premiada <strong>documentalista<\/strong> y <strong>periodista<\/strong> germano\u2013libanesa, no tiene miedo de decir lo que piensa. Aunque el grupo <a href=\"https:\/\/www.lanacion.com.ar\/el-mundo\/iran-e-israel-intensifican-los-ataques-mientras-trump-descarta-negociar-un-alto-el-fuego-nid15032026\/\" target=\"_self\" title=\"https:\/\/www.lanacion.com.ar\/el-mundo\/iran-e-israel-intensifican-los-ataques-mientras-trump-descarta-negociar-un-alto-el-fuego-nid15032026\/\" class=\"com-link break-word\" data-mrf-recirculation=\"n_link_parrafo\"><strong>Hezbollah<\/strong><\/a><strong> en 2021 asesin\u00f3 a balazos a su marido<\/strong>, Lokman Slim \u2013intelectual y tambi\u00e9n periodista de la comunidad chiita secular libanesa, cuya<strong> voz molestaba porque era demasiado cr\u00edtica de este grupo pro\u2013iran\u00ed <\/strong>que aqu\u00ed es un partido pol\u00edtico\u2013, ella no se calla.<\/p>\n<p class=\"com-paragraph   --s\">En una entrevista con LA NACION en su estudio del barrio de Badaro \u2013ella tambi\u00e9n debi\u00f3 desalojar su casa del barrio de Dahiyeh, del sur de la capital, blanco constante de <a href=\"https:\/\/www.lanacion.com.ar\/el-mundo\/guerra-entre-estados-unidos-israel-e-iran-en-vivo-tension-en-medio-oriente-hoy-domingo-15-de-marzo-nid15032026\/\" target=\"_self\" title=\"https:\/\/www.lanacion.com.ar\/el-mundo\/guerra-entre-estados-unidos-israel-e-iran-en-vivo-tension-en-medio-oriente-hoy-domingo-15-de-marzo-nid15032026\/\" class=\"com-link break-word\" data-mrf-recirculation=\"n_link_parrafo\">bombardeos israel\u00edes<\/a>\u2013, Borgmann explica que <strong>nada es blanco o negro en un pa\u00eds extremadamente complejo como el L\u00edbano<\/strong>. De hecho, para ella Hezbollah no es s\u00f3lo una organizaci\u00f3n terrorista, sino algo mucho m\u00e1s complejo: <strong>\u201ces una gran mafia infiltrada en un Estado ausente\u201d<\/strong>, dispara.<\/p>\n<p class=\"com-paragraph   --s\">Mientras de repente se oyen explosiones, tomando caf\u00e9 y fumando un cigarrillo detr\u00e1s de otro, <strong>Borgmann no oculta su preocupaci\u00f3n por la \u201clocura\u201d de esta guerra que ha vuelto a sumir al L\u00edbano en una vor\u00e1gine peor que las anteriores<\/strong>. Despu\u00e9s de un bombardeo, el jueves pasado, en el barrio de Burj Hammud, en el coraz\u00f3n de Beirut, se vio obligada a cerrar una muestra fotogr\u00e1fica que organiz\u00f3 la fundaci\u00f3n Lokman Slim \u2013que preside\u2013, titulada \u201cRemaining\u201d, dedicada a las 21 v\u00edctimas de homicidios pol\u00edticos que hubo en el L\u00edbano en los \u00faltimos veinte a\u00f1os. <strong>\u201cNunca antes nos hab\u00eda pasado algo as\u00ed\u201d<\/strong>, subraya.<\/p>\n<p class=\"com-paragraph   --s\"><strong>\u2013Usted vive en el L\u00edbano desde hace d\u00e9cadas \u00bfqu\u00e9 distingue esta guerra de las anteriores?<\/strong><\/p>\n<p class=\"com-paragraph   --s\">\u2013La gran diferencia es que e<strong>n las guerras de 2006 y de 2024 de alguna forma todos estaban convencidos de que en alg\u00fan momento se iban a terminar<\/strong>. Ahora <strong>no logramos imaginar ni cu\u00e1ndo ni, sobre todo, c\u00f3mo <\/strong>va a terminar. Hezbollah est\u00e1 en modo\u2013supervivencia y va a intentar resistir hasta el final. Tambi\u00e9n Ir\u00e1n est\u00e1 en modo\u2013supervivencia. Pero la verdad es que <strong>desde el asesinato de Hassan Nasrallah<\/strong> (su l\u00edder m\u00e1ximo, en septiembre de 2024) <strong>Hezbollah est\u00e1 totalmente bajo el control de Ir\u00e1n<\/strong>, mientras que antes ten\u00eda algo de liban\u00e9s. E Israel est\u00e1 determinado a derrotar a este grupo y es horrible.<\/p>\n<p class=\"com-paragraph   --s\"><strong>\u2013Todos pensaban que despu\u00e9s del asesinato de Nasrallah y de otros l\u00edderes en 2024, el grupo hab\u00eda quedado diezmado y se hab\u00eda debilitado\u2026<\/strong><\/p>\n<p class=\"com-paragraph   --s\">\u2013Es verdad, muchos libaneses pensaron que Hezbollah se hab\u00eda acabado, pero la verdad es que <strong>no estaba reaccionando a los ataques selectivos de Israel porque se estaba preparando para una nueva guerra<\/strong>, que es lo que efectivamente ocurri\u00f3.<\/p>\n<p class=\"com-paragraph   --s\"><strong>\u2013\u00bfPerdi\u00f3 consenso Hezbollah despu\u00e9s de la guerra de 2024?<\/strong><\/p>\n<p class=\"com-paragraph   --s\">\u2013Le cuento mi experiencia: cuando estall\u00f3 esa guerra estaba en Europa y volv\u00ed en diciembre de 2024 a mi casa de Dahiyeh y por primera vez o\u00ed que <strong>muchos criticaban abiertamente a Ir\u00e1n porque no hab\u00eda ayudado a Hezbollah<\/strong>. En los meses siguientes, <strong>aument\u00f3 el enojo <\/strong>porque <strong>mucha gente pens\u00f3<\/strong> que despu\u00e9s de los enormes da\u00f1os sufridos por los ataques israel\u00edes, les <strong>iban a dar plata para remover los escombros y reconstruir<\/strong>. Pero no pas\u00f3 nada. <strong>Hezbollah les dec\u00eda \u2018empiecen a reparar, despu\u00e9s les vamos a pagar<\/strong>, algunos recibieron algo de plata, pero no suficiente\u2026 A diferencia de 2006, <strong>no llegaron compensaciones y Hezbollah tampoco se hizo cargo de la reconstrucci\u00f3n.<\/strong><\/p>\n<p class=\"com-paragraph   --s\"><strong>\u2013\u00bfY ahora?<\/strong><\/p>\n<p class=\"com-paragraph   --s\">\u2013<strong>Cuando Hezbollah dispar\u00f3 misiles contra Israel para vengarse del asesinato del ayatollah Khamenei<\/strong> en Ir\u00e1n, la gente en Dahiyeh qued\u00f3 shockeada: <strong>ni siquiera hab\u00eda comenzado la reconstrucci\u00f3n de la otra guerra<\/strong>, cuando v<strong>olvi\u00f3 la devastaci\u00f3n con la represalia israel\u00ed<\/strong>, que no cede\u2026 Pero claro, si Israel, como se teme, ampl\u00eda su ofensiva terrestre y ocupa parte del L\u00edbano, empujar\u00e1 nuevamente a la comunidad chiita, que est\u00e1 en una situaci\u00f3n terrible, a respaldarlos\u2026<\/p>\n<p class=\"com-paragraph   --s\"><strong>\u2013En otras comunidades muchos culpan a Hezbollah por arrastrar de nuevo al L\u00edbano a un agujero negro\u2026<\/strong><\/p>\n<p class=\"com-paragraph   --s\">\u2013S\u00ed, de hecho,<strong> se ve menos solidaridad que en 2024 hacia los que han sido evacuados<\/strong>\u2026 En barrios cristianos, sunitas o drusos, <strong>no est\u00e1n contentos de recibir a los refugiados porque temen que si llegan los chiitas ellos tambi\u00e9n van a ser bombardeados<\/strong>\u2026 Esto est\u00e1 provocando realmente muchos problemas sociales y es algo nuevo. Es una situaci\u00f3n terrible, pero la verdad es que la <strong>gente est\u00e1 harta<\/strong>, la mayor\u00eda no quiere m\u00e1s guerras\u2026<\/p>\n<p class=\"com-paragraph   --s\"><strong>\u2013\u00bfTeme que esta tensi\u00f3n pueda degenerar en una guerra civil?<\/strong><\/p>\n<p class=\"com-paragraph   --s\">\u2013No lo s\u00e9, pero la verdad es que <strong>prefiero una guerra civil a una ocupaci\u00f3n israel\u00ed<\/strong>. Y tambi\u00e9n est\u00e1 la cuesti\u00f3n del ej\u00e9rcito liban\u00e9s, cuyo 40% es chiita, pero no necesariamente de Hezbollah. La gran pregunta es: <strong>\u00bfest\u00e1 preparado para luchar contra Hezbollah para desarmarlo?<\/strong> No va a ser algo pac\u00edfico si el ej\u00e9rcito se enfrenta a este grupo. Pero<strong> si el L\u00edbano no hace \u201cel trabajo\u201d, lo va a hacer Israel<\/strong>. Y por eso creo que <strong>es inevitable este enfrentamiento entre el ej\u00e9rcito liban\u00e9s y Hezbollah<\/strong>, a menos que queramos una destrucci\u00f3n masiva del L\u00edbano por parte de Israel\u2026 Gaza est\u00e1 destruida, Siria est\u00e1 destruida\u2026 Ahora tenemos el L\u00edbano\u2026 Es una locura:<strong> \u00bfqui\u00e9n va a pagar la reconstrucci\u00f3n del L\u00edbano? <\/strong>\u00bfY d\u00f3nde va a ir a parar este mill\u00f3n de personas que ahora est\u00e1 sin casa, que se han vuelto desplazadas? <strong>\u00a1Es una locura! <\/strong><\/p>\n<p class=\"com-paragraph   --s\"><strong>\u2013\u00bfEs posible la destrucci\u00f3n de Hezbollah, que es un partido pol\u00edtico y una instituci\u00f3n en el L\u00edbano?<\/strong><\/p>\n<p class=\"com-paragraph   --s\">\u2013Yo creo que <strong>Hezbollah es como una mafia<\/strong>, es otra forma de mafia, es un actor no estatal infiltrado, una <strong>gran mafia infiltrada en un Estado ausente<\/strong>, por lo tanto, el <strong>tema no es s\u00f3lo desarmar a Hezbollah, sino hacer las reformas necesarias para que la gente no necesite de su protecci\u00f3n<\/strong>. Porque conozco a mucha gente que ideol\u00f3gicamente no est\u00e1 al 100% con Hezbollah, pero que no quiere perder, por ejemplo, la seguridad social que le otorga a sus familias o el empleo\u2026<\/p>\n<p class=\"com-paragraph   --s\"><strong>\u2013Pero Hezbollah tambi\u00e9n es una organizaci\u00f3n terrorista\u2026<\/strong><\/p>\n<p class=\"com-paragraph   --s\">\u2013<strong>Es una organizaci\u00f3n terrorista, pero no se puede reducir a eso porque es mucho m\u00e1s complejo. <\/strong>Tiene un <strong>sistema de salud, bancos, diputados<\/strong> y est\u00e1 profundamente arraigado en el sistema liban\u00e9s. Decir que es s\u00f3lo una organizaci\u00f3n terrorista es simplificar una realidad que es mucho m\u00e1s compleja. Y los<strong> asesinatos selectivos de Israel contra sus miembros <\/strong>y la <strong>ocupaci\u00f3n de cinco colinas en el sur del pa\u00eds<\/strong>, reitero, <strong>es lo que hace que la gente siga respaldando a Hezbollah<\/strong>, que finalmente le da protecci\u00f3n, porque en el sur hay un Estado ausente\u2026 Nada es blanco o negro en el L\u00edbano.<\/p>\n<p class=\"com-paragraph   --s\"><strong>\u2013\u00bfEl Estado liban\u00e9s tiene la fuerza como para hacer estas reformas estructurales de las que habla, necesarias para cambiar las cosas?<\/strong><\/p>\n<p class=\"com-paragraph   --s\">\u2013Es muy dif\u00edcil, nada es f\u00e1cil aqu\u00ed, pero creo que <strong>es la \u00fanica forma para salir de esta pesadilla, aunque sea muy complejo.<\/strong><\/p>\n<p class=\"com-paragraph   --s\"><strong>\u2013\u00bfQu\u00e9 espera que pase en el corto plazo?<\/strong><\/p>\n<p class=\"com-paragraph   --s\">\u2013No lo s\u00e9, habr\u00e1 que esperar. Lo \u00fanico que <strong>espero es que esta guerra no dure demasiado<\/strong> y <strong>que no destruya realmente todo<\/strong>. Es muy estresante, no es normal y es totalmente distinto a las anteriores guerras. <strong>Nunca hemos visto la destrucci\u00f3n que estamos viendo ahora.<\/strong> No s\u00e9, no soy experta en armas, pero es evidente que est\u00e1n usando otras armas que lo arrasan todo&#8230;<\/p>\n<p class=\"com-paragraph   --s\"><strong>\u2013Ha venido el secretario general de la ONU, Antonio Guterres, pero la comunidad internacional parece ausente\u2026<\/strong><\/p>\n<p class=\"com-paragraph   --s\">\u2013Si, est\u00e1 ausente. Pero<strong> si el ej\u00e9rcito liban\u00e9s hubiera sido serio y hubiera desarmado a Hezbollah, el Estado liban\u00e9s habr\u00eda tenido el respaldo de la comunidad internacional<\/strong> <strong>y el dinero<\/strong> para estas reformas urgentes. Es verdad que habr\u00eda sido muy conflictivo hacerlo, habr\u00eda creado problemas, pero habr\u00eda sido una actitud valiente del Ej\u00e9rcito liban\u00e9s, que no hace nada, est\u00e1 inerte, nadie sabe para qu\u00e9 sirve\u2026 La comunidad internacional est\u00e1 ausente, lamentablemente y, adem\u00e1s, el foco de atenci\u00f3n est\u00e1 ahora puesto en Ir\u00e1n.<\/p>\n<section class=\"container-center-100 mb-40 border border-bottom border-thin border-neutral-light-700\">\n<hr\/>\n<\/section>\n<\/div>\n\n","protected":false},"excerpt":{"rendered":"<p>BEIRUT.\u2013 Monika Borgmann, premiada documentalista y periodista germano\u2013libanesa, no tiene miedo de decir lo que piensa. Aunque el grupo Hezbollah en 2021 asesin\u00f3 a balazos a su marido, Lokman Slim \u2013intelectual y tambi\u00e9n periodista de la comunidad chiita secular libanesa, cuya voz molestaba porque era demasiado cr\u00edtica de este grupo pro\u2013iran\u00ed que aqu\u00ed es un [&hellip;]<\/p>\n","protected":false},"author":2,"featured_media":229280,"comment_status":"closed","ping_status":"closed","sticky":false,"template":"","format":"standard","meta":{"footnotes":""},"categories":[1],"tags":[],"class_list":["post-229279","post","type-post","status-publish","format-standard","has-post-thumbnail","hentry","category-uncategorized"],"_links":{"self":[{"href":"https:\/\/radioacuariofm.com.ar\/index.php?rest_route=\/wp\/v2\/posts\/229279","targetHints":{"allow":["GET"]}}],"collection":[{"href":"https:\/\/radioacuariofm.com.ar\/index.php?rest_route=\/wp\/v2\/posts"}],"about":[{"href":"https:\/\/radioacuariofm.com.ar\/index.php?rest_route=\/wp\/v2\/types\/post"}],"author":[{"embeddable":true,"href":"https:\/\/radioacuariofm.com.ar\/index.php?rest_route=\/wp\/v2\/users\/2"}],"replies":[{"embeddable":true,"href":"https:\/\/radioacuariofm.com.ar\/index.php?rest_route=%2Fwp%2Fv2%2Fcomments&post=229279"}],"version-history":[{"count":1,"href":"https:\/\/radioacuariofm.com.ar\/index.php?rest_route=\/wp\/v2\/posts\/229279\/revisions"}],"predecessor-version":[{"id":229281,"href":"https:\/\/radioacuariofm.com.ar\/index.php?rest_route=\/wp\/v2\/posts\/229279\/revisions\/229281"}],"wp:featuredmedia":[{"embeddable":true,"href":"https:\/\/radioacuariofm.com.ar\/index.php?rest_route=\/wp\/v2\/media\/229280"}],"wp:attachment":[{"href":"https:\/\/radioacuariofm.com.ar\/index.php?rest_route=%2Fwp%2Fv2%2Fmedia&parent=229279"}],"wp:term":[{"taxonomy":"category","embeddable":true,"href":"https:\/\/radioacuariofm.com.ar\/index.php?rest_route=%2Fwp%2Fv2%2Fcategories&post=229279"},{"taxonomy":"post_tag","embeddable":true,"href":"https:\/\/radioacuariofm.com.ar\/index.php?rest_route=%2Fwp%2Fv2%2Ftags&post=229279"}],"curies":[{"name":"wp","href":"https:\/\/api.w.org\/{rel}","templated":true}]}}