{"id":229276,"date":"2026-03-15T23:58:48","date_gmt":"2026-03-16T02:58:48","guid":{"rendered":"https:\/\/radioacuariofm.com.ar\/?p=229276"},"modified":"2026-03-15T23:58:49","modified_gmt":"2026-03-16T02:58:49","slug":"iran-advierte-que-la-guerra-se-extendera-si-otros-paises-intervienen","status":"publish","type":"post","link":"https:\/\/radioacuariofm.com.ar\/?p=229276","title":{"rendered":"Ir\u00e1n advierte que la guerra se extender\u00e1 si otros pa\u00edses intervienen"},"content":{"rendered":"<p> <br \/>\n<\/p>\n<div>\n<p class=\"com-paragraph  --capital --s\">TEHER\u00c1N.<a href=\"https:\/\/www.lanacion.com.ar\/el-mundo\/iran-se-preparo-anos-para-esta-guerra-como-es-la-estrategia-que-esta-complicando-los-calculos-de-nid14032026\/\" target=\"_self\" title=\"https:\/\/www.lanacion.com.ar\/el-mundo\/iran-se-preparo-anos-para-esta-guerra-como-es-la-estrategia-que-esta-complicando-los-calculos-de-nid14032026\/\" class=\"com-link break-word\" data-mrf-recirculation=\"n_link_parrafo\">\u2013 Ir\u00e1n <\/a>advirti\u00f3 este domingo a otros pa\u00edses que si intervienen habr\u00e1 \u201cuna escalada\u201d en la<a href=\"https:\/\/www.lanacion.com.ar\/el-mundo\/guerra-en-medio-oriente-trump-asegura-haber-destruido-la-capacidad-militar-irani-y-lanza-un-pedido-nid14032026\/\" target=\"_self\" title=\"https:\/\/www.lanacion.com.ar\/el-mundo\/guerra-en-medio-oriente-trump-asegura-haber-destruido-la-capacidad-militar-irani-y-lanza-un-pedido-nid14032026\/\" class=\"com-link break-word\" data-mrf-recirculation=\"n_link_parrafo\"> guerra en Medio<\/a> Oriente, y el gobierno italiano report\u00f3 que una base de Kuwait que alberga tropas italianas y estadounidenses fue <strong>blanco de un ataque con drones.<\/strong><\/p>\n<p class=\"com-paragraph   --s\">La advertencia de Ir\u00e1n lleg\u00f3 luego de que el presidente estadounidense Donald Trump lanzara un llamado internacional para garantizar la seguridad en el <strong>estrat\u00e9gico estrecho de Ormuz,<\/strong> por donde sol\u00eda transitar cerca de una quinta parte de las exportaciones mundiales de hidrocarburos.<\/p>\n<div class=\"content-media\">\n<section role=\"button\" class=\"mod-media   \">\n<figure role=\"button\" tabindex=\"0\" class=\"mod-figure \"><figcaption class=\"mod-figcaption\"><span class=\"com-text --caption --twoxs\">Manifestantes ondean la bandera iran\u00ed durante la celebraci\u00f3n anual del D\u00eda de Palestina, en Teher\u00e1n<\/span><span class=\"com-text --credit --twoxs\">Hadi Mizban  &#8211; AP <\/span><\/figcaption><\/figure>\n<\/section>\n<\/div>\n<p class=\"com-paragraph   --s\">Su bloqueo por parte de Teher\u00e1n hizo que el precio del petr\u00f3leo se disparara en los \u00faltimos d\u00edas.<\/p>\n<p class=\"com-paragraph   --s\">Alegando que el paraguas de seguridad estadounidense en la regi\u00f3n <strong>\u201catrae problemas en lugar de disuadirlos\u201d,<\/strong> el canciller iran\u00ed Abbas Araqchi inst\u00f3 en X a los pa\u00edses vecinos a <strong>\u201cexpulsar a los agresores extranjeros\u201d<\/strong>.<\/p>\n<p class=\"com-paragraph   --s\"><strong>\u201cEsta guerra terminar\u00e1 cuando tengamos la certeza de que no se repetir\u00e1\u201d,<\/strong> declar\u00f3 Araqchi al medio en lengua \u00e1rabe Al Araby Al Jadid.<\/p>\n<p class=\"com-paragraph   --s\">Adem\u00e1s, llam\u00f3 a los dem\u00e1s pa\u00edses a <strong>\u201cabstenerse de cualquier acci\u00f3n que pueda llevar a una escalada\u201d<\/strong> y asegur\u00f3 que tiene \u201cmuchas pruebas\u201d de que las bases estadounidenses de Medio Oriente se utilizaron para atacar a su pa\u00eds, citando a Emiratos \u00c1rabes Unidos.<\/p>\n<div class=\"content-media\">\n<section role=\"button\" class=\"mod-media   \">\n<figure role=\"button\" tabindex=\"0\" class=\"mod-figure \"><figcaption class=\"mod-figcaption\"><span class=\"com-text --caption --twoxs\">Manifestantes participan en la concentraci\u00f3n anual del D\u00eda de Quds, o D\u00eda de Jerusal\u00e9n, en apoyo a los palestinos en Teher\u00e1n, Ir\u00e1n, el viernes 13 de marzo de 2026.<\/span><span class=\"com-text --credit --twoxs\">Vahid Salemi  &#8211; AP <\/span><\/figcaption><\/figure>\n<\/section>\n<\/div>\n<p class=\"com-paragraph   --s\">El ataque con drones en la base a\u00e9rea<strong> Ali Al Salem<\/strong>, en Kuwait, destruy\u00f3 un avi\u00f3n pilotado a distancia perteneciente a Italia, pero no caus\u00f3 v\u00edctimas, indic\u00f3 el ej\u00e9rcito italiano.<\/p>\n<p class=\"com-paragraph   --s\">El canciller italiano, Antonio Tajani, intent\u00f3 restarle importancia al ataque<strong> -el segundo contra una base italiana en Oriente Medio esta semana-<\/strong> y recalc\u00f3: \u201cNosotros no estamos en guerra con nadie\u201d.<\/p>\n<p class=\"com-paragraph   --s\">Ante la preocupaci\u00f3n que genera la escalada del petr\u00f3leo, que cerr\u00f3 por encima de los 100 d\u00f3lares el viernes, el secretario estadounidense de Energ\u00eda,<strong> Chris Wright,<\/strong> afirm\u00f3 que el bloqueo de facto del estrecho de Ormuz es un \u201cmalestar pasajero\u201d.<\/p>\n<p class=\"com-paragraph   --s\">\u201cEs cierto que atravesamos este per\u00edodo de perturbaci\u00f3n a corto plazo, pero <strong>es mejor hacerlo ahora que enfrentarnos a un Ir\u00e1n con armas nucleares<\/strong>\u201d, dijo Wright en una entrevista con ABC News.<\/p>\n<div class=\"content-media\">\n<section role=\"button\" class=\"mod-media   \">\n<figure role=\"button\" tabindex=\"0\" class=\"mod-figure \"><figcaption class=\"mod-figcaption\"><span class=\"com-text --caption --twoxs\">El humo de una explosi\u00f3n se levanta detr\u00e1s de los manifestantes que asistieron a la manifestaci\u00f3n del D\u00eda Quds, o D\u00eda de Jerusal\u00e9n, que se celebra anualmente en contra de Israel en apoyo de los palestinos, en Teher\u00e1n, Ir\u00e1n<\/span><span class=\"com-text --credit --twoxs\">Fars News Agency<\/span><\/figcaption><\/figure>\n<\/section>\n<\/div>\n<p class=\"com-paragraph   --s\">En tanto, la Agencia Internacional de la Energ\u00eda (AIE) indic\u00f3 que se desbloquear\u00e1n \u201cinmediatamente\u201d las reservas estrat\u00e9gicas de petr\u00f3leo de Asia y Ocean\u00eda y que las de los pa\u00edses miembros de la AIE de Am\u00e9rica y Europa se pondr\u00e1n a disposici\u00f3n desde finales de marzo.<\/p>\n<p class=\"com-paragraph   --s\">Trump propuso el s\u00e1bado la puesta en marcha de una <strong>operaci\u00f3n naval internacional<\/strong> para escoltar petroleros a trav\u00e9s del estrecho de Ormuz pero, de momento, muchos pa\u00edses parecen dubitativos ante esa iniciativa.<\/p>\n<p class=\"com-paragraph   --s\">El mandatario estadounidense habl\u00f3 este domingo con el primer ministro brit\u00e1nico, Keir Starmer, sobre <strong>\u201cla importancia de reabrir el estrecho de Ormuz\u201d,<\/strong> inform\u00f3 Downing Street.<\/p>\n<p class=\"com-paragraph   --s\">Tras m\u00e1s de dos semanas de guerra, ninguna de las partes ha moderado su ret\u00f3rica. En una entrevista con NBC News, Trump asegur\u00f3 que Teher\u00e1n quiere sentarse a negociar, pero que Washington seguir\u00e1 adelante con su ofensiva.<\/p>\n<p class=\"com-paragraph   --s\"><strong>\u201cIr\u00e1n quiere llegar a un acuerdo y yo no quiero hacerlo porque las condiciones a\u00fan no son lo suficientemente buenas\u201d,<\/strong> dijo Trump a la cadena estadounidense.<\/p>\n<p class=\"com-paragraph   --s\">Sin embargo, el canciller iran\u00ed afirm\u00f3 que su pa\u00eds no est\u00e1 interesado en mantener conversaciones.<\/p>\n<div class=\"content-media\">\n<section role=\"button\" class=\"mod-media   \">\n<figure role=\"button\" tabindex=\"0\" class=\"mod-figure \"><figcaption class=\"mod-figcaption\"><span class=\"com-text --caption --twoxs\">Equipos de rescate buscan supervivientes entre los escombros tras un ataque en el sur de Teher\u00e1n, Ir\u00e1n<\/span><span class=\"com-text --credit --twoxs\">Sajjad Safari &#8211; AP<\/span><\/figcaption><\/figure>\n<\/section>\n<\/div>\n<p class=\"com-paragraph   --s\"><strong>\u201cNo vemos ninguna raz\u00f3n por la que debamos hablar con los estadounidenses, porque ya est\u00e1bamos hablando con ellos cuando decidieron atacarnos\u201d<\/strong>, declar\u00f3 Araqchi a CBS en una entrevista emitida el domingo.<\/p>\n<p class=\"com-paragraph   --s\">El Pent\u00e1gono afirma que m\u00e1s de 15.000 objetivos han sido alcanzados en Ir\u00e1n y el ej\u00e9rcito de Israel afirm\u00f3 que a\u00fan tiene \u201cmiles de objetivos\u201d por atacar.<\/p>\n<p class=\"com-paragraph   --s\">Con todo, Teher\u00e1n vivi\u00f3 este domingo<strong> una jornada laboral relativamente normal por primera vez desde el inicio de la guerra <\/strong>que comenz\u00f3 el 28 de febrero con ataques de Estados Unidos e Israel que mataron al l\u00edder supremo de Ir\u00e1n, Al\u00ed Khamenei, padre del actual ayatollah Mojtaba Khamenei.<\/p>\n<p class=\"com-paragraph   --s\">El tr\u00e1fico era m\u00e1s intenso que la semana pasada y algunos caf\u00e9s y restaurantes est\u00e1n abiertos. En el bazar de Tayrish, en el norte de la capital, m\u00e1s de un tercio de los puestos reabrieron cinco d\u00edas antes del Nouruz, el A\u00f1o Nuevo persa.<\/p>\n<p class=\"com-paragraph   --s\">En Tonekabon, una ciudad a orillas del mar Caspio, un habitante dijo que los negocios est\u00e1n abiertos y<strong> llenos de gente,<\/strong> pese a las fuertes subidas de precios.<\/p>\n<p class=\"com-paragraph   --s\"><strong>\u201cSolo la plaza principal permanece cerrada todas las noches, y all\u00ed tienen lugar manifestaciones del Gobierno\u201d, <\/strong>declar\u00f3 Al\u00ed, de 49 a\u00f1os.<\/p>\n<div class=\"content-media\">\n<section role=\"button\" class=\"mod-media   \">\n<figure role=\"button\" tabindex=\"0\" class=\"mod-figure \"><figcaption class=\"mod-figcaption\"><span class=\"com-text --caption --twoxs\">Una mujer se sienta sobre los escombros frente a un edificio residencial da\u00f1ado el domingo durante la campa\u00f1a a\u00e9rea de Estados Unidos e Israel en Teher\u00e1n, Ir\u00e1n<\/span><span class=\"com-text --credit --twoxs\">Vahid Salemi &#8211; AP<\/span><\/figcaption><\/figure>\n<\/section>\n<\/div>\n<p class=\"com-paragraph   --s\">M\u00e1s de 1200 personas han muerto por los ataques de Estados Unidos e Israel, seg\u00fan cifras del Ministerio de Salud iran\u00ed, que no han podido ser verificadas de forma independiente.<\/p>\n<p class=\"com-paragraph   --s\">La agencia de la ONU para los refugiados afirma que hasta 3,2 millones de personas han sido desplazadas en Ir\u00e1n.<\/p>\n<p class=\"com-paragraph   --s\"><strong>Agencia AFP<\/strong><\/p>\n<section class=\"container-center-100 mb-40 border border-bottom border-thin border-neutral-light-700\">\n<hr\/>\n<\/section>\n<\/div>\n\n","protected":false},"excerpt":{"rendered":"<p>TEHER\u00c1N.\u2013 Ir\u00e1n advirti\u00f3 este domingo a otros pa\u00edses que si intervienen habr\u00e1 \u201cuna escalada\u201d en la guerra en Medio Oriente, y el gobierno italiano report\u00f3 que una base de Kuwait que alberga tropas italianas y estadounidenses fue blanco de un ataque con drones. La advertencia de Ir\u00e1n lleg\u00f3 luego de que el presidente estadounidense Donald [&hellip;]<\/p>\n","protected":false},"author":2,"featured_media":229277,"comment_status":"closed","ping_status":"closed","sticky":false,"template":"","format":"standard","meta":{"footnotes":""},"categories":[1],"tags":[],"class_list":["post-229276","post","type-post","status-publish","format-standard","has-post-thumbnail","hentry","category-uncategorized"],"_links":{"self":[{"href":"https:\/\/radioacuariofm.com.ar\/index.php?rest_route=\/wp\/v2\/posts\/229276","targetHints":{"allow":["GET"]}}],"collection":[{"href":"https:\/\/radioacuariofm.com.ar\/index.php?rest_route=\/wp\/v2\/posts"}],"about":[{"href":"https:\/\/radioacuariofm.com.ar\/index.php?rest_route=\/wp\/v2\/types\/post"}],"author":[{"embeddable":true,"href":"https:\/\/radioacuariofm.com.ar\/index.php?rest_route=\/wp\/v2\/users\/2"}],"replies":[{"embeddable":true,"href":"https:\/\/radioacuariofm.com.ar\/index.php?rest_route=%2Fwp%2Fv2%2Fcomments&post=229276"}],"version-history":[{"count":1,"href":"https:\/\/radioacuariofm.com.ar\/index.php?rest_route=\/wp\/v2\/posts\/229276\/revisions"}],"predecessor-version":[{"id":229278,"href":"https:\/\/radioacuariofm.com.ar\/index.php?rest_route=\/wp\/v2\/posts\/229276\/revisions\/229278"}],"wp:featuredmedia":[{"embeddable":true,"href":"https:\/\/radioacuariofm.com.ar\/index.php?rest_route=\/wp\/v2\/media\/229277"}],"wp:attachment":[{"href":"https:\/\/radioacuariofm.com.ar\/index.php?rest_route=%2Fwp%2Fv2%2Fmedia&parent=229276"}],"wp:term":[{"taxonomy":"category","embeddable":true,"href":"https:\/\/radioacuariofm.com.ar\/index.php?rest_route=%2Fwp%2Fv2%2Fcategories&post=229276"},{"taxonomy":"post_tag","embeddable":true,"href":"https:\/\/radioacuariofm.com.ar\/index.php?rest_route=%2Fwp%2Fv2%2Ftags&post=229276"}],"curies":[{"name":"wp","href":"https:\/\/api.w.org\/{rel}","templated":true}]}}