{"id":229270,"date":"2026-03-15T21:56:55","date_gmt":"2026-03-16T00:56:55","guid":{"rendered":"https:\/\/radioacuariofm.com.ar\/?p=229270"},"modified":"2026-03-15T21:56:56","modified_gmt":"2026-03-16T00:56:56","slug":"elecciones-regionales-el-partido-popular-gana-en-castilla-y-leon-pero-dependera-de-vox-para-formar-gobierno","status":"publish","type":"post","link":"https:\/\/radioacuariofm.com.ar\/?p=229270","title":{"rendered":"Elecciones regionales: el Partido Popular gana en Castilla y Le\u00f3n pero depender\u00e1 de Vox para formar gobierno"},"content":{"rendered":"<p> <br \/>\n<\/p>\n<div>\n<p class=\"com-paragraph  --capital --s\">MADRID.\u2013 El Partido Popular (PP) se impuso este domingo en las <strong>elecciones regionales de Castilla y Le\u00f3n<\/strong>, el tercer comicio del calendario<a href=\"https:\/\/www.lanacion.com.ar\/el-mundo\/espana-cesa-formalmente-a-su-embajadora-en-israel-en-medio-de-la-escalada-de-tensiones-nid11032026\/\" target=\"_self\" title=\"https:\/\/www.lanacion.com.ar\/el-mundo\/espana-cesa-formalmente-a-su-embajadora-en-israel-en-medio-de-la-escalada-de-tensiones-nid11032026\/\" class=\"com-link break-word\" data-mrf-recirculation=\"n_link_parrafo\"> espa\u00f1ol. <\/a>Como ya hab\u00eda ocurrido en Extremadura y en Arag\u00f3n,<strong> el partido opositor gan\u00f3 en las urnas, <\/strong>pero sin alcanzar la mayor\u00eda absoluta, es decir, necesitar\u00e1 a Vox, el partido de la ultraderecha, para gobernar en ese distrito, lo que implicar\u00e1 largas negociaciones entre ambas fuerzas pol\u00edticas. <\/p>\n<div class=\"content-media\">\n<section role=\"button\" class=\"mod-media   \">\n<figure role=\"button\" tabindex=\"0\" class=\"mod-figure \"><figcaption class=\"mod-figcaption\"><span class=\"com-text --caption --twoxs\"> El presidente de la Junta de Castilla y Le\u00f3n, Alfonso Fern\u00e1ndez Ma\u00f1ueco<\/span><span class=\"com-text --credit --twoxs\">Carlos Luj\u00e1n &#8211; Europa Press &#8211; Carlos Luj\u00e1n &#8211; Europa Press<\/span><\/figcaption><\/figure>\n<\/section>\n<\/div>\n<p class=\"com-paragraph   --s\">Alfonso Fern\u00e1ndez Ma\u00f1ueco, presidente de Castilla y Le\u00f3n, fue<strong> el candidato m\u00e1s votado <\/strong>con el 35 % de los votos y qued\u00f3 a las puertas de su reelecci\u00f3n. <\/p>\n<p class=\"com-paragraph   --s\"><strong>Carlos Mart\u00ednez,<\/strong> candidato del Partido Socialista (PSOE), qued\u00f3 en el segundo lugar con el 30 %, la primera vez en este a\u00f1o que la fuerza liderada por Pedro S\u00e1nchez hace pie en unas elecciones y mejora el resultado previsto. <\/p>\n<div class=\"content-media\">\n<section role=\"button\" class=\"mod-media   \">\n<figure role=\"button\" tabindex=\"0\" class=\"mod-figure \"><figcaption class=\"mod-figcaption\"><span class=\"com-text --caption --twoxs\">La presidenta de la Comunidad de Madrid, Isabel D\u00edaz Ayuso<\/span><span class=\"com-text --credit --twoxs\">Marta Fern\u00e1ndez &#8211; Europa Press  &#8211; Marta Fern\u00e1ndez &#8211; Europa Press <\/span><\/figcaption><\/figure>\n<\/section>\n<\/div>\n<p class=\"com-paragraph   --s\"><strong>El tercer lugar qued\u00f3 para Vox,<\/strong> que tendr\u00e1 la llave para facilitar al PP el nuevo gobierno en Castilla y Le\u00f3n. El partido liderado por Santiago Abascal, que le puso el cuerpo personalmente a esta campa\u00f1a, obtuvo el 18% de los votos, pr\u00e1cticamente <strong>el mismo porcentaje que hace cuatro a\u00f1os.<\/strong> <\/p>\n<p class=\"com-paragraph   --s\">Aunque esta comunidad ha sido hist\u00f3ricamente af\u00edn a las propuestas de Vox, la ultraderecha no logr\u00f3 superar el 20% de los votos, que muchos analistas consideran <strong>un techo <\/strong>para esta fuerza pol\u00edtica. <\/p>\n<p class=\"com-paragraph   --s\"><strong>El PP fue el gran ganador de la noche,<\/strong> que logr\u00f3 aumentar su mayor\u00eda con tres nuevas bancas y, por otro lado, observ\u00f3 con satisfacci\u00f3n el estancamiento de Vox, pero Fern\u00e1ndez Ma\u00f1ueco le hizo un gui\u00f1o en su discurso despu\u00e9s de la victoria. <strong>\u201cLos ciudadanos han dicho que di\u00e1logo. Habr\u00e1 que dialogar. Ya he dicho con qui\u00e9n no vamos a pactar. Castilla y Le\u00f3n ser\u00e1 terreno libre de S\u00e1nchez\u201d<\/strong>, asegur\u00f3 el dirigente desde Salamanca. <\/p>\n<p class=\"com-paragraph   --s\">Carlos Poll\u00e1n, el primer candidato de Vox en la comunidad, tambi\u00e9n pronunci\u00f3 un discurso que puede entenderse como un acercamiento al gobierno regional en alianza con el PP. <strong>\u201cVox va a influir de manera determinante en todas las pol\u00edticas que se apliquen en Castilla y Le\u00f3n\u201d<\/strong>, dijo.<\/p>\n<div class=\"content-media\">\n<section role=\"button\" class=\"mod-media   \">\n<figure role=\"button\" tabindex=\"0\" class=\"mod-figure \"><figcaption class=\"mod-figcaption\"><span class=\"com-text --caption --twoxs\">El presidente del Partido Popular, Alberto N\u00fa\u00f1ez Feij\u00f3o<\/span><span class=\"com-text --credit --twoxs\">A. P\u00e9rez Meca &#8211; Europa Press &#8211; A. P\u00e9rez Meca &#8211; Europa Press<\/span><\/figcaption><\/figure>\n<\/section>\n<\/div>\n<p class=\"com-paragraph   --s\">Los antecedentes con Vox no ayudan: los partidos de la derecha espa\u00f1ola todav\u00eda no se pusieron de acuerdo en Extremadura ni en Arag\u00f3n, comunidades que ya celebraron elecciones regionales. Sin embargo, en esos comicios Vox hab\u00eda duplicado su cantidad de votos, mientras que esta vez apenas creci\u00f3 en comparaci\u00f3n con las elecciones de 2022. <\/p>\n<div class=\"content-media\">\n<section role=\"button\" class=\"mod-media   \">\n<figure role=\"button\" tabindex=\"0\" class=\"mod-figure \"><figcaption class=\"mod-figcaption\"><span class=\"com-text --caption --twoxs\">El presidente de gobierno de Espa\u00f1a Pedro S\u00e1nchez<\/span><span class=\"com-text --credit --twoxs\">Bernat Armangue &#8211; AP<\/span><\/figcaption><\/figure>\n<\/section>\n<\/div>\n<p class=\"com-paragraph   --s\">Las diferencias se remontan al a\u00f1o pasado, cuando Vox decidi\u00f3 dejar los cargos que hab\u00eda aceptado en los gobiernos regionales que compart\u00eda con el PP porque -aseguraban- \u00e9stos fueron<strong> c\u00f3mplices de pol\u00edticas impulsadas por la Uni\u00f3n Europea <\/strong>que la formaci\u00f3n de ultraderecha repudia, especialmente vinculadas con la inmigraci\u00f3n. <\/p>\n<p class=\"com-paragraph   --s\">Ser\u00e1 el principal escollo que el PP tendr\u00e1 que resolver en los pr\u00f3ximos meses. La siguiente cita electoral ser\u00e1 <strong>Andaluc\u00eda<\/strong>, la comunidad con m\u00e1s electores de Espa\u00f1a, que deber\u00e1 votar antes de junio (a\u00fan sin fecha definida). Las encuestas dan all\u00ed como favorito para la reelecci\u00f3n a <strong>Juan Manuel Moreno,<\/strong> que se posiciona como uno de los m\u00e1ximos dirigentes del PP junto con Alberto N\u00fa\u00f1ez Feij\u00f3o e Isabel D\u00edaz Ayuso.<\/p>\n<p class=\"com-paragraph   --s\"><strong>La sorpresa de los comicios fue el PSOE<\/strong>, que fren\u00f3 su sangr\u00eda electoral luego de los m\u00ednimos hist\u00f3ricos que hab\u00eda registrado en Extremadura y Arag\u00f3n. Esta vez, en una comunidad que suele ser hostil con el voto socialista, el partido de S\u00e1nchez sum\u00f3 dos nuevas bancas. <\/p>\n<div class=\"content-media\">\n<section role=\"button\" class=\"mod-media   \">\n<figure role=\"button\" tabindex=\"0\" class=\"mod-figure \"><figcaption class=\"mod-figcaption\"><span class=\"com-text --caption --twoxs\">El l\u00edder de Vox, Santiago Abascal<\/span><span class=\"com-text --credit --twoxs\">Eduardo Parra &#8211; Europa Press  &#8211; Eduardo Parra &#8211; Europa Press <\/span><\/figcaption><\/figure>\n<\/section>\n<\/div>\n<p class=\"com-paragraph   --s\">Fuentes del oficialismo explicaron a medios espa\u00f1oles que es una reacci\u00f3n a la <strong>d\u00e9bil gesti\u00f3n sanitaria del PP en la regi\u00f3n <\/strong>pero que, adem\u00e1s, sienten que la sociedad respalda el mensaje antib\u00e9lico del presidente espa\u00f1ol y su cruzada contra Donald Trump. <\/p>\n<p class=\"com-paragraph   --s\">El lema<strong> \u201cNo a la guerra\u201d<\/strong>, cargado de simbolismo en Espa\u00f1a porque hab\u00eda sido utilizado en la guerra de Irak, apoyada por el PP en 2003, hab\u00eda cosechado respaldo social, seg\u00fan los sondeos que se difundieron en los \u00faltimos d\u00edas. <\/p>\n<section class=\"container-center-100 mb-40 border border-bottom border-thin border-neutral-light-700\">\n<hr\/>\n<\/section>\n<\/div>\n\n","protected":false},"excerpt":{"rendered":"<p>MADRID.\u2013 El Partido Popular (PP) se impuso este domingo en las elecciones regionales de Castilla y Le\u00f3n, el tercer comicio del calendario espa\u00f1ol. Como ya hab\u00eda ocurrido en Extremadura y en Arag\u00f3n, el partido opositor gan\u00f3 en las urnas, pero sin alcanzar la mayor\u00eda absoluta, es decir, necesitar\u00e1 a Vox, el partido de la ultraderecha, [&hellip;]<\/p>\n","protected":false},"author":2,"featured_media":229271,"comment_status":"closed","ping_status":"closed","sticky":false,"template":"","format":"standard","meta":{"footnotes":""},"categories":[1],"tags":[],"class_list":["post-229270","post","type-post","status-publish","format-standard","has-post-thumbnail","hentry","category-uncategorized"],"_links":{"self":[{"href":"https:\/\/radioacuariofm.com.ar\/index.php?rest_route=\/wp\/v2\/posts\/229270","targetHints":{"allow":["GET"]}}],"collection":[{"href":"https:\/\/radioacuariofm.com.ar\/index.php?rest_route=\/wp\/v2\/posts"}],"about":[{"href":"https:\/\/radioacuariofm.com.ar\/index.php?rest_route=\/wp\/v2\/types\/post"}],"author":[{"embeddable":true,"href":"https:\/\/radioacuariofm.com.ar\/index.php?rest_route=\/wp\/v2\/users\/2"}],"replies":[{"embeddable":true,"href":"https:\/\/radioacuariofm.com.ar\/index.php?rest_route=%2Fwp%2Fv2%2Fcomments&post=229270"}],"version-history":[{"count":1,"href":"https:\/\/radioacuariofm.com.ar\/index.php?rest_route=\/wp\/v2\/posts\/229270\/revisions"}],"predecessor-version":[{"id":229272,"href":"https:\/\/radioacuariofm.com.ar\/index.php?rest_route=\/wp\/v2\/posts\/229270\/revisions\/229272"}],"wp:featuredmedia":[{"embeddable":true,"href":"https:\/\/radioacuariofm.com.ar\/index.php?rest_route=\/wp\/v2\/media\/229271"}],"wp:attachment":[{"href":"https:\/\/radioacuariofm.com.ar\/index.php?rest_route=%2Fwp%2Fv2%2Fmedia&parent=229270"}],"wp:term":[{"taxonomy":"category","embeddable":true,"href":"https:\/\/radioacuariofm.com.ar\/index.php?rest_route=%2Fwp%2Fv2%2Fcategories&post=229270"},{"taxonomy":"post_tag","embeddable":true,"href":"https:\/\/radioacuariofm.com.ar\/index.php?rest_route=%2Fwp%2Fv2%2Ftags&post=229270"}],"curies":[{"name":"wp","href":"https:\/\/api.w.org\/{rel}","templated":true}]}}