{"id":229264,"date":"2026-03-15T19:55:18","date_gmt":"2026-03-15T22:55:18","guid":{"rendered":"https:\/\/radioacuariofm.com.ar\/?p=229264"},"modified":"2026-03-15T19:55:19","modified_gmt":"2026-03-15T22:55:19","slug":"la-derecha-conservadora-se-fortalece-resurge-el-socialismo-y-retrocede-el-apoyo-a-macron","status":"publish","type":"post","link":"https:\/\/radioacuariofm.com.ar\/?p=229264","title":{"rendered":"La derecha conservadora se fortalece, resurge el socialismo y retrocede el apoyo a Macron"},"content":{"rendered":"<p> <br \/>\n<\/p>\n<div>\n<p class=\"com-paragraph  --capital --s\">PAR\u00cdS.\u2013 <a href=\"https:\/\/www.lanacion.com.ar\/politica\/crece-el-malestar-en-francia-por-una-decision-del-director-de-la-casa-argentina-en-paris-nid13032026\/\" target=\"_self\" title=\"https:\/\/www.lanacion.com.ar\/politica\/crece-el-malestar-en-francia-por-una-decision-del-director-de-la-casa-argentina-en-paris-nid13032026\/\" class=\"com-link break-word\" data-mrf-recirculation=\"n_link_parrafo\">Francia<\/a> se prepara a vivir una electrizante jornada de elecciones municipales el pr\u00f3ximo 22 de marzo, tras la <strong>primera vuelta <\/strong>disputada hoy entre 49 millones de electores. <\/p>\n<p class=\"com-paragraph   --s\">Una primera vuelta que arroj\u00f3 una clara <strong>\u201cmuestra\u201d <\/strong>de la prudencia que mantienen los <a href=\"https:\/\/www.lanacion.com.ar\/el-mundo\/francia-endurece-los-requisitos-de-residencia-y-nacionalidad-y-reaviva-el-debate-tras-el-caso-nid31122025\/\" target=\"_self\" title=\"https:\/\/www.lanacion.com.ar\/el-mundo\/francia-endurece-los-requisitos-de-residencia-y-nacionalidad-y-reaviva-el-debate-tras-el-caso-nid31122025\/\" class=\"com-link break-word\" data-mrf-recirculation=\"n_link_parrafo\">franceses<\/a> con vistas a la elecci\u00f3n presidencial de 2027.<\/p>\n<div class=\"content-media\">\n<section role=\"button\" class=\"mod-media   \">\n<figure role=\"button\" tabindex=\"0\" class=\"mod-figure \"><figcaption class=\"mod-figcaption\"><span class=\"com-text --caption --twoxs\">Un votante entra en una cabina electoral para emitir su voto<\/span><span class=\"com-text --credit --twoxs\">ARNAUD FINISTRE  &#8211; AFP <\/span><\/figcaption><\/figure>\n<\/section>\n<\/div>\n<p class=\"com-paragraph   --s\">Al cabo de una jornada que se caracteriz\u00f3 por un <strong>elevado porcentaje de ausentismo de 44 a 45%, <\/strong>las grandes tendencias esbozadas al cabo de la primera rueda de votaci\u00f3n demostraron un claro refuerzo de la derecha conservadora del partido Los Republicanos, marcaron un leve repliegue de La Francia Insumisa (LFI) que orienta el l\u00edder de extrema izquierda <strong>Jean-Luc Melenchon<\/strong> y \u2013sobre todo\u2013 un claro resurgimiento de la izquierda moderada representada por el Partido Socialista (PS). <\/p>\n<p class=\"com-paragraph   --s\">Esa tendencia penaliz\u00f3 en parte las expectativas de la Reuni\u00f3n Nacional (RN) de extrema derecha que dirige Marine Le Pen. Las primeras orientaciones del electorado, tambi\u00e9n pusieron en evidencia un neto retroceso del <strong>\u201cbloque de centro\u201d,<\/strong> que incluye al partido Renacimiento inspirado por Emmanuel Macron. <\/p>\n<p class=\"com-paragraph   --s\">Esos resultados constituyen un claro voto de censura al presidente de la Rep\u00fablica tras nueve a\u00f1os de gobernar el pa\u00eds.<\/p>\n<p class=\"com-paragraph   --s\">Como ocurre tradicionalmente en Francia, las consultas municipales son solo un indicio del humor del electorado y, en muchos casos, se definen en funci\u00f3n de opciones locales que n<strong>o traducen necesariamente una tendencia nacional<\/strong>. <\/p>\n<div class=\"content-media\">\n<section role=\"button\" class=\"mod-media   \">\n<figure role=\"button\" tabindex=\"0\" class=\"mod-figure \"><figcaption class=\"mod-figcaption\"><span class=\"com-text --caption --twoxs\">Jean-Michel Aulas, candidato a la alcald\u00eda de Lyon respaldado por el partido conservador Los Republicanos (LR) y el centrista Renacimiento, sale de una cabina de votaci\u00f3n antes de emitir su voto<\/span><span class=\"com-text --credit --twoxs\">ALEX MARTIN  &#8211; AFP <\/span><\/figcaption><\/figure>\n<\/section>\n<\/div>\n<p class=\"com-paragraph   --s\">Los analistas pol\u00edticos y los electores miran en particular los resultados que pueden insinuar las tendencias que prevalecer\u00e1n en las elecciones presidenciales de 2027.<\/p>\n<p class=\"com-paragraph   --s\">Otro indicio de primer orden es <strong>el comportamiento de las grandes ciudades, <\/strong>donde los partidos se libran duelos hom\u00e9ricos. Dado que las urnas cerraron a las 20 horas (15 horas de Argentina), los resultados de esos distritos clave reci\u00e9n se conocer\u00e1n este lunes a la madrugada.<\/p>\n<p class=\"com-paragraph   --s\">En el caso de Par\u00eds, sin embargo, el candidato socialista <strong>Emmanuel Gregoire<\/strong> parece tener una buena opci\u00f3n para suceder a su correligionaria<strong> Anne Hidalgo,<\/strong> que gobern\u00f3 durante 12 a\u00f1os a los 2 millones de parisinos.<\/p>\n<p class=\"com-paragraph   --s\">Seg\u00fan el instituto de sondeos Ipsos, las primeras estimaciones atribuyen 36,5% de votos a Gregoire contra 24,9% de la candidate LR Rachida Dati. Para ganar la alcald\u00eda parisina,<strong> ambos necesitar\u00e1n recurrir a alianzas con partidos afines<\/strong>, pero se estima que las negociaciones le permitir\u00e1n a Gregoire contar con el 12% de Pierre-Yves Bournazel, que encabez\u00f3 la lista del polo macronista de Horizons\/Renaissance, y una parte de los sufragios que respaldaron a Sophia Chikirou, de LFI. <\/p>\n<div class=\"content-media\">\n<section role=\"button\" class=\"mod-media   \">\n<figure role=\"button\" tabindex=\"0\" class=\"mod-figure \"><figcaption class=\"mod-figcaption\"><span class=\"com-text --caption --twoxs\">Un votante llega a un centro electoral para participar en la primera vuelta de las elecciones municipales de Francia<\/span><span class=\"com-text --credit --twoxs\">ARNAUD FINISTRE  &#8211; AFP <\/span><\/figcaption><\/figure>\n<\/section>\n<\/div>\n<p class=\"com-paragraph   --s\">Por su parte, la ex ministra de Justicia y de Cultura <strong>Rachida Dati <\/strong>\u2014que enfrenta ocho procesos judiciales\u2014 no dud\u00f3 en lanzar un llamado a la extrema derecha y al centro, para derrotar a Gr\u00e9goire.<\/p>\n<p class=\"com-paragraph   --s\">La batalla electoral de Par\u00eds puede tener una fuerte influencia en los resultados finales que arrojar\u00e1 la consulta en las grandes ciudades.<\/p>\n<p class=\"com-paragraph   --s\">En Marsella, las tendencias anticipan un duelo implacable entre la uni\u00f3n de izquierdas (excepto LFI) que encabeza el alcalde saliente Beno\u00eet Payan (PS) y reuni\u00f3 38,5% delante de la extrema derecha. <\/p>\n<p class=\"com-paragraph   --s\">Su candidato <strong>Frank Allisio<\/strong> (33,6%) deposita grandes expectativas en poder ganar una gran ciudad como Marsella para convertirla en s\u00edmbolo de la supuesta ola que impulsar\u00e1 las esperanzas del RN en las presidenciales del a\u00f1o pr\u00f3ximo. En ese caso particular, todo depender\u00e1 de la transferencia de votos de los candidatos menos votados.<\/p>\n<p class=\"com-paragraph   --s\">La lucha es igualmente ruda en Lyon, donde el candidato de centro-derecha <strong>Jean-Michel Aulas<\/strong>, ex presidente del club de f\u00fatbol Olympique Lyonnais, obtuvo el primer lugar con 37,3% de votos, delante del alcalde ecologista saliente Gr\u00e9gory Doucet (35,4 %).<\/p>\n<div class=\"content-media\">\n<section role=\"button\" class=\"mod-media   \">\n<figure role=\"button\" tabindex=\"0\" class=\"mod-figure \"><figcaption class=\"mod-figcaption\"><span class=\"com-text --caption --twoxs\">El alcalde de Lyon, Gr\u00e9gory Doucet<\/span><span class=\"com-text --credit --twoxs\">ARNAUD FINISTRE  &#8211; AFP <\/span><\/figcaption><\/figure>\n<\/section>\n<\/div>\n<p class=\"com-paragraph   --s\">La batalla podr\u00eda ser arbitrada por Ana\u00efs Belouassa-Cherifi, si obtuviera m\u00e1s del 10% de sufragios, nivel necesario para acceder al balotaje.<\/p>\n<p class=\"com-paragraph   --s\">Tambi\u00e9n ser\u00e1 necesario acudir a una triangular para definir al pr\u00f3ximo alcalde de Lille, donde la batalla se disputar\u00e1 entre el socialista saliente <strong>Arnaud Deslandes <\/strong>(27,5%), la insumisa <strong>Lahouaria Addouche <\/strong>(27,5 %) y el ecologista St\u00e9phane Baly (17,1 %), que actuar\u00e1 probablemente como \u00e1rbitro.<\/p>\n<p class=\"com-paragraph   --s\">En Niza, en un duelo fratricida, el candidato de extrema derecha Eric Ciotti \u2014tr\u00e1nsfuga de LR\u2014 le sac\u00f3 11 puntos de ventaja al actual alcalde, Christian Estrosi, tambi\u00e9n un ex LR.<\/p>\n<div class=\"content-media\">\n<section role=\"button\" class=\"mod-media   \">\n<figure role=\"button\" tabindex=\"0\" class=\"mod-figure \"><figcaption class=\"mod-figcaption\"><span class=\"com-text --caption --twoxs\">El alcalde de Lyon, Gr\u00e9gory Doucet, del partido ecologista Europa Ecolog\u00eda\u2013Los Verdes (EELV), recoge las papeletas antes de emitir su voto<\/span><span class=\"com-text --credit --twoxs\">ARNAUD FINISTRE  &#8211; AFP <\/span><\/figcaption><\/figure>\n<\/section>\n<\/div>\n<p class=\"com-paragraph   --s\">El camino de la presidencial del a\u00f1o pr\u00f3ximo qued\u00f3 despejado para el ex primer ministro Edouard Philippe, que con 43,8% de votos qued\u00f3 al borde de la reelecci\u00f3n como alcalde de Le Havre, principal puerto atl\u00e1ntico de Francia.<\/p>\n<p class=\"com-paragraph   --s\">Las proyecciones y los resultados conocidos hasta ahora sugieren que, <strong>gracias a los votos obtenidos a nivel nacional, el l\u00edder socialista Olivier Faure se perfila como un firme aspirante para representar a la social-democracia francesa en las presidenciales de 2027. <\/strong><\/p>\n<p class=\"com-paragraph   --s\">Se abre, por el contrario, un gran signo de interrogaci\u00f3n sobre el futuro de la extrema derecha de la Reuni\u00f3n Nacional. Su l\u00edder, Marine Le Pen, espera con ansiedad un dictamen judicial que le puede impedir representar a su partido. Y su delf\u00edn designado, Jordan Bardella, no parece haber convencido a los electores ni a los cuadros de su propio partido.<\/p>\n<section class=\"container-center-100 mb-40 border border-bottom border-thin border-neutral-light-700\">\n<hr\/>\n<\/section>\n<\/div>\n\n","protected":false},"excerpt":{"rendered":"<p>PAR\u00cdS.\u2013 Francia se prepara a vivir una electrizante jornada de elecciones municipales el pr\u00f3ximo 22 de marzo, tras la primera vuelta disputada hoy entre 49 millones de electores. Una primera vuelta que arroj\u00f3 una clara \u201cmuestra\u201d de la prudencia que mantienen los franceses con vistas a la elecci\u00f3n presidencial de 2027. Un votante entra en [&hellip;]<\/p>\n","protected":false},"author":2,"featured_media":229265,"comment_status":"closed","ping_status":"closed","sticky":false,"template":"","format":"standard","meta":{"footnotes":""},"categories":[1],"tags":[],"class_list":["post-229264","post","type-post","status-publish","format-standard","has-post-thumbnail","hentry","category-uncategorized"],"_links":{"self":[{"href":"https:\/\/radioacuariofm.com.ar\/index.php?rest_route=\/wp\/v2\/posts\/229264","targetHints":{"allow":["GET"]}}],"collection":[{"href":"https:\/\/radioacuariofm.com.ar\/index.php?rest_route=\/wp\/v2\/posts"}],"about":[{"href":"https:\/\/radioacuariofm.com.ar\/index.php?rest_route=\/wp\/v2\/types\/post"}],"author":[{"embeddable":true,"href":"https:\/\/radioacuariofm.com.ar\/index.php?rest_route=\/wp\/v2\/users\/2"}],"replies":[{"embeddable":true,"href":"https:\/\/radioacuariofm.com.ar\/index.php?rest_route=%2Fwp%2Fv2%2Fcomments&post=229264"}],"version-history":[{"count":1,"href":"https:\/\/radioacuariofm.com.ar\/index.php?rest_route=\/wp\/v2\/posts\/229264\/revisions"}],"predecessor-version":[{"id":229266,"href":"https:\/\/radioacuariofm.com.ar\/index.php?rest_route=\/wp\/v2\/posts\/229264\/revisions\/229266"}],"wp:featuredmedia":[{"embeddable":true,"href":"https:\/\/radioacuariofm.com.ar\/index.php?rest_route=\/wp\/v2\/media\/229265"}],"wp:attachment":[{"href":"https:\/\/radioacuariofm.com.ar\/index.php?rest_route=%2Fwp%2Fv2%2Fmedia&parent=229264"}],"wp:term":[{"taxonomy":"category","embeddable":true,"href":"https:\/\/radioacuariofm.com.ar\/index.php?rest_route=%2Fwp%2Fv2%2Fcategories&post=229264"},{"taxonomy":"post_tag","embeddable":true,"href":"https:\/\/radioacuariofm.com.ar\/index.php?rest_route=%2Fwp%2Fv2%2Ftags&post=229264"}],"curies":[{"name":"wp","href":"https:\/\/api.w.org\/{rel}","templated":true}]}}