{"id":229255,"date":"2026-03-15T16:51:53","date_gmt":"2026-03-15T19:51:53","guid":{"rendered":"https:\/\/radioacuariofm.com.ar\/?p=229255"},"modified":"2026-03-15T16:51:54","modified_gmt":"2026-03-15T19:51:54","slug":"un-informe-de-inteligencia-de-ee-uu-afirma-que-ali-khamenei-no-queria-que-su-hijo-mojtaba-liderara-iran","status":"publish","type":"post","link":"https:\/\/radioacuariofm.com.ar\/?p=229255","title":{"rendered":"Un informe de inteligencia de EE.UU. afirma que Ali Khamenei no quer\u00eda que su hijo Mojtaba liderara Ir\u00e1n"},"content":{"rendered":"<p> <br \/>\n<\/p>\n<div>\n<p class=\"com-paragraph  --capital --s\">WASHINGTON.\u2013 La <strong>sucesi\u00f3n en la <\/strong><a href=\"https:\/\/www.lanacion.com.ar\/estados-unidos\/la-inteligencia-de-eeuu-dice-que-el-gobierno-de-iran-no-corre-riesgo-de-colapso-segun-fuentes-nid12032026\/\" target=\"_self\" title=\"https:\/\/www.lanacion.com.ar\/estados-unidos\/la-inteligencia-de-eeuu-dice-que-el-gobierno-de-iran-no-corre-riesgo-de-colapso-segun-fuentes-nid12032026\/\" class=\"com-link break-word\" data-mrf-recirculation=\"n_link_parrafo\"><strong>c\u00fapula del poder iran\u00ed<\/strong> <\/a>qued\u00f3 envuelta en nuevas dudas despu\u00e9s de que informes de inteligencia de Estados Unidos se\u00f1alaran que el ayatollah <strong>Ali Khamenei<\/strong> no estaba convencido de que su hijo<a href=\"https:\/\/www.lanacion.com.ar\/el-mundo\/eeuu-asegura-que-el-nuevo-lider-supremo-de-iran-esta-herido-y-probablemente-desfigurado-nid13032026\/\" target=\"_self\" title=\"https:\/\/www.lanacion.com.ar\/el-mundo\/eeuu-asegura-que-el-nuevo-lider-supremo-de-iran-esta-herido-y-probablemente-desfigurado-nid13032026\/\" class=\"com-link break-word\" data-mrf-recirculation=\"n_link_parrafo\"> <strong>Mojtaba Khamenei<\/strong> <\/a>fuera apto para reemplazarlo como l\u00edder supremo.<\/p>\n<p class=\"com-paragraph   --s\">Seg\u00fan informaci\u00f3n citada por <strong>CBS News<\/strong> y basada en fuentes familiarizadas con el tema, los servicios de inteligencia estadounidenses concluyeron que el hist\u00f3rico dirigente iran\u00ed ten\u00eda <strong>serias reservas<\/strong> sobre la capacidad de su hijo para dirigir la rep\u00fablica isl\u00e1mica. La evaluaci\u00f3n se comparti\u00f3 con el presidente <strong>Donald Trump<\/strong>, el vicepresidente <strong>J. D. Vance<\/strong> y un reducido grupo de altos funcionarios de Washington.<\/p>\n<div class=\"content-media\">\n<section role=\"button\" class=\"mod-media   \">\n<figure role=\"button\" tabindex=\"0\" class=\"mod-figure \"><figcaption class=\"mod-figcaption\"><span class=\"com-text --caption --twoxs\">Una mujer sostiene un retrato de Mojtaba Khamenei durante una manifestaci\u00f3n en Teher\u00e1n. Informes de inteligencia estadounidense sostienen que su padre, el ayatol\u00e1 Ali Khamenei, ten\u00eda serias dudas sobre su capacidad para liderar Ir\u00e1n<\/span><span class=\"com-text --credit --twoxs\">Vahid Salemi  &#8211; AP <\/span><\/figcaption><\/figure>\n<\/section>\n<\/div>\n<p class=\"com-paragraph   --s\">De acuerdo con esas fuentes, el l\u00edder iran\u00ed consideraba que Mojtaba <strong>no ten\u00eda las cualidades necesarias para el liderazgo<\/strong> y albergaba dudas sobre su <strong>capacidad intelectual y sus credenciales<\/strong> para ejercer el cargo m\u00e1s poderoso del sistema pol\u00edtico iran\u00ed. <\/p>\n<p class=\"com-paragraph   --s\">Los informes tambi\u00e9n mencionan que el ayatollah conoc\u00eda <strong>problemas en la vida personal<\/strong> de su hijo.<\/p>\n<p class=\"com-paragraph   --s\">Las revelaciones surgieron despu\u00e9s de un hecho que sacudi\u00f3 al r\u00e9gimen: <strong>la muerte de Ali Khamenei<\/strong> en un ataque con misiles de Israel durante la fase inicial de la guerra entre <strong>Estados Unidos, Israel e Ir\u00e1n<\/strong>, que comenz\u00f3 el <strong>28 de febrero<\/strong>.<\/p>\n<p class=\"com-paragraph   --s\">Tras ese golpe, el <strong>Consejo de cl\u00e9rigos de Ir\u00e1n<\/strong> eligi\u00f3 a <strong>Mojtaba Khamenei, de 56 a\u00f1os<\/strong>, como nuevo l\u00edder supremo. El religioso hab\u00eda trabajado durante a\u00f1os como <strong>estrecho asistente de su padre<\/strong> dentro del aparato pol\u00edtico y religioso del pa\u00eds.<\/p>\n<div class=\"content-media\">\n<section role=\"button\" class=\"mod-media   \">\n<figure role=\"button\" tabindex=\"0\" class=\"mod-figure \"><figcaption class=\"mod-figcaption\"><span class=\"com-text --caption --twoxs\">Un cartel en Teher\u00e1n muestra a Mojtaba Khamenei liderando a la guardia revolucionaria<\/span><span class=\"com-text --credit --twoxs\">&#8211;  &#8211; AFP <\/span><\/figcaption><\/figure>\n<\/section>\n<\/div>\n<p class=\"com-paragraph   --s\">Sin embargo, su llegada al cargo qued\u00f3 rodeada de interrogantes.<\/p>\n<p class=\"com-paragraph   --s\">Seg\u00fan funcionarios estadounidenses, Mojtaba <strong>podr\u00eda haber resultado herido en el mismo ataque<\/strong> que mat\u00f3 a su padre. <\/p>\n<p class=\"com-paragraph   --s\">Desde entonces <strong>no apareci\u00f3 en p\u00fablico<\/strong>, lo que aliment\u00f3 especulaciones sobre su estado de salud y sobre la estabilidad del liderazgo iran\u00ed.<\/p>\n<p class=\"com-paragraph   --s\">El nuevo l\u00edder solo emiti\u00f3 <strong>un mensaje escrito<\/strong>, difundido por medios oficiales, en el que elogi\u00f3 a las <strong>fuerzas armadas iran\u00edes<\/strong> y prometi\u00f3 continuar la resistencia frente a <strong>Estados Unidos e Israel<\/strong>. Su rostro no apareci\u00f3 en pantalla y su voz tampoco se escuch\u00f3.<\/p>\n<p class=\"com-paragraph   --s\">La ausencia de apariciones p\u00fablicas abri\u00f3 preguntas dentro y fuera de Ir\u00e1n acerca de <strong>qui\u00e9n toma las decisiones estrat\u00e9gicas<\/strong> en medio de la guerra.<\/p>\n<div class=\"content-media\">\n<section role=\"button\" class=\"mod-media   \">\n<figure role=\"button\" tabindex=\"0\" class=\"mod-figure \"><figcaption class=\"mod-figcaption\"><span class=\"com-text --caption --twoxs\">Retratos del nuevo l\u00edder supremo iran\u00ed aparecen en actos de apoyo al r\u00e9gimen mientras Washington sostiene que Mojtaba Khamenei result\u00f3 herido en el ataque que mat\u00f3 a su padre y a\u00fan no se mostr\u00f3 p\u00fablicamente<\/span><span class=\"com-text --credit --twoxs\">Hadi Mizban &#8211; AP<\/span><\/figcaption><\/figure>\n<\/section>\n<\/div>\n<p class=\"com-paragraph   --s\">Funcionarios en Washington se\u00f1alaron que la <strong>Guardia Revolucionaria Isl\u00e1mica (IRGC)<\/strong> podr\u00eda ejercer ahora el papel dominante en la conducci\u00f3n del pa\u00eds. Ese escenario implicar\u00eda un posible <strong>desplazamiento del poder clerical tradicional<\/strong> que caracteriz\u00f3 al sistema pol\u00edtico iran\u00ed desde la <strong>Revoluci\u00f3n Isl\u00e1mica de 1979<\/strong>.<\/p>\n<p class=\"com-paragraph   --s\">Las dudas sobre la autoridad del nuevo l\u00edder tambi\u00e9n se vinculan con su trayectoria. Mojtaba <strong>nunca ocup\u00f3 un cargo de gobierno<\/strong> y carece del rango religioso que hist\u00f3ricamente acompa\u00f1\u00f3 a quienes ocuparon la posici\u00f3n de l\u00edder supremo.<\/p>\n<p class=\"com-paragraph   --s\">El segundo hijo var\u00f3n de Ali Khamenei estudi\u00f3 <strong>teolog\u00eda isl\u00e1mica<\/strong> y continu\u00f3 su formaci\u00f3n religiosa en <strong>Qom<\/strong> a fines de la d\u00e9cada de 1990. Con el tiempo alcanz\u00f3 el rango de <strong>cl\u00e9rigo de nivel medio<\/strong>.<\/p>\n<p class=\"com-paragraph   --s\">A lo largo de los a\u00f1os, adem\u00e1s, cultiv\u00f3 <strong>v\u00ednculos estrechos con la Guardia Revolucionaria<\/strong>, que se remontan a la guerra entre <strong>Ir\u00e1n e Irak<\/strong>, cuando sirvi\u00f3 en el <strong>batall\u00f3n Habib<\/strong> junto a voluntarios ligados a las redes revolucionarias que emerg\u00edan en la Rep\u00fablica Isl\u00e1mica.<\/p>\n<div class=\"content-media\">\n<section role=\"button\" class=\"mod-media   \">\n<figure role=\"button\" tabindex=\"0\" class=\"mod-figure \"><figcaption class=\"mod-figcaption\"><span class=\"com-text --caption --twoxs\">Un hombre observa en televisi\u00f3n un mensaje del nuevo l\u00edder supremo iran\u00ed, Mojtaba Khamenei, difundido por la TV estatal<\/span><span class=\"com-text --credit --twoxs\">&#8211;  &#8211; AFP <\/span><\/figcaption><\/figure>\n<\/section>\n<\/div>\n<p class=\"com-paragraph   --s\">Desde Washington, Trump dej\u00f3 entrever las dudas sobre la continuidad del liderazgo iran\u00ed. En una entrevista con Fox News afirm\u00f3 que la estructura de poder del pa\u00eds atraviesa una profunda crisis.<\/p>\n<p class=\"com-paragraph   --s\">\u201c<strong>Su liderazgo desapareci\u00f3. Su segunda l\u00ednea tambi\u00e9n desapareci\u00f3. Y ahora su tercera l\u00ednea est\u00e1 en problemas<\/strong>\u201d, declar\u00f3 el presidente estadounidense, que adem\u00e1s describi\u00f3 a Mojtaba Khamenei como un dirigente d\u00e9bil.<\/p>\n<p class=\"com-paragraph   --s\">Mientras el nuevo l\u00edder permanece fuera de escena, la incertidumbre sobre su estado y sobre el verdadero centro de poder en Teher\u00e1n se mantiene como una de las grandes inc\u00f3gnitas en medio de la guerra que enfrenta a Ir\u00e1n con Estados Unidos e Israel.<\/p>\n<p class=\"com-paragraph   --s\"><strong>Agencias AP y Reuters<\/strong><\/p>\n<section class=\"container-center-100 mb-40 border border-bottom border-thin border-neutral-light-700\">\n<hr\/>\n<\/section>\n<\/div>\n\n","protected":false},"excerpt":{"rendered":"<p>WASHINGTON.\u2013 La sucesi\u00f3n en la c\u00fapula del poder iran\u00ed qued\u00f3 envuelta en nuevas dudas despu\u00e9s de que informes de inteligencia de Estados Unidos se\u00f1alaran que el ayatollah Ali Khamenei no estaba convencido de que su hijo Mojtaba Khamenei fuera apto para reemplazarlo como l\u00edder supremo. Seg\u00fan informaci\u00f3n citada por CBS News y basada en fuentes [&hellip;]<\/p>\n","protected":false},"author":2,"featured_media":229256,"comment_status":"closed","ping_status":"closed","sticky":false,"template":"","format":"standard","meta":{"footnotes":""},"categories":[1],"tags":[],"class_list":["post-229255","post","type-post","status-publish","format-standard","has-post-thumbnail","hentry","category-uncategorized"],"_links":{"self":[{"href":"https:\/\/radioacuariofm.com.ar\/index.php?rest_route=\/wp\/v2\/posts\/229255","targetHints":{"allow":["GET"]}}],"collection":[{"href":"https:\/\/radioacuariofm.com.ar\/index.php?rest_route=\/wp\/v2\/posts"}],"about":[{"href":"https:\/\/radioacuariofm.com.ar\/index.php?rest_route=\/wp\/v2\/types\/post"}],"author":[{"embeddable":true,"href":"https:\/\/radioacuariofm.com.ar\/index.php?rest_route=\/wp\/v2\/users\/2"}],"replies":[{"embeddable":true,"href":"https:\/\/radioacuariofm.com.ar\/index.php?rest_route=%2Fwp%2Fv2%2Fcomments&post=229255"}],"version-history":[{"count":1,"href":"https:\/\/radioacuariofm.com.ar\/index.php?rest_route=\/wp\/v2\/posts\/229255\/revisions"}],"predecessor-version":[{"id":229257,"href":"https:\/\/radioacuariofm.com.ar\/index.php?rest_route=\/wp\/v2\/posts\/229255\/revisions\/229257"}],"wp:featuredmedia":[{"embeddable":true,"href":"https:\/\/radioacuariofm.com.ar\/index.php?rest_route=\/wp\/v2\/media\/229256"}],"wp:attachment":[{"href":"https:\/\/radioacuariofm.com.ar\/index.php?rest_route=%2Fwp%2Fv2%2Fmedia&parent=229255"}],"wp:term":[{"taxonomy":"category","embeddable":true,"href":"https:\/\/radioacuariofm.com.ar\/index.php?rest_route=%2Fwp%2Fv2%2Fcategories&post=229255"},{"taxonomy":"post_tag","embeddable":true,"href":"https:\/\/radioacuariofm.com.ar\/index.php?rest_route=%2Fwp%2Fv2%2Ftags&post=229255"}],"curies":[{"name":"wp","href":"https:\/\/api.w.org\/{rel}","templated":true}]}}