{"id":229252,"date":"2026-03-15T15:50:54","date_gmt":"2026-03-15T18:50:54","guid":{"rendered":"https:\/\/radioacuariofm.com.ar\/?p=229252"},"modified":"2026-03-15T15:50:54","modified_gmt":"2026-03-15T18:50:54","slug":"la-casa-blanca-amenaza-con-revocar-las-licencias-de-las-emisoras-por-su-cobertura-de-la-guerra","status":"publish","type":"post","link":"https:\/\/radioacuariofm.com.ar\/?p=229252","title":{"rendered":"La Casa Blanca amenaza con revocar las licencias de las emisoras por su cobertura de la guerra"},"content":{"rendered":"<p> <br \/>\n<\/p>\n<div>\n<p class=\"com-paragraph  --capital --s\">NUEVA YORK.\u2013 Brendan Carr, presidente de la Comisi\u00f3n Federal de Comunicaciones (FCC, por sus siglas en ingl\u00e9s), amenaz\u00f3 el s\u00e1bado con<strong> revocar las licencias de las emisoras por su cobertura de la <\/strong><a href=\"https:\/\/www.lanacion.com.ar\/el-mundo\/la-guerra-empieza-a-acorralar-a-a-trump-y-amenaza-con-impactar-en-las-elecciones-de-mitad-de-mandato-nid15032026\/\" target=\"_self\" title=\"https:\/\/www.lanacion.com.ar\/el-mundo\/la-guerra-empieza-a-acorralar-a-a-trump-y-amenaza-con-impactar-en-las-elecciones-de-mitad-de-mandato-nid15032026\/\" class=\"com-link break-word\" data-mrf-recirculation=\"n_link_parrafo\"><strong>guerra con Ir\u00e1n, <\/strong><\/a>en su \u00faltima medida dentro de una campa\u00f1a para erradicar lo que \u00e9l considera un sesgo liberal en las transmisiones.<\/p>\n<div class=\"content-media\">\n<section role=\"button\" class=\"mod-media   \">\n<figure role=\"button\" tabindex=\"0\" class=\"mod-figure \"><figcaption class=\"mod-figcaption\"><span class=\"com-text --caption --twoxs\">El presidente de Estados Unidos, Donald Trump, saluda despu\u00e9s de hablar con los medios de comunicaci\u00f3n a su llegada a la Base Conjunta Andrews, Maryland, el domingo 9 de noviembre de 2025<\/span><span class=\"com-text --credit --twoxs\">Luis M. Alvarez &#8211; FR596 AP<\/span><\/figcaption><\/figure>\n<\/section>\n<\/div>\n<p class=\"com-paragraph   --s\">Al entrar la guerra en su tercera semana, Carr acus\u00f3 a las emisoras de \u201cdifundir mentiras y distorsionar las noticias\u201d en una publicaci\u00f3n en redes sociales y les advirti\u00f3 que <strong>\u201crectificaran el rumbo antes de que venciera el plazo de renovaci\u00f3n de sus licencias\u201d.<\/strong><\/p>\n<p class=\"com-paragraph   --s\">\u201cLas emisoras deben operar en beneficio del inter\u00e9s p\u00fablico; perder\u00e1n sus licencias si no lo hacen\u201d, afirm\u00f3.<\/p>\n<p class=\"com-paragraph   --s\">Carr comparti\u00f3 una publicaci\u00f3n de Truth Social del presidente <a href=\"https:\/\/www.lanacion.com.ar\/el-mundo\/guerra-en-medio-oriente-trump-asegura-haber-destruido-la-capacidad-militar-irani-y-lanza-un-pedido-nid14032026\/\" target=\"_self\" title=\"https:\/\/www.lanacion.com.ar\/el-mundo\/guerra-en-medio-oriente-trump-asegura-haber-destruido-la-capacidad-militar-irani-y-lanza-un-pedido-nid14032026\/\" class=\"com-link break-word\" data-mrf-recirculation=\"n_link_parrafo\">Donald Trump <\/a>que criticaba a los medios de comunicaci\u00f3n por su cobertura de la guerra con Ir\u00e1n. <\/p>\n<p class=\"com-paragraph   --s\">Trump se refiri\u00f3 a un art\u00edculo publicado por <em>The Wall Street Journal<\/em> que informaba que cinco aviones estadounidenses de reabastecimiento de combustible hab\u00edan sido alcanzados en<strong> Arabia Saudita,<\/strong> afirmando que su titular era \u201cintencionadamente enga\u00f1oso\u201d. <\/p>\n<div class=\"content-media\">\n<section role=\"button\" class=\"mod-media   \">\n<figure role=\"button\" tabindex=\"0\" class=\"mod-figure \"><figcaption class=\"mod-figcaption\"><span class=\"com-text --caption --twoxs\">El presidente de EEUU, Donald Trump, responde a preguntas de los medios de comunicaci\u00f3n durante una reuni\u00f3n con ejecutivos petroleros en la Casa Blanca<\/span><span class=\"com-text --credit --twoxs\">Alex Brandon &#8211; AP<\/span><\/figcaption><\/figure>\n<\/section>\n<\/div>\n<p class=\"com-paragraph   --s\">Acus\u00f3 a los medios de comunicaci\u00f3n de desear que Estados Unidos perdiera la guerra.<\/p>\n<p class=\"com-paragraph   --s\">Dow Jones &amp; Company, editora de The Wall Street Journal, no respondi\u00f3 de inmediato a la solicitud de comentarios.<\/p>\n<p class=\"com-paragraph   --s\">En la misma l\u00ednea, el secretario de Defensa, <strong>Pete Hegseth,<\/strong> expres\u00f3 una larga queja sobre la cobertura de CNN de la guerra en Medio Oriente durante una conferencia de prensa el viernes, diciendo que esperaba que la cadena de noticias fuera controlada por el multimillonario David Ellison.<\/p>\n<p class=\"com-paragraph   --s\">Ellison, quien mantiene una relaci\u00f3n cordial con Trump, es el propietario de Paramount Skydance, empresa que busca adquirir Warner Bros. Discovery por <strong>111.000 millones de d\u00f3lares.<\/strong><\/p>\n<p class=\"com-paragraph   --s\"> De concretarse, esta operaci\u00f3n pondr\u00eda a CNN bajo el control de Ellison, que es conocido en el mundo del periodismo por haber revolucionado la direcci\u00f3n de CBS News , donde ha incorporado a periodistas m\u00e1s conservadores.<\/p>\n<div class=\"content-media\">\n<section role=\"button\" class=\"mod-media   \">\n<figure role=\"button\" tabindex=\"0\" class=\"mod-figure \"><figcaption class=\"mod-figcaption\"><span class=\"com-text --caption --twoxs\">Protestas a favor de Jimmy Kimmel<\/span><span class=\"com-text --credit --twoxs\">FREDERIC J. BROWN &#8211; AFP<\/span><\/figcaption><\/figure>\n<\/section>\n<\/div>\n<p class=\"com-paragraph   --s\">Desde que asumi\u00f3 la presidencia de la FCC al comienzo del mandato Trump, Carr ha planteado con frecuencia la posibilidad de<strong> confiscar las licencias de las estaciones <\/strong>debido a diversas decisiones de programaci\u00f3n en las principales cadenas de televisi\u00f3n, cuyas estaciones, tanto propias como afiliadas, necesitan licencias de la FCC para poder operar.<\/p>\n<p class=\"com-paragraph   --s\">Sin embargo, expertos con amplia experiencia en la regulaci\u00f3n de los medios de comunicaci\u00f3n han se\u00f1alado que el proceso para revocar las licencias de las emisoras es complejo y, por dise\u00f1o, extremadamente oneroso. La ley nacional de comunicaciones, de gran relevancia, proh\u00edbe al gobierno <strong>utilizar la regulaci\u00f3n para censurar.<\/strong><\/p>\n<p class=\"com-paragraph   --s\">Los legisladores dem\u00f3cratas y los defensores de la libertad de expresi\u00f3n condenaron r\u00e1pidamente la amenaza de Carr como una violaci\u00f3n de la<strong> primera enmienda.<\/strong> <\/p>\n<div class=\"content-media\">\n<section role=\"button\" class=\"mod-media   \">\n<figure role=\"button\" tabindex=\"0\" class=\"mod-figure \"><figcaption class=\"mod-figcaption\"><span class=\"com-text --caption --twoxs\">Barcos de transporte son cargados con toneladas de containers<\/span><span class=\"com-text --credit --twoxs\">BEN STANSALL &#8211; AFP<\/span><\/figcaption><\/figure>\n<\/section>\n<\/div>\n<p class=\"com-paragraph   --s\">En las redes sociales, la senadora Elizabeth Warren la calific\u00f3 de <strong>\u201cpropia de un manual autoritario\u201d, <\/strong>mientras que el senador Mark Kelly afirm\u00f3 que \u201ccuando nuestra naci\u00f3n est\u00e1 en guerra, es fundamental que la prensa tenga libertad para informar sin interferencia del gobierno\u201d.<\/p>\n<p class=\"com-paragraph   --s\">La <strong>Fundaci\u00f3n para los Derechos Individuales y la Expresi\u00f3n<\/strong>, que defiende la libertad de expresi\u00f3n, declar\u00f3 que la gesti\u00f3n de Carr como presidente de la FCC \u201cse ha caracterizado por su descarada disposici\u00f3n a intimidar y amenazar a nuestra prensa libre\u201d. Calific\u00f3 su \u00faltima publicaci\u00f3n de<strong> \u201cimpactante y peligrosa\u201d.<\/strong><\/p>\n<p class=\"com-paragraph   --s\">Las declaraciones de Carr del s\u00e1bado siguen un patr\u00f3n que \u00e9l mismo ha trazado, lo cual, seg\u00fan los cr\u00edticos, es peligroso y lo posiciona como un censor nacional.<\/p>\n<p class=\"com-paragraph   --s\">El programa <strong>\u201cJimmy Kimmel Live!\u201d <\/strong>fue retirado temporalmente del aire despu\u00e9s de que Carr expresara su desacuerdo con algunos comentarios del presentador de ABC. <\/p>\n<p class=\"com-paragraph   --s\">Carr sugiri\u00f3 que la FCC deber\u00eda investigar el programa de entrevistas diurno de la cadena, \u201cThe View\u201d, por su contenido pol\u00edtico. <\/p>\n<div class=\"content-media\">\n<section role=\"button\" class=\"mod-media   \">\n<figure role=\"button\" tabindex=\"0\" class=\"mod-figure \"><figcaption class=\"mod-figcaption\"><span class=\"com-text --caption --twoxs\">El secretario de Estado de los Estados Unidos Marco Rubio<\/span><span class=\"com-text --credit --twoxs\">Rebecca Blackwell &#8211; AP<\/span><\/figcaption><\/figure>\n<\/section>\n<\/div>\n<p class=\"com-paragraph   --s\">En febrero, Stephen Colbert critic\u00f3 duramente a Carr y afirm\u00f3 que su cadena, CBS, <strong>le hab\u00eda prohibido transmitir una entrevista <\/strong>con un candidato dem\u00f3crata a las elecciones al Senado de los Estados Unidos debido a las nuevas directrices de la FCC sobre la igualdad de tiempo en antena para los candidatos pol\u00edticos.<\/p>\n<p class=\"com-paragraph   --s\">El mensaje de la administraci\u00f3n Trump contra los medios de comunicaci\u00f3n se produce en un momento en que las encuestas muestran que se enfrenta a un<strong> bajo apoyo p\u00fablico a la guerra<\/strong> y trata de frustrar los esfuerzos de Ir\u00e1n por bloquear una ruta petrolera vital en medio del vertiginoso aumento de los precios mundiales del petr\u00f3leo.<\/p>\n<section class=\"container-center-100 mb-40 border border-bottom border-thin border-neutral-light-700\">\n<hr\/>\n<\/section>\n<\/div>\n\n","protected":false},"excerpt":{"rendered":"<p>NUEVA YORK.\u2013 Brendan Carr, presidente de la Comisi\u00f3n Federal de Comunicaciones (FCC, por sus siglas en ingl\u00e9s), amenaz\u00f3 el s\u00e1bado con revocar las licencias de las emisoras por su cobertura de la guerra con Ir\u00e1n, en su \u00faltima medida dentro de una campa\u00f1a para erradicar lo que \u00e9l considera un sesgo liberal en las transmisiones. [&hellip;]<\/p>\n","protected":false},"author":2,"featured_media":229253,"comment_status":"closed","ping_status":"closed","sticky":false,"template":"","format":"standard","meta":{"footnotes":""},"categories":[1],"tags":[],"class_list":["post-229252","post","type-post","status-publish","format-standard","has-post-thumbnail","hentry","category-uncategorized"],"_links":{"self":[{"href":"https:\/\/radioacuariofm.com.ar\/index.php?rest_route=\/wp\/v2\/posts\/229252","targetHints":{"allow":["GET"]}}],"collection":[{"href":"https:\/\/radioacuariofm.com.ar\/index.php?rest_route=\/wp\/v2\/posts"}],"about":[{"href":"https:\/\/radioacuariofm.com.ar\/index.php?rest_route=\/wp\/v2\/types\/post"}],"author":[{"embeddable":true,"href":"https:\/\/radioacuariofm.com.ar\/index.php?rest_route=\/wp\/v2\/users\/2"}],"replies":[{"embeddable":true,"href":"https:\/\/radioacuariofm.com.ar\/index.php?rest_route=%2Fwp%2Fv2%2Fcomments&post=229252"}],"version-history":[{"count":1,"href":"https:\/\/radioacuariofm.com.ar\/index.php?rest_route=\/wp\/v2\/posts\/229252\/revisions"}],"predecessor-version":[{"id":229254,"href":"https:\/\/radioacuariofm.com.ar\/index.php?rest_route=\/wp\/v2\/posts\/229252\/revisions\/229254"}],"wp:featuredmedia":[{"embeddable":true,"href":"https:\/\/radioacuariofm.com.ar\/index.php?rest_route=\/wp\/v2\/media\/229253"}],"wp:attachment":[{"href":"https:\/\/radioacuariofm.com.ar\/index.php?rest_route=%2Fwp%2Fv2%2Fmedia&parent=229252"}],"wp:term":[{"taxonomy":"category","embeddable":true,"href":"https:\/\/radioacuariofm.com.ar\/index.php?rest_route=%2Fwp%2Fv2%2Fcategories&post=229252"},{"taxonomy":"post_tag","embeddable":true,"href":"https:\/\/radioacuariofm.com.ar\/index.php?rest_route=%2Fwp%2Fv2%2Ftags&post=229252"}],"curies":[{"name":"wp","href":"https:\/\/api.w.org\/{rel}","templated":true}]}}