{"id":229249,"date":"2026-03-15T14:49:59","date_gmt":"2026-03-15T17:49:59","guid":{"rendered":"https:\/\/radioacuariofm.com.ar\/?p=229249"},"modified":"2026-03-15T14:50:00","modified_gmt":"2026-03-15T17:50:00","slug":"iran-e-israel-intensifican-los-ataques-mientras-trump-descarta-negociar-un-alto-el-fuego","status":"publish","type":"post","link":"https:\/\/radioacuariofm.com.ar\/?p=229249","title":{"rendered":"Ir\u00e1n e Israel intensifican los ataques mientras Trump descarta negociar un alto el fuego"},"content":{"rendered":"<p> <br \/>\n<\/p>\n<div>\n<p class=\"com-paragraph  --capital --s\">TEL AVIV.\u2013 La <a href=\"https:\/\/www.lanacion.com.ar\/el-mundo\/la-ofensiva-de-israel-exacerba-las-tensiones-internas-en-el-libano-y-sobrevuela-la-amenaza-de-otra-nid13032026\/\" target=\"_self\" title=\"https:\/\/www.lanacion.com.ar\/el-mundo\/la-ofensiva-de-israel-exacerba-las-tensiones-internas-en-el-libano-y-sobrevuela-la-amenaza-de-otra-nid13032026\/\" class=\"com-link break-word\" data-mrf-recirculation=\"n_link_parrafo\">guerra entre Ir\u00e1n e Israel<\/a> entr\u00f3 en su <a href=\"https:\/\/www.lanacion.com.ar\/el-mundo\/dia-16-de-la-guerra-entre-estados-unidos-israel-e-iran-todo-lo-que-hay-que-saber-nid15032026\/\" target=\"_self\" title=\"https:\/\/www.lanacion.com.ar\/el-mundo\/dia-16-de-la-guerra-entre-estados-unidos-israel-e-iran-todo-lo-que-hay-que-saber-nid15032026\/\" class=\"com-link break-word\" data-mrf-recirculation=\"n_link_parrafo\">decimosexto d\u00eda<\/a> con una <a href=\"https:\/\/www.lanacion.com.ar\/el-mundo\/guerra-entre-estados-unidos-israel-e-iran-en-vivo-tension-en-medio-oriente-hoy-domingo-15-de-marzo-nid15032026\/\" target=\"_self\" title=\"https:\/\/www.lanacion.com.ar\/el-mundo\/guerra-entre-estados-unidos-israel-e-iran-en-vivo-tension-en-medio-oriente-hoy-domingo-15-de-marzo-nid15032026\/\" class=\"com-link break-word\" data-mrf-recirculation=\"n_link_parrafo\"><strong>nueva escalada de ataques cruzados<\/strong><\/a>, <strong>amenazas directas<\/strong> entre l\u00edderes y una <strong>creciente presi\u00f3n internacional para alcanzar un alto el fuego<\/strong> que, por ahora, parece lejano. Mientras las ofensivas militares contin\u00faan en territorio israel\u00ed, iran\u00ed y liban\u00e9s, el presidente de Estados Unidos, <a href=\"https:\/\/www.lanacion.com.ar\/el-mundo\/donald-trump-aseguro-que-las-autoridades-de-iran-quieren-negociar-un-alto-el-fuego-pero-descarto-nid14032026\/\" target=\"_self\" title=\"https:\/\/www.lanacion.com.ar\/el-mundo\/donald-trump-aseguro-que-las-autoridades-de-iran-quieren-negociar-un-alto-el-fuego-pero-descarto-nid14032026\/\" class=\"com-link break-word\" data-mrf-recirculation=\"n_link_parrafo\"><strong>Donald Trump, descart\u00f3 que existan condiciones para abrir una negociaci\u00f3n<\/strong><\/a><strong> con Teher\u00e1n que ponga fin al conflicto.<\/strong><\/p>\n<p class=\"com-paragraph   --s\">En una entrevista con NBC News, el mandatario estadounidense asegur\u00f3 que <strong>Ir\u00e1n \u201cquiere sentarse a negociar\u201d<\/strong>, pero advirti\u00f3 que <strong>Washington no est\u00e1 dispuesto a aceptar un acuerdo <\/strong>en las actuales circunstancias. \u201cLas condiciones todav\u00eda no son suficientemente buenas\u201d, afirm\u00f3, sin ofrecer detalles sobre qu\u00e9 exigir\u00eda la Casa Blanca para iniciar un di\u00e1logo.<\/p>\n<p class=\"com-paragraph   --s\">Las declaraciones de Trump se producen en medio de una <strong>nueva oleada de ataques israel\u00edes contra la rep\u00fablica isl\u00e1mica <\/strong>y de <strong>bombardeos iran\u00edes sobre distintas ciudades de Israel<\/strong>, en un conflicto que comenz\u00f3 a extenderse tambi\u00e9n al L\u00edbano, donde el movimiento chiita <strong>Hezbollah<\/strong> participa activamente contra el Estado israel\u00ed.<\/p>\n<p class=\"com-paragraph   --s\">Israel traslad\u00f3 nuevas divisiones al sur del L\u00edbano y no descarta una operaci\u00f3n terrestre para alejar a las milicias de Hezbollah de su frontera.<\/p>\n<div class=\"content-media\">\n<section role=\"button\" class=\"mod-media   \">\n<figure role=\"button\" tabindex=\"0\" class=\"mod-figure \"><figcaption class=\"mod-figcaption\"><span class=\"com-text --caption --twoxs\">Se reportaron \u00abimpactos\u00bb en Tel Aviv<\/span><\/figcaption><\/figure>\n<\/section>\n<\/div>\n<p class=\"com-paragraph   --s\">En las \u00faltimas horas, <strong>Ir\u00e1n lanz\u00f3 una nueva serie de proyectiles contra el sur y el centro de Israel<\/strong>. Seg\u00fan el Ej\u00e9rcito israel\u00ed, los misiles tuvieron como objetivo principal la <strong>ciudad portuaria de Eilat<\/strong> y otras zonas estrat\u00e9gicas. Las autoridades confirmaron impactos y el derribo de un misil que conten\u00eda <strong>munici\u00f3n de racimo<\/strong>, aunque por el momento<strong> no se registraron v\u00edctimas.<\/strong><\/p>\n<p class=\"com-paragraph   --s\">Teher\u00e1n sostuvo que los ataques estaban dirigidos contra <strong>objetivos de seguridad israel\u00edes<\/strong>, entre ellos la unidad policial Lahav 433 \u2013una de las divisiones internas m\u00e1s importantes del pa\u00eds\u2013 y un centro de comunicaciones por sat\u00e9lite.<\/p>\n<p class=\"com-paragraph   --s\">Uno de los episodios m\u00e1s llamativos ocurri\u00f3 en <strong>Jerusal\u00e9n<\/strong>, donde <strong>fragmentos de un misil iran\u00ed interceptado <\/strong>por la defensa a\u00e9rea <strong>impactaron en un edificio residencial donde vive el c\u00f3nsul de Estados Unidos<\/strong>. El incidente, que ocurri\u00f3 el s\u00e1bado, no dej\u00f3 heridos.<\/p>\n<p class=\"com-paragraph   --s\">La respuesta israel\u00ed no tard\u00f3 en llegar. El Ej\u00e9rcito anunci\u00f3 <strong>nuevas operaciones a\u00e9reas contra objetivos militares en el oeste de Ir\u00e1n<\/strong>, mientras sus fuerzas contin\u00faan <strong>atacando posiciones vinculadas a Hezbollah<\/strong> en territorio liban\u00e9s.<\/p>\n<p class=\"com-paragraph   --s\">Mientras tanto, el conflicto tambi\u00e9n se profundiza en el L\u00edbano. Seg\u00fan el Ministerio de Salud liban\u00e9s, los <strong>bombardeos israel\u00edes causaron al menos 850 muertos<\/strong> desde el 2 de marzo, entre ellos <strong>107 ni\u00f1os<\/strong> y decenas de trabajadores sanitarios. <strong>M\u00e1s de 2100 personas resultaron heridas.<\/strong><\/p>\n<p class=\"com-paragraph   --s\"><strong>Hezbollah asegur\u00f3 haber lanzado un \u201cmisil sofisticado\u201d <\/strong>contra la base a\u00e9rea de Palmajim, ubicada al sur de Tel Aviv, y reivindic\u00f3 otras operaciones en el norte de Israel y contra tropas israel\u00edes desplegadas dentro del territorio liban\u00e9s.<\/p>\n<p class=\"com-paragraph   --s\">El l\u00edder del movimiento, <strong>Naim Qassem<\/strong>, afirm\u00f3 que el grupo est\u00e1 preparado para una confrontaci\u00f3n prolongada. <strong>\u201cNos hemos preparado para una larga guerra y los israel\u00edes ser\u00e1n tomados por sorpresa en el campo de batalla\u201d<\/strong>, dijo en un discurso televisado.<\/p>\n<p class=\"com-paragraph   --s\">Ante la posibilidad de que el conflicto se transforme en una guerra abierta entre Israel y Hezbollah, varios actores internacionales intentan mediar para evitar una escalada mayor. El presidente franc\u00e9s, <strong>Emmanuel Macron, inst\u00f3 a Israel a aceptar la disposici\u00f3n del gobierno liban\u00e9s a entablar conversaciones directas<\/strong> y ofreci\u00f3 Par\u00eds como sede para un eventual di\u00e1logo.<\/p>\n<p class=\"com-paragraph   --s\">En paralelo a las operaciones militares, la <strong>ret\u00f3rica entre los protagonistas<\/strong> del conflicto se volvi\u00f3 <strong>cada vez m\u00e1s agresiva<\/strong>. La <strong>Guardia Revolucionaria iran\u00ed prometi\u00f3 \u201cperseguir y matar\u201d al primer ministro israel\u00ed<\/strong>, Benjamin Netanyahu, una amenaza que refleja el grado de confrontaci\u00f3n alcanzado.<\/p>\n<p class=\"com-paragraph   --s\">El ministro de Relaciones Exteriores de Israel, <strong>Gideon Saar, afirm\u00f3 que el objetivo de su pa\u00eds es eliminar lo que considera \u201clas amenazas existenciales de Ir\u00e1n a largo plazo\u201d.<\/strong><\/p>\n<p class=\"com-paragraph   --s\"><strong>\u201cQueremos evitar entrar cada a\u00f1o en otra guerra\u201d<\/strong>, declar\u00f3 Saar durante una visita a una localidad beduina del norte de Israel cercana a una base a\u00e9rea que fue alcanzada por misiles iran\u00edes la semana pasada.<\/p>\n<p class=\"com-paragraph   --s\">El canciller israel\u00ed tambi\u00e9n neg\u00f3 dos informaciones que circularon durante el fin de semana: que Israel est\u00e9 por iniciar conversaciones directas con el L\u00edbano y que su sistema de defensa est\u00e9 qued\u00e1ndose sin interceptores para detener los misiles bal\u00edsticos iran\u00edes.<\/p>\n<p class=\"com-paragraph   --s\">Desde el lado iran\u00ed, el <strong>ministro de Relaciones Exteriores, Abbas Araghchi<\/strong>, <strong>rechaz\u00f3 las afirmaciones de Trump sobre un posible inter\u00e9s de Teher\u00e1n en negociar.<\/strong><\/p>\n<p class=\"com-paragraph   --s\">\u201cSomos lo suficientemente estables y fuertes. Solo estamos defendiendo a nuestro pueblo\u201d, declar\u00f3 en el programa \u201cFace the Nation\u201d de CBS.<\/p>\n<p class=\"com-paragraph   --s\">El canciller afirm\u00f3 que Ir\u00e1n no ve motivos para dialogar con Washington.<strong> \u201cNo hay ninguna experiencia positiva en las conversaciones con los estadounidenses\u201d<\/strong>, sostuvo, recordando que las hostilidades comenzaron mientras ambos pa\u00edses manten\u00edan contactos diplom\u00e1ticos.<\/p>\n<p class=\"com-paragraph   --s\">Araghchi tambi\u00e9n advirti\u00f3 a otros pa\u00edses que eviten acciones que puedan ampliar el conflicto, en referencia al pedido de Trump para que naciones como Francia, China, Jap\u00f3n y Gran Breta\u00f1a env\u00eden buques militares al estrat\u00e9gico estrecho de Ormuz para proteger el tr\u00e1fico mar\u00edtimo.<\/p>\n<p class=\"com-paragraph   --s\">En paralelo, se desarrollan contactos informales impulsados por aliados de Washington. El asesor estadounidense <strong>Jared Kushner encabeza un intento de mediaci\u00f3n<\/strong>, mientras que el ministro israel\u00ed Ron Dermer podr\u00eda representar a Israel en eventuales conversaciones.<\/p>\n<p class=\"com-paragraph   --s\"><strong>Agencias AFP, ANSA y Reuters y diario <\/strong><em><strong>El Pa\u00eds<\/strong><\/em><\/p>\n<section class=\"container-center-100 mb-40 border border-bottom border-thin border-neutral-light-700\">\n<hr\/>\n<\/section>\n<\/div>\n\n","protected":false},"excerpt":{"rendered":"<p>TEL AVIV.\u2013 La guerra entre Ir\u00e1n e Israel entr\u00f3 en su decimosexto d\u00eda con una nueva escalada de ataques cruzados, amenazas directas entre l\u00edderes y una creciente presi\u00f3n internacional para alcanzar un alto el fuego que, por ahora, parece lejano. Mientras las ofensivas militares contin\u00faan en territorio israel\u00ed, iran\u00ed y liban\u00e9s, el presidente de Estados [&hellip;]<\/p>\n","protected":false},"author":2,"featured_media":229250,"comment_status":"closed","ping_status":"closed","sticky":false,"template":"","format":"standard","meta":{"footnotes":""},"categories":[1],"tags":[],"class_list":["post-229249","post","type-post","status-publish","format-standard","has-post-thumbnail","hentry","category-uncategorized"],"_links":{"self":[{"href":"https:\/\/radioacuariofm.com.ar\/index.php?rest_route=\/wp\/v2\/posts\/229249","targetHints":{"allow":["GET"]}}],"collection":[{"href":"https:\/\/radioacuariofm.com.ar\/index.php?rest_route=\/wp\/v2\/posts"}],"about":[{"href":"https:\/\/radioacuariofm.com.ar\/index.php?rest_route=\/wp\/v2\/types\/post"}],"author":[{"embeddable":true,"href":"https:\/\/radioacuariofm.com.ar\/index.php?rest_route=\/wp\/v2\/users\/2"}],"replies":[{"embeddable":true,"href":"https:\/\/radioacuariofm.com.ar\/index.php?rest_route=%2Fwp%2Fv2%2Fcomments&post=229249"}],"version-history":[{"count":1,"href":"https:\/\/radioacuariofm.com.ar\/index.php?rest_route=\/wp\/v2\/posts\/229249\/revisions"}],"predecessor-version":[{"id":229251,"href":"https:\/\/radioacuariofm.com.ar\/index.php?rest_route=\/wp\/v2\/posts\/229249\/revisions\/229251"}],"wp:featuredmedia":[{"embeddable":true,"href":"https:\/\/radioacuariofm.com.ar\/index.php?rest_route=\/wp\/v2\/media\/229250"}],"wp:attachment":[{"href":"https:\/\/radioacuariofm.com.ar\/index.php?rest_route=%2Fwp%2Fv2%2Fmedia&parent=229249"}],"wp:term":[{"taxonomy":"category","embeddable":true,"href":"https:\/\/radioacuariofm.com.ar\/index.php?rest_route=%2Fwp%2Fv2%2Fcategories&post=229249"},{"taxonomy":"post_tag","embeddable":true,"href":"https:\/\/radioacuariofm.com.ar\/index.php?rest_route=%2Fwp%2Fv2%2Ftags&post=229249"}],"curies":[{"name":"wp","href":"https:\/\/api.w.org\/{rel}","templated":true}]}}