{"id":229246,"date":"2026-03-15T12:46:53","date_gmt":"2026-03-15T15:46:53","guid":{"rendered":"https:\/\/radioacuariofm.com.ar\/?p=229246"},"modified":"2026-03-15T12:46:54","modified_gmt":"2026-03-15T15:46:54","slug":"netanyahu-tuvo-que-publicar-un-video-en-redes-sociales-para-demostrar-que-esta-vivo","status":"publish","type":"post","link":"https:\/\/radioacuariofm.com.ar\/?p=229246","title":{"rendered":"Netanyahu tuvo que publicar un video en redes sociales para demostrar que est\u00e1 vivo"},"content":{"rendered":"<p> <br \/>\n<\/p>\n<div>\n<p class=\"com-paragraph  --capital --s\">TEHER\u00c1N (AFP).- El primer ministro israel\u00ed<strong> Benjamin Netanyahu<\/strong> public\u00f3 un video en sus redes sociales luego de <strong>rumores en redes sociales que especulaban sobre su posible fallecimiento<\/strong> en un <a href=\"https:\/\/www.lanacion.com.ar\/el-mundo\/iran-se-preparo-anos-para-esta-guerra-como-es-la-estrategia-que-esta-complicando-los-calculos-de-nid14032026\/\" target=\"_self\" title=\"https:\/\/www.lanacion.com.ar\/el-mundo\/iran-se-preparo-anos-para-esta-guerra-como-es-la-estrategia-que-esta-complicando-los-calculos-de-nid14032026\/\" class=\"com-link break-word\" data-mrf-recirculation=\"n_link_parrafo\">ataque iran\u00ed sobre Israel<\/a>. El funcionario se mostr\u00f3 sonriente y <strong>comprando un caf\u00e9<\/strong>, e incluso brome\u00f3 frente a la c\u00e1mara que lo filmaba: \u201c<strong>\u00bfDicen que estoy qu\u00e9?<\/strong>\u201c.<\/p>\n<p class=\"com-paragraph   --s\">Netanyahu tambi\u00e9n <strong>mostr\u00f3 los cinco dedos de ambas manos<\/strong>, en un gesto para demostrar que no hab\u00eda sufrido ninguna lesi\u00f3n en un bombardeo. \u201cSu apoyo es incre\u00edble; nos fortalece a m\u00ed, al gobierno y a las Fuerzas de Defensa de Israel. Estamos llevando a cabo operaciones que no puedo compartir ahora, pero tambi\u00e9n <strong>estamos realizando operaciones muy importantes en Ir\u00e1n y L\u00edbano<\/strong>\u201c, afirm\u00f3 en el video,<\/p>\n<p class=\"com-paragraph   --s\">La publicaci\u00f3n se dio luego de que <strong>los Guardianes de la Revoluci\u00f3n iran\u00edes calificaran al primer ministro de criminal <\/strong>y juraran <strong>perseguirlo y matarlo<\/strong>. Por su parte, el ej\u00e9rcito iran\u00ed asegur\u00f3 haber llevado a cabo ataques con drones contra una importante unidad policial y un centro de comunicaciones por sat\u00e9lite en Israel.<\/p>\n<p class=\"com-paragraph   --s\">La guerra empez\u00f3 el 28 de febrero, cuando los ataques de Estados Unidos e Israel acabaron con la vida del anterior l\u00edder supremo, Al\u00ed Khamenei, padre de Mojtaba. Por primera vez desde entonces, <strong>Teher\u00e1n vivi\u00f3 este domingo una jornada laboral relativamente normal<\/strong>, con tr\u00e1fico m\u00e1s intenso que la semana pasada y algunos caf\u00e9s y restaurantes abiertos.<\/p>\n<p class=\"com-paragraph   --s\">En el bazar de Tayrish, un popular centro comercial del norte de la capital, m\u00e1s de un tercio de los puestos <strong>reabrieron cinco d\u00edas antes del Nouruz<\/strong>, el A\u00f1o Nuevo persa.<\/p>\n<p class=\"com-paragraph   --s\">En tanto, Ir\u00e1n advirti\u00f3 este domingo a otros pa\u00edses que<strong> si intervienen habr\u00e1 \u201cuna escalada\u201d en la guerra en Medio Oriente<\/strong>, a la que el presidente estadounidense Donald Trump descart\u00f3 poner fin por el momento. <\/p>\n<p class=\"com-paragraph   --s\">En una entrevista con <em>NBC News<\/em>, el presidente estadounidense asegur\u00f3 que Teher\u00e1n quiere sentarse a negociar pero que <strong>Washington seguir\u00e1 adelante con su ofensiva<\/strong>. \u201cIr\u00e1n quiere llegar a un acuerdo y yo no quiero hacerlo porque las condiciones a\u00fan no son lo suficientemente buenas\u201d, dijo Trump a la cadena estadounidense.<\/p>\n<p class=\"com-paragraph   --s\">Tambi\u00e9n asegur\u00f3 que podr\u00eda bombardear de nuevo objetivos en el <strong>principal centro de exportaci\u00f3n de crudo de Ir\u00e1n<\/strong>, situado en la isla de Jark, \u201c<strong>solo por diversi\u00f3n<\/strong>\u201d.<\/p>\n<p class=\"com-paragraph   --s\">Ir\u00e1n, por su parte, asegur\u00f3 que la guerra<strong> no acabar\u00e1 hasta que tenga garant\u00edas de su fin definitivo<\/strong>. \u201cEsta guerra terminar\u00e1 cuando tengamos la certeza de que no se repetir\u00e1 y de que se pagar\u00e1n reparaciones\u201d, dijo el ministro de Relaciones Exteriores de Ir\u00e1n, <strong>Ab\u00e1s Araqchi <\/strong>al medio en lengua \u00e1rabe <em>Al-Araby Al-Jadeed<\/em>. <\/p>\n<div class=\"content-media\">\n<section role=\"button\" class=\"mod-media   \">\n<figure role=\"button\" tabindex=\"0\" class=\"mod-figure \"><figcaption class=\"mod-figcaption\"><span class=\"com-text --caption --twoxs\">El presidente Donald Trump.<\/span><span class=\"com-text --credit --twoxs\">Alex Brandon &#8211; AP<\/span><\/figcaption><\/figure>\n<\/section>\n<\/div>\n<p class=\"com-paragraph   --s\">\u201cYa vivimos esto el a\u00f1o pasado: Israel atac\u00f3, luego Estados Unidos se reagruparon y volvieron a atacarnos\u201d, a\u00f1adi\u00f3 en referencia a la breve guerra de junio de 2025 desatada por ataques de Israel y Estados Unidos.<\/p>\n<p class=\"com-paragraph   --s\">El ministro tambi\u00e9n llam\u00f3 a los dem\u00e1s pa\u00edses a \u201c<strong>abstenerse de cualquier acci\u00f3n que pueda llevar a una escalada<\/strong>\u201d y asegur\u00f3 que tiene \u201cmuchas pruebas\u201d de que las bases estadounidenses de Oriente Medio se utilizaron para atacar a su pa\u00eds, citando a Emiratos \u00c1rabes Unidos. <\/p>\n<p class=\"com-paragraph   --s\">Tras m\u00e1s de dos semanas de guerra, <strong>ninguna de las partes moder\u00f3 su ret\u00f3rica <\/strong>a pesar de las bajas, principalmente en Ir\u00e1n, y de las consecuencias econ\u00f3micas de la contienda b\u00e9lica. Trump tambi\u00e9n dijo que las fuerzas estadounidenses<strong> intensificar\u00e1n los ataques en la costa iran\u00ed<\/strong>, al norte del estrecho de Ormuz, para despejar el camino y permitir la reanudaci\u00f3n del transporte de petr\u00f3leo.<\/p>\n<section class=\"container-center-100 mb-40 border border-bottom border-thin border-neutral-light-700\">\n<hr\/>\n<\/section>\n<\/div>\n\n","protected":false},"excerpt":{"rendered":"<p>TEHER\u00c1N (AFP).- El primer ministro israel\u00ed Benjamin Netanyahu public\u00f3 un video en sus redes sociales luego de rumores en redes sociales que especulaban sobre su posible fallecimiento en un ataque iran\u00ed sobre Israel. El funcionario se mostr\u00f3 sonriente y comprando un caf\u00e9, e incluso brome\u00f3 frente a la c\u00e1mara que lo filmaba: \u201c\u00bfDicen que estoy [&hellip;]<\/p>\n","protected":false},"author":2,"featured_media":229247,"comment_status":"closed","ping_status":"closed","sticky":false,"template":"","format":"standard","meta":{"footnotes":""},"categories":[1],"tags":[],"class_list":["post-229246","post","type-post","status-publish","format-standard","has-post-thumbnail","hentry","category-uncategorized"],"_links":{"self":[{"href":"https:\/\/radioacuariofm.com.ar\/index.php?rest_route=\/wp\/v2\/posts\/229246","targetHints":{"allow":["GET"]}}],"collection":[{"href":"https:\/\/radioacuariofm.com.ar\/index.php?rest_route=\/wp\/v2\/posts"}],"about":[{"href":"https:\/\/radioacuariofm.com.ar\/index.php?rest_route=\/wp\/v2\/types\/post"}],"author":[{"embeddable":true,"href":"https:\/\/radioacuariofm.com.ar\/index.php?rest_route=\/wp\/v2\/users\/2"}],"replies":[{"embeddable":true,"href":"https:\/\/radioacuariofm.com.ar\/index.php?rest_route=%2Fwp%2Fv2%2Fcomments&post=229246"}],"version-history":[{"count":1,"href":"https:\/\/radioacuariofm.com.ar\/index.php?rest_route=\/wp\/v2\/posts\/229246\/revisions"}],"predecessor-version":[{"id":229248,"href":"https:\/\/radioacuariofm.com.ar\/index.php?rest_route=\/wp\/v2\/posts\/229246\/revisions\/229248"}],"wp:featuredmedia":[{"embeddable":true,"href":"https:\/\/radioacuariofm.com.ar\/index.php?rest_route=\/wp\/v2\/media\/229247"}],"wp:attachment":[{"href":"https:\/\/radioacuariofm.com.ar\/index.php?rest_route=%2Fwp%2Fv2%2Fmedia&parent=229246"}],"wp:term":[{"taxonomy":"category","embeddable":true,"href":"https:\/\/radioacuariofm.com.ar\/index.php?rest_route=%2Fwp%2Fv2%2Fcategories&post=229246"},{"taxonomy":"post_tag","embeddable":true,"href":"https:\/\/radioacuariofm.com.ar\/index.php?rest_route=%2Fwp%2Fv2%2Ftags&post=229246"}],"curies":[{"name":"wp","href":"https:\/\/api.w.org\/{rel}","templated":true}]}}