{"id":229237,"date":"2026-03-15T07:41:00","date_gmt":"2026-03-15T10:41:00","guid":{"rendered":"https:\/\/radioacuariofm.com.ar\/?p=229237"},"modified":"2026-03-15T07:41:02","modified_gmt":"2026-03-15T10:41:02","slug":"por-que-la-guerra-de-medio-oriente-se-asemeja-al-relato-biblico-de-david-y-goliat-y-que-rol-cumple-el-nuevo-lider-de-iran","status":"publish","type":"post","link":"https:\/\/radioacuariofm.com.ar\/?p=229237","title":{"rendered":"Por qu\u00e9 la guerra de Medio Oriente se asemeja al relato b\u00edblico de David y Goliat y qu\u00e9 rol cumple el nuevo l\u00edder de Ir\u00e1n"},"content":{"rendered":"<p> <br \/>\n<\/p>\n<div>\n<p class=\"com-paragraph  --capital --s\">Durante los \u00faltimos d\u00edas <strong>la guerra de Medio Oriente tuvo dos episodios de gran peso<\/strong>. Por un lado, <a href=\"https:\/\/www.lanacion.com.ar\/el-mundo\/ataque-de-eeuu-un-analista-internacional-sembro-dudas-sobre-el-poder-del-nuevo-lider-de-iran-y-las-nid13032026\/\" target=\"_self\" title=\"https:\/\/www.lanacion.com.ar\/el-mundo\/ataque-de-eeuu-un-analista-internacional-sembro-dudas-sobre-el-poder-del-nuevo-lider-de-iran-y-las-nid13032026\/\" class=\"com-link break-word\" data-mrf-recirculation=\"n_link_parrafo\">el primer mensaje de<\/a> <strong>Mojtaba Khamenei<\/strong> como nuevo l\u00edder iran\u00ed, donde manifest\u00f3 que <a href=\"https:\/\/www.lanacion.com.ar\/el-mundo\/por-que-medio-oriente-es-una-region-en-permanente-conflicto-y-cual-es-el-rol-de-cada-pais-nid09032026\/\" target=\"_self\" title=\"https:\/\/www.lanacion.com.ar\/el-mundo\/por-que-medio-oriente-es-una-region-en-permanente-conflicto-y-cual-es-el-rol-de-cada-pais-nid09032026\/\" class=\"com-link break-word\" data-mrf-recirculation=\"n_link_parrafo\">el cierre del estrecho de Ormuz debe continuar como herramienta para presionar al enemigo<\/a>. Y por el otro, el anuncio del secretario de Guerra de Estados Unidos, <strong>Pete Hegseth<\/strong>, quien afirm\u00f3 que el nuevo ayatollah est\u00e1 \u201c<a href=\"https:\/\/www.lanacion.com.ar\/el-mundo\/un-analista-internacional-hablo-de-la-guerra-asimetrica-en-medio-oriente-y-explico-por-que-es-clave-nid11032026\/\" target=\"_self\" title=\"https:\/\/www.lanacion.com.ar\/el-mundo\/un-analista-internacional-hablo-de-la-guerra-asimetrica-en-medio-oriente-y-explico-por-que-es-clave-nid11032026\/\" class=\"com-link break-word\" data-mrf-recirculation=\"n_link_parrafo\">herido y probablemente desfigurado<\/a>\u201d.<\/p>\n<p class=\"com-paragraph   --s\">En su visita a <em>LN+<\/em>, el analista internacional <strong>Alejandro Corbacho<\/strong> expuso las implicancias de ambos hechos en el desarrollo del conflicto b\u00e9lico y realiz\u00f3 una analog\u00eda b\u00edblica. <\/p>\n<div class=\"content-media cursor-pointer container-center-100\">\n<section class=\"media-container relative ratio-16-9 mod-media pb-32\">\n<figure class=\"mod-video\">\n<div class=\"video-player bg-black ratio-16-9\" data-has-jwplayer=\"true\" data-video-id-jw=\"jRX1YAKL\" data-config=\"{&quot;title&quot;:&quot;Alejandro Corbacho, analista internacional&quot;,&quot;mediaId&quot;:&quot;jRX1YAKL&quot;,&quot;playerId&quot;:&quot;ih0086X3&quot;,&quot;playlist&quot;:[{&quot;mediaid&quot;:&quot;jRX1YAKL&quot;,&quot;sources&quot;:[{&quot;file&quot;:&quot;https:\/\/cdn.jwplayer.com\/manifests\/jRX1YAKL.m3u8&quot;,&quot;type&quot;:&quot;application\/vnd.apple.mpegurl&quot;},{&quot;bitrate&quot;:333110,&quot;file&quot;:&quot;https:\/\/cdn.jwplayer.com\/videos\/jRX1YAKL-kTExGaWf.mp4&quot;,&quot;filesize&quot;:39432009,&quot;framerate&quot;:25,&quot;height&quot;:180,&quot;label&quot;:&quot;180p&quot;,&quot;type&quot;:&quot;video\/mp4&quot;,&quot;width&quot;:320},{&quot;bitrate&quot;:512840,&quot;file&quot;:&quot;https:\/\/cdn.jwplayer.com\/videos\/jRX1YAKL-K8B0kybS.mp4&quot;,&quot;filesize&quot;:60707477,&quot;framerate&quot;:25,&quot;height&quot;:270,&quot;label&quot;:&quot;270p&quot;,&quot;type&quot;:&quot;video\/mp4&quot;,&quot;width&quot;:480},{&quot;bitrate&quot;:1302867,&quot;file&quot;:&quot;https:\/\/cdn.jwplayer.com\/videos\/jRX1YAKL-46NIuRKO.mp4&quot;,&quot;filesize&quot;:154226977,&quot;framerate&quot;:25,&quot;height&quot;:720,&quot;label&quot;:&quot;720p&quot;,&quot;type&quot;:&quot;video\/mp4&quot;,&quot;width&quot;:1280},{&quot;bitrate&quot;:113448,&quot;file&quot;:&quot;https:\/\/cdn.jwplayer.com\/videos\/jRX1YAKL-hz5z2Tv4.m4a&quot;,&quot;filesize&quot;:13429465,&quot;label&quot;:&quot;AAC Audio&quot;,&quot;type&quot;:&quot;audio\/mp4&quot;},{&quot;bitrate&quot;:2561456,&quot;file&quot;:&quot;https:\/\/cdn.jwplayer.com\/videos\/jRX1YAKL-SomplJdm.mp4&quot;,&quot;filesize&quot;:303212393,&quot;framerate&quot;:25,&quot;height&quot;:1080,&quot;label&quot;:&quot;1080p&quot;,&quot;type&quot;:&quot;video\/mp4&quot;,&quot;width&quot;:1920},{&quot;bitrate&quot;:588869,&quot;file&quot;:&quot;https:\/\/cdn.jwplayer.com\/videos\/jRX1YAKL-FnZGUVnC.mp4&quot;,&quot;filesize&quot;:69707445,&quot;framerate&quot;:25,&quot;height&quot;:360,&quot;label&quot;:&quot;360p&quot;,&quot;type&quot;:&quot;video\/mp4&quot;,&quot;width&quot;:640},{&quot;bitrate&quot;:860291,&quot;file&quot;:&quot;https:\/\/cdn.jwplayer.com\/videos\/jRX1YAKL-0G6Pwvlw.mp4&quot;,&quot;filesize&quot;:101837035,&quot;framerate&quot;:25,&quot;height&quot;:540,&quot;label&quot;:&quot;540p&quot;,&quot;type&quot;:&quot;video\/mp4&quot;,&quot;width&quot;:960}]}],&quot;hasAutoplay&quot;:false,&quot;autostart&quot;:true,&quot;tagsUrl&quot;:&quot;https:\/\/pubads.g.doubleclick.net\/gampad\/ads?slotname=\/133919216\/la_nacion_video\/nota\/preroll&amp;sz=640x480|400x300&amp;ciu_szs=300x250&amp;unviewed_position_start=1&amp;output=vast&amp;impl=s&amp;env=vp&amp;gdfp_req=1&amp;ad_rule=0&amp;vad_type=linear&amp;vpos=preroll&amp;cust_params=tags_nuevos%3Dte_guerra_en_medio_oriente%2Cte_estados_unidos%2Cte_iran%2Cte_israel%2Cte_ln_%2Cte_audiencia%2Cca_el_mundo%2Cca_ln_%2C%2CDKZ6DF3PVNCBZLLUVHLULHC4ZQ&amp;pod=3&amp;ppos=1&amp;lip=true&amp;min_ad_duration=0&amp;max_ad_duration=30000&amp;vrid=6256&amp;url=https%3A%2F%2Fwww.lanacion.com.ar%2Fel-mundo%2Fpor-que-la-guerra-de-medio-oriente-se-asemeja-al-relato-biblico-de-david-y-goliat-y-que-rol-cumple-nid15032026%2F%3Fvariant%3DA&amp;description_url=https%3A%2F%2Fwww.lanacion.com.ar%2Fel-mundo%2Fpor-que-la-guerra-de-medio-oriente-se-asemeja-al-relato-biblico-de-david-y-goliat-y-que-rol-cumple-nid15032026%2F%3Fvariant%3DA&amp;video_doc_id=short_onecue&amp;cmsid=496&amp;kfa=0&amp;tfcd=0&amp;correlator=1773571181253&quot;,&quot;arcSite&quot;:&quot;la-nacion-ar&quot;}\">\n<div id=\"facade-jRX1YAKL\" class=\"content-facade-jw relative bg-black ratio-16-9\"><picture><source media=\"(max-width: 767px)\" srcset=\"https:\/\/resizer.glanacion.com\/resizer\/v2\/https%3A%2F%2Fcdn.jwplayer.com%2Fv2%2Fmedia%2FjRX1YAKL%2Fposter.jpg%3Fwidth%3D720?auth=905903763180b24e28f22561fc2abfee40c086ff25da962cc896296c7b92ca60&amp;width=480&amp;quality=70&amp;smart=false\"\/><\/picture><\/div>\n<\/div><figcaption class=\"border border-1 border-bottom border-light-300 relative px-16 py-8 min-h-36 w-100_md px-0_l mb-8 bg-white\"><span class=\"text ln-text text-16 block\">Alejandro Corbacho, analista internacional<\/span><\/figcaption><\/figure>\n<\/section>\n<\/div>\n<p class=\"com-paragraph   --s\">\u201cEn esta guerra nosotros vemos la foto de hoy, <strong>pero es una pel\u00edcula que se viene desarrollando desde hace a\u00f1os<\/strong>\u201d, plante\u00f3 Corbacho. <\/p>\n<p class=\"com-paragraph   --s\">\u201cLos sistemas de defensa e inteligencia probaron que en este tipo de conflictos se utilizan dos cosas\u201d, desliz\u00f3 el analista, y enumer\u00f3: \u201cPor un lado,<strong> las implicancias de la supremac\u00eda a\u00e9rea<\/strong>. Es decir, la destrucci\u00f3n o coerci\u00f3n: <strong>obligar al otro a rendirse por solo por el avance en esa v\u00eda<\/strong>\u201c. <\/p>\n<div class=\"content-media\">\n<section role=\"button\" class=\"mod-media   \">\n<figure role=\"button\" tabindex=\"0\" class=\"mod-figure \"><figcaption class=\"mod-figcaption\"><span class=\"com-text --caption --twoxs\">El especialista visit\u00f3 los estudios de LN+<\/span><\/figcaption><\/figure>\n<\/section>\n<\/div>\n<p class=\"com-paragraph   --s\">\u201cY por el otro que, un Goliat, osea, alguien muy grandote, ataca a uno m\u00e1s d\u00e9bil, es decir, a un David. <strong>En este caso Goliat ser\u00eda Estados Unidos, e Ir\u00e1n, David<\/strong>\u201d, teoriz\u00f3 Corbacho.<\/p>\n<p class=\"com-paragraph   --s\">La historia b\u00edblica de ambas figuras narra c\u00f3mo David, un joven pastor, derrota al gigante guerrero filisteo, Goliat, <strong>armado solo con una honda, cinco piedras y su fe en Dios<\/strong>. Ante el miedo del ej\u00e9rcito israelita, David asume el desaf\u00edo, demostrando que la valent\u00eda y la fe pueden vencer la fuerza f\u00edsica y el tama\u00f1o.<\/p>\n<p class=\"com-paragraph   --s\">\u201cY en esta cosmovisi\u00f3n hay supuestos para ganar y para perder. Donde, qued\u00f3 comprobado, en la mayor\u00eda de estos enfrentamientos, <strong>quienes pierden son siempre los m\u00e1s grandes<\/strong>\u201d, remat\u00f3 Corbacho.<\/p>\n<div class=\"content-media\">\n<section role=\"button\" class=\"mod-media   \">\n<figure role=\"button\" tabindex=\"0\" class=\"mod-figure \"><figcaption class=\"mod-figcaption\"><span class=\"com-text --caption --twoxs\">Quema de banderas con la figura de Donald Trump en las calles de Ir\u00e1n<\/span><span class=\"com-text --credit --twoxs\">Muhammad Sajjad  &#8211; AP <\/span><\/figcaption><\/figure>\n<\/section>\n<\/div>\n<p class=\"com-paragraph   --s\">Consultado sobre los movimientos del nuevo l\u00edder iran\u00ed, el analista expuso: \u00ab<strong>Mojtaba Khamenei <\/strong>no aparece porque un movimiento suyo podr\u00eda dejarlo en evidencia, se lo detectar\u00eda y sus chances de convertirse en una v\u00edctima, aumentar\u00edan. <strong>Que est\u00e9 escondido no sorprende<\/strong>\u201c.<\/p>\n<p class=\"com-paragraph   --s\">Por otro lado, Corbacho sostuvo que \u201cuno de los componentes m\u00e1s importantes en este tipo de guerras, <strong>es la guerra de la informaci\u00f3n<\/strong>\u201d. \u201cY ac\u00e1 las partes involucradas est\u00e1n avisando que tienen algo que puede generar mucho miedo, pero el objetivo no son los gobiernos, es la gente\u201d, subray\u00f3.<\/p>\n<p class=\"com-paragraph   --s\">\u201cCon esto, lo que quieren lograr es que nosotros tengamos miedo y digamos, <strong>\u2018\u00bfpor qu\u00e9 estos locos nos meten en esto?\u2019<\/strong>\u201c, remarc\u00f3. <\/p>\n<div class=\"content-media\">\n<section role=\"button\" class=\"mod-media   \">\n<figure role=\"button\" tabindex=\"0\" class=\"mod-figure \"><figcaption class=\"mod-figcaption\"><span class=\"com-text --caption --twoxs\">Una muestra de apoyo popular al nuevo l\u00edder iran\u00ed<\/span><span class=\"com-text --credit --twoxs\">Vahid Salemi  &#8211; AP <\/span><\/figcaption><\/figure>\n<\/section>\n<\/div>\n<p class=\"com-paragraph   --s\">Por \u00faltimo, el analista internacional hizo hincapi\u00e9 en la figura del presidente norteamericano.<\/p>\n<p class=\"com-paragraph   --s\">\u201c<strong>Trump se sobregir\u00f3 con su estrategia<\/strong>. En la foto del primer d\u00eda parec\u00eda que hab\u00eda un plan y la expectativa era mucha. Pero ahora, por ejemplo, si vos lees el The New York Times, parece que Estados Unidos est\u00e1 perdiendo la guerra:<strong> no hay nada favorable<\/strong>\u201c, cerr\u00f3 Corbacho.<\/p>\n<section class=\"container-center-100 mb-40 border border-bottom border-thin border-neutral-light-700\">\n<hr\/>\n<\/section>\n<\/div>\n\n","protected":false},"excerpt":{"rendered":"<p>Durante los \u00faltimos d\u00edas la guerra de Medio Oriente tuvo dos episodios de gran peso. Por un lado, el primer mensaje de Mojtaba Khamenei como nuevo l\u00edder iran\u00ed, donde manifest\u00f3 que el cierre del estrecho de Ormuz debe continuar como herramienta para presionar al enemigo. Y por el otro, el anuncio del secretario de Guerra [&hellip;]<\/p>\n","protected":false},"author":2,"featured_media":229238,"comment_status":"closed","ping_status":"closed","sticky":false,"template":"","format":"standard","meta":{"footnotes":""},"categories":[1],"tags":[],"class_list":["post-229237","post","type-post","status-publish","format-standard","has-post-thumbnail","hentry","category-uncategorized"],"_links":{"self":[{"href":"https:\/\/radioacuariofm.com.ar\/index.php?rest_route=\/wp\/v2\/posts\/229237","targetHints":{"allow":["GET"]}}],"collection":[{"href":"https:\/\/radioacuariofm.com.ar\/index.php?rest_route=\/wp\/v2\/posts"}],"about":[{"href":"https:\/\/radioacuariofm.com.ar\/index.php?rest_route=\/wp\/v2\/types\/post"}],"author":[{"embeddable":true,"href":"https:\/\/radioacuariofm.com.ar\/index.php?rest_route=\/wp\/v2\/users\/2"}],"replies":[{"embeddable":true,"href":"https:\/\/radioacuariofm.com.ar\/index.php?rest_route=%2Fwp%2Fv2%2Fcomments&post=229237"}],"version-history":[{"count":1,"href":"https:\/\/radioacuariofm.com.ar\/index.php?rest_route=\/wp\/v2\/posts\/229237\/revisions"}],"predecessor-version":[{"id":229239,"href":"https:\/\/radioacuariofm.com.ar\/index.php?rest_route=\/wp\/v2\/posts\/229237\/revisions\/229239"}],"wp:featuredmedia":[{"embeddable":true,"href":"https:\/\/radioacuariofm.com.ar\/index.php?rest_route=\/wp\/v2\/media\/229238"}],"wp:attachment":[{"href":"https:\/\/radioacuariofm.com.ar\/index.php?rest_route=%2Fwp%2Fv2%2Fmedia&parent=229237"}],"wp:term":[{"taxonomy":"category","embeddable":true,"href":"https:\/\/radioacuariofm.com.ar\/index.php?rest_route=%2Fwp%2Fv2%2Fcategories&post=229237"},{"taxonomy":"post_tag","embeddable":true,"href":"https:\/\/radioacuariofm.com.ar\/index.php?rest_route=%2Fwp%2Fv2%2Ftags&post=229237"}],"curies":[{"name":"wp","href":"https:\/\/api.w.org\/{rel}","templated":true}]}}