{"id":229234,"date":"2026-03-15T07:24:42","date_gmt":"2026-03-15T10:24:42","guid":{"rendered":"https:\/\/radioacuariofm.com.ar\/?p=229234"},"modified":"2026-03-15T07:24:45","modified_gmt":"2026-03-15T10:24:45","slug":"raices-y-alas-llega-al-centro-cultural-conte-grand-con-historias-reales-que-inspiran-y-conectan","status":"publish","type":"post","link":"https:\/\/radioacuariofm.com.ar\/?p=229234","title":{"rendered":"Ra\u00edces y Alas llega al Centro Cultural Conte Grand con historias reales que inspiran y conectan"},"content":{"rendered":"<p><\/p>\n<div>\n<p>El jueves 19 de marzo llega una nueva edici\u00f3n de \u201cRa\u00edces y Alas \u2013 Storytelling\u201d, un encuentro pensado para emocionarse, reflexionar y recordar que las buenas historias tambi\u00e9n pueden transformarnos. La cita ser\u00e1 en el Centro Cultural Conte Grand, con una propuesta que combina arte, relatos personales y experiencias sensoriales.<\/p>\n<p>En esta ocasi\u00f3n, seis oradores subir\u00e1n al escenario para compartir historias de vida de aproximadamente ocho minutos cada una. Aunque el evento mantiene el factor sorpresa respecto a los contenidos espec\u00edficos, se anticipa que los relatos abordar\u00e1n temas como resiliencia, superaci\u00f3n personal, crecimiento y experiencias que han marcado un antes y un despu\u00e9s en la vida de quienes las cuentan. El objetivo es que esas vivencias puedan inspirar y generar identificaci\u00f3n en quienes las escuchan.<\/p>\n<p>A diferencia de un micr\u00f3fono abierto, cada participante atraviesa previamente un taller de narraci\u00f3n donde trabaja su historia para comunicarla de manera clara y efectiva. De este modo, el evento busca cuidar tanto la calidad del relato como la experiencia del p\u00fablico.<\/p>\n<p>El espect\u00e1culo contar\u00e1 con la presentaci\u00f3n y direcci\u00f3n de Pablo Montemurro, quien estar\u00e1 a cargo de conducir la noche. En esta edici\u00f3n, los storytellers ser\u00e1n Gonzalo Guarnido, Lucas Malaisi, Eva Corchado, Paola Alan\u00eds, Guadalupe Calvo y Oscar Rodr\u00edguez.<\/p>\n<p>La experiencia est\u00e1 pensada como un espect\u00e1culo integral: comienza con una apertura art\u00edstica, contin\u00faa con el bloque principal de historias y, durante el intervalo, el p\u00fablico puede disfrutar de intervenciones culturales, muestras y degustaciones de productos regionales.<\/p>\n<p>\u201cRa\u00edces y Alas\u00bb naci\u00f3 en San Juan en 2018 con la intenci\u00f3n de crear \u00e1mbitos de conexi\u00f3n real entre las personas a trav\u00e9s de sus historias de vida. La iniciativa busca humanizar los espacios culturales y p\u00fablicos, promoviendo la empat\u00eda y el entendimiento mutuo.<\/p>\n<p>Las entradas para el encuentro pueden adquirirse a trav\u00e9s de<a href=\"https:\/\/avantti.io\/events\/raices-y-alas-storytelling\" target=\"_blank\" rel=\"noopener noreferrer\"> este link<\/a>.<\/p>\n<\/p><\/div>\n<p><script async defer crossorigin=\"anonymous\" src=\"https:\/\/connect.facebook.net\/es_ES\/sdk.js#xfbml=1&#038;version=v3.3\"><\/script><\/p>\n","protected":false},"excerpt":{"rendered":"<p>El jueves 19 de marzo llega una nueva edici\u00f3n de \u201cRa\u00edces y Alas \u2013 Storytelling\u201d, un encuentro pensado para emocionarse, reflexionar y recordar que las buenas historias tambi\u00e9n pueden transformarnos. La cita ser\u00e1 en el Centro Cultural Conte Grand, con una propuesta que combina arte, relatos personales y experiencias sensoriales. En esta ocasi\u00f3n, seis oradores [&hellip;]<\/p>\n","protected":false},"author":2,"featured_media":229235,"comment_status":"closed","ping_status":"closed","sticky":false,"template":"","format":"standard","meta":{"footnotes":""},"categories":[27],"tags":[],"class_list":["post-229234","post","type-post","status-publish","format-standard","has-post-thumbnail","hentry","category-san-juan"],"_links":{"self":[{"href":"https:\/\/radioacuariofm.com.ar\/index.php?rest_route=\/wp\/v2\/posts\/229234","targetHints":{"allow":["GET"]}}],"collection":[{"href":"https:\/\/radioacuariofm.com.ar\/index.php?rest_route=\/wp\/v2\/posts"}],"about":[{"href":"https:\/\/radioacuariofm.com.ar\/index.php?rest_route=\/wp\/v2\/types\/post"}],"author":[{"embeddable":true,"href":"https:\/\/radioacuariofm.com.ar\/index.php?rest_route=\/wp\/v2\/users\/2"}],"replies":[{"embeddable":true,"href":"https:\/\/radioacuariofm.com.ar\/index.php?rest_route=%2Fwp%2Fv2%2Fcomments&post=229234"}],"version-history":[{"count":1,"href":"https:\/\/radioacuariofm.com.ar\/index.php?rest_route=\/wp\/v2\/posts\/229234\/revisions"}],"predecessor-version":[{"id":229236,"href":"https:\/\/radioacuariofm.com.ar\/index.php?rest_route=\/wp\/v2\/posts\/229234\/revisions\/229236"}],"wp:featuredmedia":[{"embeddable":true,"href":"https:\/\/radioacuariofm.com.ar\/index.php?rest_route=\/wp\/v2\/media\/229235"}],"wp:attachment":[{"href":"https:\/\/radioacuariofm.com.ar\/index.php?rest_route=%2Fwp%2Fv2%2Fmedia&parent=229234"}],"wp:term":[{"taxonomy":"category","embeddable":true,"href":"https:\/\/radioacuariofm.com.ar\/index.php?rest_route=%2Fwp%2Fv2%2Fcategories&post=229234"},{"taxonomy":"post_tag","embeddable":true,"href":"https:\/\/radioacuariofm.com.ar\/index.php?rest_route=%2Fwp%2Fv2%2Ftags&post=229234"}],"curies":[{"name":"wp","href":"https:\/\/api.w.org\/{rel}","templated":true}]}}