{"id":229228,"date":"2026-03-15T01:20:56","date_gmt":"2026-03-15T04:20:56","guid":{"rendered":"https:\/\/radioacuariofm.com.ar\/?p=229228"},"modified":"2026-03-15T01:20:57","modified_gmt":"2026-03-15T04:20:57","slug":"la-argentina-va-por-el-buen-camino-y-el-mercado-quiere-que-le-vaya-bien","status":"publish","type":"post","link":"https:\/\/radioacuariofm.com.ar\/?p=229228","title":{"rendered":"\u201cLa Argentina va por el buen camino y el mercado quiere que le vaya bien\u201d"},"content":{"rendered":"<p><\/p>\n<div>\n<p class=\"com-paragraph  --capital --s\">NUEVA YORK.- La guerra con Ir\u00e1n domina la conversaci\u00f3n de Wall Street. Apenas horas antes de que comenzara el Argentina Week, el evento que reuni\u00f3 a casi 400 empresarios, figuras del Gobierno y 11 gobernadores, el barril de petr\u00f3leo roz\u00f3 los US$120. En este contexto, Julio Figueroa, CEO de Citi para toda Am\u00e9rica Latina, recibi\u00f3 a LA NACION en el piso 39 de la casa matriz del banco norteamericano, en pleno Downtown Manhattan. Entre el entusiasmo por el nuevo inter\u00e9s que suscita la Argentina de Milei y la cautela de Wall Street, el ejecutivo argentino de peso regional asever\u00f3 que, aunque ahora se vive un momento todav\u00eda \u201cd\u00edficil\u201d, el pa\u00eds \u201cva por buen camino\u201d. <\/p>\n<p class=\"com-paragraph   --s\"><strong>\u2014\u00bfC\u00f3mo ve el contexto internacional?<\/strong><\/p>\n<p class=\"com-paragraph   --s\">\u2014Hay varios aspectos para analizar. El principal es qu\u00e9 efecto va a tener la suba del precio del petr\u00f3leo en la inflaci\u00f3n en Estados Unidos y c\u00f3mo eso se va a trasladar a la tasa de inter\u00e9s, y eventualmente, a Latinoam\u00e9rica. El otro aspecto es el precio del petr\u00f3leo en s\u00ed. Muchos de los pa\u00edses grandes \u2014Brasil, Argentina, Colombia, M\u00e9xico\u2014 son productores y exportadores de petr\u00f3leo. Entonces, en ese sentido los ayuda, porque con precios mayores van a tener m\u00e1s exportaciones. O sea, tiene algunas cosas positivas y algunas negativas. Desde el lado geopol\u00edtico, Latinoam\u00e9rica es una regi\u00f3n bastante pac\u00edfica. Otra cuesti\u00f3n es cu\u00e1nto va a durar esto. Al principio se pens\u00f3 que iba a ser algo muy corto, pero a medida que pasan los d\u00edas empieza a pensarse que puede durar m\u00e1s. Todav\u00eda es muy incierto.<\/p>\n<p class=\"com-paragraph   --s\"><strong>\u2014\u00bfQu\u00e9 pasa con los flujos de capitales emergentes en este contexto?<\/strong><\/p>\n<p class=\"com-paragraph   --s\">\u2014En general, los flujos de capitales hacia emergentes sufren, porque la tendencia natural es ir a mercados m\u00e1s desarrollados y m\u00e1s estables.<\/p>\n<p class=\"com-paragraph   --s\"><strong>\u2014\u00bfHace cu\u00e1nto que el mundo no tiene tanta incertidumbre?<\/strong><\/p>\n<p class=\"com-paragraph   --s\">\u2014Es un momento geopol\u00edtico delicado. Las tarifas tambi\u00e9n son parte de esa incertidumbre. Dicho eso, tambi\u00e9n hay mucha liquidez buscando d\u00f3nde invertirse.<\/p>\n<p class=\"com-paragraph   --s\"><strong>\u2014\u00bfCu\u00e1l es su evaluaci\u00f3n de los aranceles de Trump? \u00bfFuncionaron?<\/strong><\/p>\n<p class=\"com-paragraph   --s\">\u2014Creo que Latinoam\u00e9rica, en t\u00e9rminos relativos, sali\u00f3 m\u00e1s beneficiada. Sudam\u00e9rica no ten\u00eda esos d\u00e9ficits de comercio exterior con Estados Unidos como los ten\u00edan otros pa\u00edses, por eso fue menos afectada. Pero con el tema de las tarifas todav\u00eda falta tiempo. Ahora hubo una resoluci\u00f3n de la Corte Suprema que las declar\u00f3 ilegales. Todav\u00eda falta ver los efectos. Obviamente fue algo muy disruptivo y gener\u00f3 mucho ruido al principio.<\/p>\n<p class=\"com-paragraph   --s\"><strong>\u2014\u00bfC\u00f3mo ve la regi\u00f3n en t\u00e9rminos de crecimiento?<\/strong><\/p>\n<p class=\"com-paragraph   --s\">\u2014El crecimiento de Latinoam\u00e9rica est\u00e1 entre 2% y 2,5%. No es de alto crecimiento, pero est\u00e1 bastante estable y geopol\u00edticamente no hay grandes conflictos. Si quer\u00e9s, Venezuela es el \u00fanico caso. Tenemos un a\u00f1o de elecciones en tres pa\u00edses, que pueden meter ruido: Brasil, Colombia y Per\u00fa. Pero la verdad es que estamos muy entusiasmados con Latinoam\u00e9rica. El comercio con Estados Unidos \u2014salvo M\u00e9xico\u2014 no es muy alto, con lo cual hay muchas posibilidades de crecimiento. Adem\u00e1s, Latinoam\u00e9rica se est\u00e1 alineando cada vez m\u00e1s con Estados Unidos, que por primera vez en muchos a\u00f1os volvi\u00f3 a poner a la regi\u00f3n como prioridad.<\/p>\n<p class=\"com-paragraph   --s\"><strong>\u2014\u00bfCiti podr\u00eda revisar alguna de sus estrategias en la regi\u00f3n a partir de esta nueva geopol\u00edtica? \u00bfPor ejemplo volver a Venezuela?<\/strong><\/p>\n<p class=\"com-paragraph   --s\">\u2014Estuvimos en Venezuela 100 a\u00f1os; era uno de los pa\u00edses m\u00e1s importantes que ten\u00edamos en Latinoam\u00e9rica y terminamos vendiendo la operaci\u00f3n en 2021. Me toc\u00f3 dirigir esa operaci\u00f3n, as\u00ed que la conozco bien. Ahora estamos analizando la situaci\u00f3n; veremos. Todav\u00eda no hay planes concretos de volver a establecernos, pero es algo que podr\u00edamos analizar en el futuro si Venezuela siguiera mejorando. Ojal\u00e1 se dieran las condiciones.<\/p>\n<p class=\"com-paragraph   --s\"><strong>\u2014Milei tiene una excelente imagen, pero la mayor\u00eda de las compa\u00f1\u00edas internacionales todav\u00eda est\u00e1n aprovechando para salir. \u00bfPor qu\u00e9?<\/strong><\/p>\n<p class=\"com-paragraph   --s\">\u2014Son decisiones particulares de cada empresa. No creo que haya un hilo conductor. El tiempo dir\u00e1 si fue una buena decisi\u00f3n o no salir en este momento. Pero tambi\u00e9n hay un tema m\u00e1s global: muchas multinacionales est\u00e1n en un proceso de simplificaci\u00f3n de portafolio. En alg\u00fan momento estaban en todos lados y en todos los negocios. Nos pas\u00f3 a nosotros tambi\u00e9n. Est\u00e1bamos en m\u00e1s pa\u00edses, con todos los negocios, incluso el minorista. Y as\u00ed como nosotros, muchas compa\u00f1\u00edas est\u00e1n en un proceso de simplificar y enfocarse m\u00e1s.<\/p>\n<p class=\"com-paragraph   --s\"><strong>\u2014Tambi\u00e9n la Argentina carga con a\u00f1os de mala reputaci\u00f3n, \u00bfle va a costar salir de eso?<\/strong><\/p>\n<p class=\"com-paragraph   --s\">\u2014Puede haber algo de eso, pero no creo que sea lo \u00fanico.<\/p>\n<p class=\"com-paragraph   --s\"><strong>\u2014\u00bfCu\u00e1nto le va a costar a la Argentina estar en igualdad de condiciones con Chile o Colombia?<\/strong><\/p>\n<p class=\"com-paragraph   --s\">\u2014Est\u00e1 en mucho mejores condiciones que hace algunos a\u00f1os. Est\u00e1 bastante cerca en t\u00e9rminos de condiciones. De hecho, la inversi\u00f3n de OpenAI se podr\u00eda haber anunciado en otro pa\u00eds y se anunci\u00f3 en Argentina.<\/p>\n<p class=\"com-paragraph   --s\"><strong>\u2014\u00bfHay inter\u00e9s de inversi\u00f3n en sectores que no sean miner\u00eda, energ\u00eda?<\/strong><\/p>\n<p class=\"com-paragraph   --s\">\u2014S\u00ed, pero va a estar muy concentrado en miner\u00eda y energ\u00eda. Y veremos todo lo que tiene que ver con inteligencia artificial y la industria del conocimiento, ahi tambi\u00e9n puede haber inter\u00e9s.<\/p>\n<p class=\"com-paragraph   --s\"><strong>\u2014\u00bfHabr\u00eda hoy plata para Argentina en el mercado de capitales? \u00bfEl Gobierno debi\u00f3 haber emitido bonos en enero, cuando el riesgo pa\u00eds estaba debajo de 500 puntos?<\/strong><\/p>\n<p class=\"com-paragraph   --s\">\u2014Es dif\u00edcil. Si la Argentina puede salir al mercado, la respuesta es que s\u00ed, hay plata. Si debiera o no haber emitido en ese momento, ya no lo s\u00e9.<\/p>\n<p class=\"com-paragraph   --s\"><strong>\u2014\u00bfQu\u00e9 cosas faltan o qu\u00e9 escucha de los inversores?<\/strong><\/p>\n<p class=\"com-paragraph   --s\">\u2014La Argentina est\u00e1 en un proceso de transformaci\u00f3n econ\u00f3mica muy profundo y ha avanzado much\u00edsimo. En todas las trayectorias siempre quedan cuestiones pendientes. El tema de la inflaci\u00f3n todav\u00eda hay que seguir trabaj\u00e1ndolo para bajarla. Y la Argentina tambi\u00e9n puede crecer m\u00e1s.<\/p>\n<p class=\"com-paragraph   --s\"><strong>\u2014En su informe m\u00e1s reciente, Citi dijo que Argentina deber\u00eda aprovechar para liberar los controles de cambio. \u00bfEs un cuello de botella?<\/strong><\/p>\n<p class=\"com-paragraph   --s\">\u2014Se viene de una situaci\u00f3n de much\u00edsimos controles cambiarios y se han eliminado casi todos. Quedan muy pocos y creo que se van a ir sacando. No creo que hoy sea un impedimento. No me preocupa tanto.<\/p>\n<p class=\"com-paragraph   --s\"><strong>\u2014Milei suscita gran atractivo en Wall Street. \u00bfQu\u00e9 es lo que atrae a los inversores?<\/strong><\/p>\n<p class=\"com-paragraph   --s\">\u2014Eso hay que verlo con un soci\u00f3logo \u2014sonr\u00ede\u2014. Pero cuando fue el evento de las Naciones Unidas, una comida con unas 500 personas, le dieron el Global Citizen Award al presidente de Francia, Emmanuel Macron; al presidente de la FIFA, Gianni Infantino; y a Milei. Estaban sentados en distintas mesas y la gente hac\u00eda cola para sacarse fotos con \u00e9l. Era un evento empresario, con gente muy importante. Me parece que al mercado le gustan las decisiones econ\u00f3micas que est\u00e1 tomando: liberar controles, reglas de juego claras. El mercado quiere que a la Argentina le vaya bien. Y Milei no solo est\u00e1 diciendo cosas que a los inversores les gustan escuchar: tambi\u00e9n las est\u00e1 haciendo.<\/p>\n<p class=\"com-paragraph   --s\"><strong>\u2014\u00bfLos argentinos que tienen su dinero en banca privada lo est\u00e1n trayendo de vuelta?<\/strong><\/p>\n<p class=\"com-paragraph   --s\">\u2014Si uno mira los dep\u00f3sitos en d\u00f3lares, hace dos a\u00f1os eran unos US$15.000 millones; hoy est\u00e1n cerca de US$40.000 millones. Me parece que s\u00ed. Es una se\u00f1al de confianza. El crecimiento de los dep\u00f3sitos en d\u00f3lares es un term\u00f3metro de qu\u00e9 tan tranquilo est\u00e1s. Tambi\u00e9n la posibilidad de crecimiento del cr\u00e9dito es enorme. Falta un poco m\u00e1s de perspectiva de largo plazo en Argentina, pero es todo potencial. Si sigue la estabilidad y baja la inflaci\u00f3n, eso va directo a la actividad econ\u00f3mica.<\/p>\n<p class=\"com-paragraph   --s\"><strong>\u2014Muchos inversores preguntan qui\u00e9n viene despu\u00e9s de Milei, si va a haber continuidad\u2026<\/strong><\/p>\n<p class=\"com-paragraph   --s\">\u2014No me voy a meter en pol\u00edtica, pero lo importante es la continuidad de las reglas de juego. Los proyectos de miner\u00eda son proyectos a cinco o diez a\u00f1os. Si se mantiene esa continuidad, las inversiones van a venir independientemente de qui\u00e9n gobierne. Lo que tenemos que evitar en Argentina es la ida y vuelta: ir tres pasos para adelante y tres para atr\u00e1s. Mir\u00e1 lo que pasa en Per\u00fa: cambia el presidente, pero la inversi\u00f3n, el tipo de cambio o el crecimiento no se mueven demasiado. Tenemos que separar la pol\u00edtica de la econom\u00eda. Puede haber distintas opiniones pol\u00edticas, pero no se puede cambiar todo cada vez que cambia un gobierno. Eso mata la inversi\u00f3n. Lo importante es blindar esas reglas para dar un marco estable en el que los proyectos se desarrollen.<\/p>\n<p class=\"com-paragraph   --s\"><strong>\u2014Da la sensaci\u00f3n de que, despu\u00e9s de estabilizar exitosamente, el Gobierno atraviesa un momento en el que los resultados no se sienten tanto: el empleo sigue ajust\u00e1ndose y la inflaci\u00f3n baja m\u00e1s lento. A juzgar por la experiencia internacional, \u00bfqu\u00e9 les dir\u00eda a los argentinos?<\/strong><\/p>\n<p class=\"com-paragraph   --s\">\u2014Vamos por buen camino. Estos procesos de transformaci\u00f3n tienen ajustes. Hay industrias a las que les va mejor y otras a las que les va peor. Pero todas estas inversiones que est\u00e1n llegando deber\u00edan ayudar a crear nuevos puestos de trabajo. S\u00e9 que es dif\u00edcil: las transiciones siempre lo son. Pero vamos en el buen camino.<\/p>\n<section class=\"container-center-100 mb-40 border border-bottom border-thin border-neutral-light-700\">\n<hr\/>\n<\/section>\n<\/div>\n","protected":false},"excerpt":{"rendered":"<p>NUEVA YORK.- La guerra con Ir\u00e1n domina la conversaci\u00f3n de Wall Street. Apenas horas antes de que comenzara el Argentina Week, el evento que reuni\u00f3 a casi 400 empresarios, figuras del Gobierno y 11 gobernadores, el barril de petr\u00f3leo roz\u00f3 los US$120. En este contexto, Julio Figueroa, CEO de Citi para toda Am\u00e9rica Latina, recibi\u00f3 [&hellip;]<\/p>\n","protected":false},"author":2,"featured_media":229229,"comment_status":"closed","ping_status":"closed","sticky":false,"template":"","format":"standard","meta":{"footnotes":""},"categories":[28],"tags":[],"class_list":["post-229228","post","type-post","status-publish","format-standard","has-post-thumbnail","hentry","category-economia"],"_links":{"self":[{"href":"https:\/\/radioacuariofm.com.ar\/index.php?rest_route=\/wp\/v2\/posts\/229228","targetHints":{"allow":["GET"]}}],"collection":[{"href":"https:\/\/radioacuariofm.com.ar\/index.php?rest_route=\/wp\/v2\/posts"}],"about":[{"href":"https:\/\/radioacuariofm.com.ar\/index.php?rest_route=\/wp\/v2\/types\/post"}],"author":[{"embeddable":true,"href":"https:\/\/radioacuariofm.com.ar\/index.php?rest_route=\/wp\/v2\/users\/2"}],"replies":[{"embeddable":true,"href":"https:\/\/radioacuariofm.com.ar\/index.php?rest_route=%2Fwp%2Fv2%2Fcomments&post=229228"}],"version-history":[{"count":1,"href":"https:\/\/radioacuariofm.com.ar\/index.php?rest_route=\/wp\/v2\/posts\/229228\/revisions"}],"predecessor-version":[{"id":229230,"href":"https:\/\/radioacuariofm.com.ar\/index.php?rest_route=\/wp\/v2\/posts\/229228\/revisions\/229230"}],"wp:featuredmedia":[{"embeddable":true,"href":"https:\/\/radioacuariofm.com.ar\/index.php?rest_route=\/wp\/v2\/media\/229229"}],"wp:attachment":[{"href":"https:\/\/radioacuariofm.com.ar\/index.php?rest_route=%2Fwp%2Fv2%2Fmedia&parent=229228"}],"wp:term":[{"taxonomy":"category","embeddable":true,"href":"https:\/\/radioacuariofm.com.ar\/index.php?rest_route=%2Fwp%2Fv2%2Fcategories&post=229228"},{"taxonomy":"post_tag","embeddable":true,"href":"https:\/\/radioacuariofm.com.ar\/index.php?rest_route=%2Fwp%2Fv2%2Ftags&post=229228"}],"curies":[{"name":"wp","href":"https:\/\/api.w.org\/{rel}","templated":true}]}}