{"id":229225,"date":"2026-03-15T00:34:03","date_gmt":"2026-03-15T03:34:03","guid":{"rendered":"https:\/\/radioacuariofm.com.ar\/?p=229225"},"modified":"2026-03-15T00:34:04","modified_gmt":"2026-03-15T03:34:04","slug":"trump-aseguro-que-las-autoridades-de-iran-quieren-negociar-un-alto-el-fuego-pero-descarto-acordar","status":"publish","type":"post","link":"https:\/\/radioacuariofm.com.ar\/?p=229225","title":{"rendered":"Trump asegur\u00f3 que las autoridades de Ir\u00e1n quieren negociar un alto el fuego, pero descart\u00f3 acordar"},"content":{"rendered":"<p> <br \/>\n<\/p>\n<div>\n<p class=\"com-paragraph   --s\"><strong>Donald Trump <\/strong>asegur\u00f3 que <strong>Ir\u00e1n est\u00e1 dispuesto a negociar un alto el fuego <\/strong>para el conflicto que lo tiene como actor central junto a Ir\u00e1n y Estados Unidos. Sin embargo, tambi\u00e9n indic\u00f3 que por el momento <strong>descarta avanzar hacia un acuerdo<\/strong> por considerar que <strong>las condiciones planteadas \u201cno son lo suficientemente buenas\u201d<\/strong>. El presidente estadounidense tambi\u00e9n <strong>puso en duda que el nuevo l\u00edder supremo iran\u00ed contin\u00fae con vida <\/strong>y adelant\u00f3 que trabaja con otros pa\u00edses en un <strong>plan para asegurar el estrecho de Ormuz<\/strong>.<\/p>\n<p class=\"com-paragraph   --s\"><strong>\u201cIr\u00e1n quiere llegar a un acuerdo<\/strong>, y <strong>yo no quiero hacerlo<\/strong> porque <strong>las condiciones a\u00fan no son lo suficientemente buenas\u201d<\/strong>, dijo el mandatario en el marco de una entrevista telef\u00f3nica brindada al medio <a href=\"https:\/\/www.nbcnews.com\/politics\/donald-trump\/iran-negotiate-ceasefire-deal-trump-kharg-hormuz-oil-rcna263474\" target=\"_blank\" title=\"https:\/\/www.nbcnews.com\/politics\/donald-trump\/iran-negotiate-ceasefire-deal-trump-kharg-hormuz-oil-rcna263474\" class=\"com-link break-word\" data-mrf-recirculation=\"n_link_parrafo\" rel=\"nofollow\">NBC<\/a>. Consultado por las <strong>condiciones <\/strong>que podr\u00eda incluir un eventual acuerdo para poner fin a la guerra, respondi\u00f3: <strong>\u201cNo quiero dec\u00edrselo\u201d<\/strong>. Sin embargo, asegur\u00f3 que uno de los elementos centrales ser\u00eda el <strong>abandono total <\/strong>por parte de Ir\u00e1n de cualquier <strong>ambici\u00f3n nuclear<\/strong>.<\/p>\n<div class=\"content-media\">\n<section role=\"button\" class=\"mod-media   \">\n<figure role=\"button\" tabindex=\"0\" class=\"mod-figure \"><figcaption class=\"mod-figcaption\"><span class=\"com-text --caption --twoxs\">El presidente Donald Trump habla con reporteros antes de abordar el helic\u00f3ptero presidencial desde la Casa Blanca, el mi\u00e9rcoles 11 de marzo de 2026, en Washington. (AP Foto\/Alex Brandon)<\/span><span class=\"com-text --credit --twoxs\">Alex Brandon &#8211; AP<\/span><\/figcaption><\/figure>\n<\/section>\n<\/div>\n<p class=\"com-paragraph   --s\">En la entrevista, Trump tambi\u00e9n plante\u00f3 dudas sobre la situaci\u00f3n del nuevo l\u00edder supremo iran\u00ed,<strong> <\/strong><a href=\"https:\/\/www.lanacion.com.ar\/el-mundo\/mojtaba-khamenei-pronuncia-su-primer-mensaje-desde-que-fue-elegido-lider-supremo-de-iran-nid12032026\/\" target=\"_self\" title=\"https:\/\/www.lanacion.com.ar\/el-mundo\/mojtaba-khamenei-pronuncia-su-primer-mensaje-desde-que-fue-elegido-lider-supremo-de-iran-nid12032026\/\" class=\"com-link break-word\" data-mrf-recirculation=\"n_link_parrafo\"><strong>Mojtaba Khamenei<\/strong><\/a>, quien asumi\u00f3 el cargo tras la muerte del ayatollah Ali Khamenei. <strong>\u201cNo s\u00e9 si siquiera est\u00e1 vivo. Hasta ahora, nadie ha podido demostrarlo\u201d<\/strong>, dijo el Presidente de Estados Unidos.<\/p>\n<p class=\"com-paragraph   --s\">El mandatario tambi\u00e9n se refiri\u00f3 a la situaci\u00f3n del <a href=\"https:\/\/www.lanacion.com.ar\/el-mundo\/guerra-en-medio-oriente-trump-asegura-haber-destruido-la-capacidad-militar-irani-y-lanza-un-pedido-nid14032026\/\" target=\"_self\" title=\"https:\/\/www.lanacion.com.ar\/el-mundo\/guerra-en-medio-oriente-trump-asegura-haber-destruido-la-capacidad-militar-irani-y-lanza-un-pedido-nid14032026\/\" class=\"com-link break-word\" data-mrf-recirculation=\"n_link_parrafo\"><strong>Estrecho de Ormuz<\/strong><\/a>, uno de los pasos mar\u00edtimos m\u00e1s importantes para el transporte global de <strong>petr\u00f3leo<\/strong>. Los l\u00edderes iran\u00edes prometieron mantenerlo cerrado, seg\u00fan inform\u00f3 NBC. En ese marco, Trump afirm\u00f3 que<strong> varios pa\u00edses se comprometieron para garantizar la seguridad en dicho paso mar\u00edtimo.<\/strong> \u201cNo solo se han comprometido, sino que adem\u00e1s creen que es una gran idea\u201d, sostuvo.<\/p>\n<div class=\"content-media\">\n<section role=\"button\" class=\"mod-media   \">\n<figure role=\"button\" tabindex=\"0\" class=\"mod-figure \"><figcaption class=\"mod-figcaption\"><span class=\"com-text --caption --twoxs\">Manifestantes portan carteles del l\u00edder supremo iran\u00ed, el ayatollah Mojtaba Khamenei, durante la marcha anual del D\u00eda de Quds, o D\u00eda de Jerusal\u00e9n, en apoyo a los palestinos en Teher\u00e1n, Ir\u00e1n, el viernes 13 de marzo de 2026.<\/span><span class=\"com-text --credit --twoxs\">Vahid Salemi  &#8211; AP <\/span><\/figcaption><\/figure>\n<\/section>\n<\/div>\n<p class=\"com-paragraph   --s\">Respecto de la posibilidad de que el ej\u00e9rcito estadounidense comience a<strong> escoltar barcos a trav\u00e9s de ese estrecho<\/strong>, Trump evit\u00f3 dar detalles operativos. <strong>\u201cNo quiero decirles nada al respecto\u201d<\/strong>, respondi\u00f3, aunque agreg\u00f3 que esa posibilidad <strong>\u201ces posible\u201d<\/strong>.<\/p>\n<p class=\"com-paragraph   --s\">Durante la entrevista, el mandatario tambi\u00e9n se refiri\u00f3 a los ataques realizados por fuerzas estadounidenses contra la isla iran\u00ed de <a href=\"https:\/\/www.lanacion.com.ar\/el-mundo\/que-es-la-isla-de-kharg-la-joya-de-la-corona-petrolera-de-iran-que-trump-prometio-atacar-nid13032026\/\" target=\"_self\" title=\"https:\/\/www.lanacion.com.ar\/el-mundo\/que-es-la-isla-de-kharg-la-joya-de-la-corona-petrolera-de-iran-que-trump-prometio-atacar-nid13032026\/\" class=\"com-link break-word\" data-mrf-recirculation=\"n_link_parrafo\"><strong>Kharg<\/strong><\/a>, un territorio en el que est\u00e1 instalada una terminal petrolera que es responsable de la mayor parte de las exportaciones de <strong>petr\u00f3leo <\/strong>del pa\u00eds persa. Los ataques estadounidenses a, seg\u00fan declar\u00f3 Trump, <strong>\u201cdestruyeron por completo\u201d <\/strong>la mayor parte de la isla. A la vez, sostuvo que quiz\u00e1s se lleven a cabo m\u00e1s ataques <strong>\u201csolo por diversi\u00f3n\u201d<\/strong>. <\/p>\n<div class=\"content-media\">\n<section role=\"button\" class=\"mod-media   \">\n<figure role=\"button\" tabindex=\"0\" class=\"mod-figure \"><figcaption class=\"mod-figcaption\"><span class=\"com-text --caption --twoxs\">Kharg<\/span><span class=\"com-text --credit --twoxs\">&#8211;  &#8211; EUROPEAN SPACE AGENCY <\/span><\/figcaption><\/figure>\n<\/section>\n<\/div>\n<p class=\"com-paragraph   --s\">Trump tambi\u00e9n <strong>describi\u00f3 el estado actual de las capacidades militares iran\u00edes <\/strong>tras las ofensivas de las \u00faltimas semanas. <strong>\u201cHemos destruido la mayor\u00eda de sus misiles.<\/strong> Hemos destruido la mayor\u00eda de sus drones. Hemos paralizado en gran medida su producci\u00f3n de misiles y drones\u201d, sostuvo este s\u00e1bado seg\u00fan consign\u00f3 NBC.<\/p>\n<p class=\"com-paragraph   --s\">En ese mismo sentido, indic\u00f3 que<strong> \u201cel \u00fanico poder que tienen, y que se puede neutralizar con relativa rapidez, es el de lanzar una mina o disparar un misil de corto alcance. <\/strong>Pero cuando terminemos con la protecci\u00f3n de la costa, tampoco tendr\u00e1n ese poder\u201d<\/p>\n<p class=\"com-paragraph   --s\">Las declaraciones se produjeron en medio de la escalada militar iniciada semanas atr\u00e1s con <strong>ataques coordinados entre Estados Unidos e Israel contra objetivos en territorio iran\u00ed<\/strong>, los cuales fueron<strong> respondidos por parte de Teher\u00e1n<\/strong>, con ofensivas contra Israel e instalaciones estadounidenses en pa\u00edses de la regi\u00f3n, lo que ampli\u00f3 el alcance del conflicto y elev\u00f3 la<strong> tensi\u00f3n en Medio Oriente<\/strong>.<\/p>\n<section class=\"container-center-100 mb-40 border border-bottom border-thin border-neutral-light-700\">\n<hr\/>\n<\/section>\n<\/div>\n\n","protected":false},"excerpt":{"rendered":"<p>Donald Trump asegur\u00f3 que Ir\u00e1n est\u00e1 dispuesto a negociar un alto el fuego para el conflicto que lo tiene como actor central junto a Ir\u00e1n y Estados Unidos. Sin embargo, tambi\u00e9n indic\u00f3 que por el momento descarta avanzar hacia un acuerdo por considerar que las condiciones planteadas \u201cno son lo suficientemente buenas\u201d. El presidente estadounidense [&hellip;]<\/p>\n","protected":false},"author":2,"featured_media":229226,"comment_status":"closed","ping_status":"closed","sticky":false,"template":"","format":"standard","meta":{"footnotes":""},"categories":[1],"tags":[],"class_list":["post-229225","post","type-post","status-publish","format-standard","has-post-thumbnail","hentry","category-uncategorized"],"_links":{"self":[{"href":"https:\/\/radioacuariofm.com.ar\/index.php?rest_route=\/wp\/v2\/posts\/229225","targetHints":{"allow":["GET"]}}],"collection":[{"href":"https:\/\/radioacuariofm.com.ar\/index.php?rest_route=\/wp\/v2\/posts"}],"about":[{"href":"https:\/\/radioacuariofm.com.ar\/index.php?rest_route=\/wp\/v2\/types\/post"}],"author":[{"embeddable":true,"href":"https:\/\/radioacuariofm.com.ar\/index.php?rest_route=\/wp\/v2\/users\/2"}],"replies":[{"embeddable":true,"href":"https:\/\/radioacuariofm.com.ar\/index.php?rest_route=%2Fwp%2Fv2%2Fcomments&post=229225"}],"version-history":[{"count":1,"href":"https:\/\/radioacuariofm.com.ar\/index.php?rest_route=\/wp\/v2\/posts\/229225\/revisions"}],"predecessor-version":[{"id":229227,"href":"https:\/\/radioacuariofm.com.ar\/index.php?rest_route=\/wp\/v2\/posts\/229225\/revisions\/229227"}],"wp:featuredmedia":[{"embeddable":true,"href":"https:\/\/radioacuariofm.com.ar\/index.php?rest_route=\/wp\/v2\/media\/229226"}],"wp:attachment":[{"href":"https:\/\/radioacuariofm.com.ar\/index.php?rest_route=%2Fwp%2Fv2%2Fmedia&parent=229225"}],"wp:term":[{"taxonomy":"category","embeddable":true,"href":"https:\/\/radioacuariofm.com.ar\/index.php?rest_route=%2Fwp%2Fv2%2Fcategories&post=229225"},{"taxonomy":"post_tag","embeddable":true,"href":"https:\/\/radioacuariofm.com.ar\/index.php?rest_route=%2Fwp%2Fv2%2Ftags&post=229225"}],"curies":[{"name":"wp","href":"https:\/\/api.w.org\/{rel}","templated":true}]}}