{"id":229219,"date":"2026-03-14T22:31:50","date_gmt":"2026-03-15T01:31:50","guid":{"rendered":"https:\/\/radioacuariofm.com.ar\/?p=229219"},"modified":"2026-03-14T22:31:51","modified_gmt":"2026-03-15T01:31:51","slug":"finalmente-el-papa-leon-xiv-se-mudo-al-departamento-que-francisco-no-quiso-usar","status":"publish","type":"post","link":"https:\/\/radioacuariofm.com.ar\/?p=229219","title":{"rendered":"Finalmente, el papa Le\u00f3n XIV se mud\u00f3 al departamento que Francisco no quiso usar"},"content":{"rendered":"<p> <br \/>\n<\/p>\n<div>\n<p class=\"com-paragraph  --capital --s\">ROMA.\u2013 El papa Le\u00f3n XIV se mud\u00f3 el s\u00e1bado al departamento papal reci\u00e9n renovado en el <strong>Palacio Apost\u00f3lico, instal\u00e1ndose as\u00ed en la vivienda que el papa Francisco no quiso utilizar.<\/strong><\/p>\n<p class=\"com-paragraph   --s\">El Vaticano inform\u00f3 que los colaboradores m\u00e1s cercanos de Le\u00f3n lo acompa\u00f1ar\u00e1n en el departamento, el cual est\u00e1 ubicado en el tercer piso del Palacio Apost\u00f3lico, con vista a la Plaza de San Pedro. La mudanza y la consolidaci\u00f3n del equipo del Papa dejan entrever que <strong>se abre un nuevo cap\u00edtulo a medida que su pontificado se aproxima a cumplir un a\u00f1o.<\/strong><\/p>\n<p class=\"com-paragraph   --s\">Despu\u00e9s de ser elegido en mayo pasado, Le\u00f3n sigui\u00f3 viviendo en su peque\u00f1o departamento en el <strong>Palazzo del Sant\u2019Uffizio del Vaticano<\/strong>, sede del Dicasterio para la Doctrina de la Fe -la oficina de la Santa Sede que resguarda la doctrina-, el cual tambi\u00e9n cuenta con un pu\u00f1ado de departamentos privados para funcionarios vaticanos.<\/p>\n<div class=\"content-media\">\n<section role=\"button\" class=\"mod-media   \">\n<figure role=\"button\" tabindex=\"0\" class=\"mod-figure \"><figcaption class=\"mod-figcaption\"><span class=\"com-text --caption --twoxs\">El papa Le\u00f3n XIV asiste a la inauguraci\u00f3n del A\u00f1o Judicial del Tribunal del Estado de la Ciudad del Vaticano, en la Ciudad del Vaticano.<\/span><span class=\"com-text --credit --twoxs\">SIMONE RISOLUTI  &#8211; VATICAN MEDIA <\/span><\/figcaption><\/figure>\n<\/section>\n<\/div>\n<p class=\"com-paragraph   --s\">Durante los diez meses siguientes, el Vaticano emprendi\u00f3 amplias renovaciones del departamento papal en el Palacio Apost\u00f3lico, que no se utiliz\u00f3 durante los 12 a\u00f1os del pontificado de Francisco y necesitaba urgentemente <strong>una actualizaci\u00f3n del sistema el\u00e9ctrico, la plomer\u00eda y otros servicios para adecuarlos a las normas vigentes.<\/strong><\/p>\n<p class=\"com-paragraph   --s\">En los \u00faltimos meses, a medida que se acercaba la fecha de la mudanza de Le\u00f3n, fue posible incluso ver a una gr\u00faa trabajando en el lugar.<\/p>\n<p class=\"com-paragraph   --s\">Francisco opt\u00f3 por no vivir en ese departamento porque, seg\u00fan explic\u00f3, <strong>quer\u00eda estar rodeado de otras personas<\/strong>. En su lugar, <strong>vivi\u00f3 en la residencia de Santa Marta<\/strong>, el hotel de estilo institucional en el Vaticano donde se alojan los sacerdotes visitantes y en el que los cardenales permanecen recluidos durante los c\u00f3nclaves.<\/p>\n<p class=\"com-paragraph   --s\">La selecci\u00f3n de Francisco era<strong> coherente con su gusto sencillo y su desd\u00e9n por la pompa del papado. <\/strong>Sin embargo, en la pr\u00e1ctica, ello signific\u00f3 que <strong>todo el segundo piso del hotel se destin\u00f3 al Papa, lo que redujo su capacidad para recibir hu\u00e9spedes que pagan por su alojamiento.<\/strong><\/p>\n<div class=\"content-media\">\n<section role=\"button\" class=\"mod-media   \">\n<figure role=\"button\" tabindex=\"0\" class=\"mod-figure \"><figcaption class=\"mod-figcaption\"><span class=\"com-text --caption --twoxs\">La Casa Santa Marta, donde vivi\u00f3 Francisco durante su pontificado<br \/>\n<\/span><\/figcaption><\/figure>\n<\/section>\n<\/div>\n<p class=\"com-paragraph   --s\">A diferencia de Francisco, Le\u00f3n, de la orden agustina y el primer papa estadounidense de la historia, ha dejado claro que <strong>se siente m\u00e1s c\u00f3modo usando la vestimenta tradicional y los accesorios del papado.<\/strong> Su decisi\u00f3n de mudarse al Palacio Apost\u00f3lico ha sido elogiada en particular por los comentaristas conservadores, que la consideran una se\u00f1al de respeto al papado como instituci\u00f3n.<\/p>\n<p class=\"com-paragraph   --s\">En realidad, Le\u00f3n tom\u00f3 posesi\u00f3n formal de la residencia en los d\u00edas posteriores a ser elegido, al recorrer las salas de recepci\u00f3n y la peque\u00f1a capilla reservada para su uso personal.<strong> El departamento hab\u00eda quedado sellado, seg\u00fan exige el protocolo papal, con una cinta roja y cera<\/strong>, despu\u00e9s de que Francisco muriera el 21 de abril, aunque en realidad falleci\u00f3 en su habitaci\u00f3n del hotel. Une mes despu\u00e9s, tras la asunci\u00f3n de Le\u00f3n, fue reabierto.<\/p>\n<p class=\"com-paragraph   --s\">La mudanza de Le\u00f3n deja entrever una especie de nuevo cap\u00edtulo en un pontificado que parece estar cobrando impulso tras un inicio <strong>lento y deliberado.<\/strong><\/p>\n<p class=\"com-paragraph   --s\">Esta semana, Le\u00f3n realiz\u00f3 su segundo gran nombramiento en la burocracia vaticana, donde varios prefectos est\u00e1n en edad de jubilaci\u00f3n o ya la han superado. Design\u00f3 a un sacerdote agustino, el arzobispo espa\u00f1ol Luis Mar\u00edn de San Mart\u00edn, como nuevo jefe de la oficina de caridad del Vaticano.<\/p>\n<div class=\"content-media\">\n<section role=\"button\" class=\"mod-media   \">\n<figure role=\"button\" tabindex=\"0\" class=\"mod-figure \"><figcaption class=\"mod-figcaption\"><span class=\"com-text --caption --twoxs\">Le\u00f3n XIV prefiri\u00f3 las formas y el estilo m\u00e1s tradicionales del papado.<\/span><span class=\"com-text --credit --twoxs\">MARIO TOMASSETTI  &#8211; VATICAN MEDIA <\/span><\/figcaption><\/figure>\n<\/section>\n<\/div>\n<p class=\"com-paragraph   --s\">Aunque la Santa Sede no indic\u00f3 qui\u00e9nes se mudar\u00edan al departamento con Le\u00f3n, <strong>\u00e9l ha conformado un equipo de cuatro colaboradores cercanos.<\/strong><\/p>\n<p class=\"com-paragraph   --s\">Entre ellos est\u00e1n los dos hombres que con m\u00e1s frecuencia lo flanquean en p\u00fablico, y son quienes principalmente regulan el acceso de otras personas al pont\u00edfice: su secretario, monse\u00f1or<strong> Edgard Iv\u00e1n Rimaycuna Inga<\/strong>, de Per\u00fa, y el vicerregente de la casa pontificia, el padre <strong>Edward Daniang Daleng<\/strong>, sacerdote de Nigeria y colega de la orden agustina.<\/p>\n<p class=\"com-paragraph   --s\">Adem\u00e1s, Le\u00f3n nombr\u00f3 a un exteniente de la Guardia Suiza, <strong>Anton Kappler<\/strong>, para que sea su segundo asistente administrativo en su oficina, junto al exgendarme <strong>Piergiorgio Zanetti.<\/strong><\/p>\n<p class=\"com-paragraph   --s\"><strong>Agencia AP y ANSA<\/strong><\/p>\n<section class=\"container-center-100 mb-40 border border-bottom border-thin border-neutral-light-700\">\n<hr\/>\n<\/section>\n<\/div>\n\n","protected":false},"excerpt":{"rendered":"<p>ROMA.\u2013 El papa Le\u00f3n XIV se mud\u00f3 el s\u00e1bado al departamento papal reci\u00e9n renovado en el Palacio Apost\u00f3lico, instal\u00e1ndose as\u00ed en la vivienda que el papa Francisco no quiso utilizar. El Vaticano inform\u00f3 que los colaboradores m\u00e1s cercanos de Le\u00f3n lo acompa\u00f1ar\u00e1n en el departamento, el cual est\u00e1 ubicado en el tercer piso del Palacio [&hellip;]<\/p>\n","protected":false},"author":2,"featured_media":229220,"comment_status":"closed","ping_status":"closed","sticky":false,"template":"","format":"standard","meta":{"footnotes":""},"categories":[1],"tags":[],"class_list":["post-229219","post","type-post","status-publish","format-standard","has-post-thumbnail","hentry","category-uncategorized"],"_links":{"self":[{"href":"https:\/\/radioacuariofm.com.ar\/index.php?rest_route=\/wp\/v2\/posts\/229219","targetHints":{"allow":["GET"]}}],"collection":[{"href":"https:\/\/radioacuariofm.com.ar\/index.php?rest_route=\/wp\/v2\/posts"}],"about":[{"href":"https:\/\/radioacuariofm.com.ar\/index.php?rest_route=\/wp\/v2\/types\/post"}],"author":[{"embeddable":true,"href":"https:\/\/radioacuariofm.com.ar\/index.php?rest_route=\/wp\/v2\/users\/2"}],"replies":[{"embeddable":true,"href":"https:\/\/radioacuariofm.com.ar\/index.php?rest_route=%2Fwp%2Fv2%2Fcomments&post=229219"}],"version-history":[{"count":1,"href":"https:\/\/radioacuariofm.com.ar\/index.php?rest_route=\/wp\/v2\/posts\/229219\/revisions"}],"predecessor-version":[{"id":229221,"href":"https:\/\/radioacuariofm.com.ar\/index.php?rest_route=\/wp\/v2\/posts\/229219\/revisions\/229221"}],"wp:featuredmedia":[{"embeddable":true,"href":"https:\/\/radioacuariofm.com.ar\/index.php?rest_route=\/wp\/v2\/media\/229220"}],"wp:attachment":[{"href":"https:\/\/radioacuariofm.com.ar\/index.php?rest_route=%2Fwp%2Fv2%2Fmedia&parent=229219"}],"wp:term":[{"taxonomy":"category","embeddable":true,"href":"https:\/\/radioacuariofm.com.ar\/index.php?rest_route=%2Fwp%2Fv2%2Fcategories&post=229219"},{"taxonomy":"post_tag","embeddable":true,"href":"https:\/\/radioacuariofm.com.ar\/index.php?rest_route=%2Fwp%2Fv2%2Ftags&post=229219"}],"curies":[{"name":"wp","href":"https:\/\/api.w.org\/{rel}","templated":true}]}}