{"id":229203,"date":"2026-03-14T17:25:40","date_gmt":"2026-03-14T20:25:40","guid":{"rendered":"https:\/\/radioacuariofm.com.ar\/?p=229203"},"modified":"2026-03-14T17:25:41","modified_gmt":"2026-03-14T20:25:41","slug":"incendian-una-sede-del-partido-comunista-en-cuba-durante-una-protesta-por-los-cortes-de-luz","status":"publish","type":"post","link":"https:\/\/radioacuariofm.com.ar\/?p=229203","title":{"rendered":"Incendian una sede del Partido Comunista en Cuba durante una protesta por los cortes de luz"},"content":{"rendered":"<p> <br \/>\n<\/p>\n<div>\n<p class=\"com-paragraph  --capital --s\">LA HABANA. \u2013 Un grupo de residentes de una ciudad del centro de Cuba <strong>destruy\u00f3 parcialmente la sede local del gobernante Partido Comunista,<\/strong> la agrupaci\u00f3n que controla la isla con pu\u00f1o de hierro, en una protesta inusualmente audaz vinculada a la falta de energ\u00eda y alimentos. <\/p>\n<p class=\"com-paragraph   --s\">Durante la noche del viernes para s\u00e1bado, manifestantes irrumpieron en la sede del Partido Comunista en Mor\u00f3n, en la provincia de Ciego de \u00c1vila. Im\u00e1genes difundidas en redes sociales y reproducidas por medios independientes muestran a un grupo <strong>entrando al edificio, sacando muebles, cuadros y material propagand\u00edstico a la calle y quem\u00e1ndolos en una gran hoguera <\/strong>entre consignas antigubernamentales.<\/p>\n<p class=\"com-paragraph   --s\">La noticia, un hecho poco com\u00fan en Cuba, tambi\u00e9n fue recogida por medios gubernamentales, que calificaron los incidentes de <strong>\u201cactos de vandalismo\u201d<\/strong> que se intensificaron tras una manifestaci\u00f3n que <strong>\u201ccomenz\u00f3 pac\u00edficamente\u201d.<\/strong> La versi\u00f3n oficial reporta cinco arrestos y un herido.<\/p>\n<p class=\"com-paragraph   --s\">El incidente forma parte de una movilizaci\u00f3n cada vez m\u00e1s visible que recorre el pa\u00eds desde hace d\u00edas. La poblaci\u00f3n est\u00e1 particularmente exasperada por la<strong> <\/strong><a href=\"https:\/\/www.lanacion.com.ar\/estados-unidos\/trump-dice-que-cuba-vive-sus-ultimos-momentos-nid07032026\/\" target=\"_self\" title=\"https:\/\/www.lanacion.com.ar\/estados-unidos\/trump-dice-que-cuba-vive-sus-ultimos-momentos-nid07032026\/\" class=\"com-link break-word\" data-mrf-recirculation=\"n_link_parrafo\">crisis energ\u00e9tica, <\/a>que ha provocado <strong>cortes de luz de hasta 20 horas diarias,<\/strong> afectando el suministro de agua y alimentos.<\/p>\n<p class=\"com-paragraph   --s\">La insuficiente generaci\u00f3n de electricidad del sistema \u2013que depende de centrales t\u00e9rmicas obsoletas\u2013 ha disminuido a\u00fan m\u00e1s en las \u00faltimas semanas <strong>debido a la presi\u00f3n de Washington sobre los proveedores de petr\u00f3leo de la isla<\/strong>, lo que ha bloqueado la llegada de combustible esencial.<\/p>\n<p class=\"com-paragraph   --s\">El clima en la isla se caldea a medida que el gobierno intenta mantener un equilibrio cada vez m\u00e1s fr\u00e1gil <strong>entre las protestas internas y la presi\u00f3n de Estados Unidos,<\/strong> lo que llev\u00f3 al presidente <strong>Miguel D\u00edaz-Canel <\/strong>a abrir una v\u00eda de di\u00e1logo con Washington, <a href=\"https:\/\/www.lanacion.com.ar\/el-mundo\/cuba-anuncia-que-comenzo-a-dialogar-con-estados-unidos-nid13032026\/\" target=\"_self\" title=\"https:\/\/www.lanacion.com.ar\/el-mundo\/cuba-anuncia-que-comenzo-a-dialogar-con-estados-unidos-nid13032026\/\" class=\"com-link break-word\" data-mrf-recirculation=\"n_link_parrafo\">seg\u00fan lo anunci\u00f3 el viernes.<\/a><\/p>\n<p class=\"com-paragraph   --s\">El gobierno sostiene que <strong>en los \u00faltimos tres meses no han llegado a Cuba env\u00edos de petr\u00f3leo,<\/strong> y culpa a un bloqueo energ\u00e9tico de Estados Unidos. D\u00edaz-Canel explic\u00f3 que la isla est\u00e1 funcionando con una mezcla de gas natural, energ\u00eda solar y plantas termoel\u00e9ctricas.<\/p>\n<div class=\"content-media\">\n<section role=\"button\" class=\"mod-media   \">\n<figure role=\"button\" tabindex=\"0\" class=\"mod-figure \"><figcaption class=\"mod-figcaption\"><span class=\"com-text --caption --twoxs\">Cubanos de La Habana escuchan el anuncio del presidente Miguel D\u00edaz-Canel sobre el di\u00e1logo con Washington  <\/span><span class=\"com-text --credit --twoxs\">Ramon Espinosa &#8211; AP<\/span><\/figcaption><\/figure>\n<\/section>\n<\/div>\n<p class=\"com-paragraph   --s\">Las autoridades cubanas tambi\u00e9n sostienen que <strong>el agotamiento del fuel oil y el di\u00e9sel oblig\u00f3 a dos centrales el\u00e9ctricas a cerrar<\/strong> y ha limitado la generaci\u00f3n de energ\u00eda en parques solares. El apag\u00f3n m\u00e1s reciente fue atribuido a una caldera averiada en una planta termoel\u00e9ctrica, lo que forz\u00f3 el cierre de la red el\u00e9ctrica de Cuba.<\/p>\n<p class=\"com-paragraph   --s\">El objetivo del di\u00e1logo con Washington, seg\u00fan D\u00edaz-Canel, es <strong>\u201cidentificar \u00e1reas de cooperaci\u00f3n que contribuyan a la seguridad y la paz de las naciones y del continente\u201d.<\/strong> Los contactos se llevan a cabo bajo la supervisi\u00f3n del propio D\u00edaz-Canel y del expresidente <strong>Ra\u00fal Castro.<\/strong><\/p>\n<p class=\"com-paragraph   --s\">Sin embargo, los rumores tambi\u00e9n incluyen el nombre del nieto del expresidente, <strong>Ra\u00fal Guillermo Rodr\u00edguez Castro,<\/strong> apodado \u201cCangrejo\u201d (debido a una malformaci\u00f3n cong\u00e9nita en su mano). Aunque no desempe\u00f1a funciones oficiales, el joven est\u00e1 vinculado a contactos secretos con el secretario de Estado norteamericano, <strong>Marco Rubio.<\/strong><\/p>\n<div class=\"content-media\">\n<section role=\"button\" class=\"mod-media   \">\n<figure role=\"button\" tabindex=\"0\" class=\"mod-figure \"><figcaption class=\"mod-figcaption\"><span class=\"com-text --caption --twoxs\">El secretario de Estado norteamericano, Marco Rubio   <\/span><span class=\"com-text --credit --twoxs\">SAUL LOEB  &#8211; AFP <\/span><\/figcaption><\/figure>\n<\/section>\n<\/div>\n<p class=\"com-paragraph   --s\">Estos informes alimentan la especulaci\u00f3n sobre una negociaci\u00f3n al estilo venezolano, donde tras la captura del dictador <strong>Nicol\u00e1s Maduro<\/strong> asumi\u00f3 el poder su vicepresidenta, <strong>Delcy Rodr\u00edguez,<\/strong> que se puso a disposici\u00f3n de Washington. Seg\u00fan el diario <em>USA Today<\/em>, <strong>el acuerdo en consideraci\u00f3n incluir\u00eda una salida negociada para D\u00edaz-Canel,<\/strong> mientras que la familia Castro, vinculada al origen de la revoluci\u00f3n, permanecer\u00eda en el pa\u00eds.<\/p>\n<p class=\"com-paragraph   --s\">Un segundo paso consistir\u00eda en <strong>la flexibilizaci\u00f3n de las sanciones en los sectores energ\u00e9tico, portuario y tur\u00edstico, <\/strong>junto con una mayor flexibilidad en las restricciones de viaje a la isla.<\/p>\n<p class=\"com-paragraph   --s\">El canciller Bruno Rodr\u00edguez dijo que el di\u00e1logo con Estados Unidos <strong>\u201cno concierne en modo alguno a los asuntos internos, los sistemas constitucionales ni los modelos pol\u00edticos, econ\u00f3micos y sociales de ambos pa\u00edses\u201d.<\/strong> Para el diplom\u00e1tico cubano, el objetivo sigue siendo \u201cencontrar una soluci\u00f3n a las <strong>diferencias bilaterales<\/strong> respetando el derecho internacional y la soberan\u00eda de ambas partes\u00bb.<\/p>\n<p class=\"com-paragraph   --s\">El di\u00e1logo con Estados Unidos viene acompa\u00f1ado de algunas se\u00f1ales de distensi\u00f3n, <strong>incluida la liberaci\u00f3n de 51 detenidos. <\/strong>Pero disidentes y organizaciones humanitarias instan a la cautela, enfatizando que si bien se est\u00e1n liberando algunos presos pol\u00edticos, contin\u00faan las detenciones por las nuevas manifestaciones.<\/p>\n<p class=\"com-paragraph   --s\"><strong>Agencias ANSA, AP y AFP<\/strong><\/p>\n<section class=\"container-center-100 mb-40 border border-bottom border-thin border-neutral-light-700\">\n<hr\/>\n<\/section>\n<\/div>\n\n","protected":false},"excerpt":{"rendered":"<p>LA HABANA. \u2013 Un grupo de residentes de una ciudad del centro de Cuba destruy\u00f3 parcialmente la sede local del gobernante Partido Comunista, la agrupaci\u00f3n que controla la isla con pu\u00f1o de hierro, en una protesta inusualmente audaz vinculada a la falta de energ\u00eda y alimentos. Durante la noche del viernes para s\u00e1bado, manifestantes irrumpieron [&hellip;]<\/p>\n","protected":false},"author":2,"featured_media":229204,"comment_status":"closed","ping_status":"closed","sticky":false,"template":"","format":"standard","meta":{"footnotes":""},"categories":[1],"tags":[],"class_list":["post-229203","post","type-post","status-publish","format-standard","has-post-thumbnail","hentry","category-uncategorized"],"_links":{"self":[{"href":"https:\/\/radioacuariofm.com.ar\/index.php?rest_route=\/wp\/v2\/posts\/229203","targetHints":{"allow":["GET"]}}],"collection":[{"href":"https:\/\/radioacuariofm.com.ar\/index.php?rest_route=\/wp\/v2\/posts"}],"about":[{"href":"https:\/\/radioacuariofm.com.ar\/index.php?rest_route=\/wp\/v2\/types\/post"}],"author":[{"embeddable":true,"href":"https:\/\/radioacuariofm.com.ar\/index.php?rest_route=\/wp\/v2\/users\/2"}],"replies":[{"embeddable":true,"href":"https:\/\/radioacuariofm.com.ar\/index.php?rest_route=%2Fwp%2Fv2%2Fcomments&post=229203"}],"version-history":[{"count":1,"href":"https:\/\/radioacuariofm.com.ar\/index.php?rest_route=\/wp\/v2\/posts\/229203\/revisions"}],"predecessor-version":[{"id":229205,"href":"https:\/\/radioacuariofm.com.ar\/index.php?rest_route=\/wp\/v2\/posts\/229203\/revisions\/229205"}],"wp:featuredmedia":[{"embeddable":true,"href":"https:\/\/radioacuariofm.com.ar\/index.php?rest_route=\/wp\/v2\/media\/229204"}],"wp:attachment":[{"href":"https:\/\/radioacuariofm.com.ar\/index.php?rest_route=%2Fwp%2Fv2%2Fmedia&parent=229203"}],"wp:term":[{"taxonomy":"category","embeddable":true,"href":"https:\/\/radioacuariofm.com.ar\/index.php?rest_route=%2Fwp%2Fv2%2Fcategories&post=229203"},{"taxonomy":"post_tag","embeddable":true,"href":"https:\/\/radioacuariofm.com.ar\/index.php?rest_route=%2Fwp%2Fv2%2Ftags&post=229203"}],"curies":[{"name":"wp","href":"https:\/\/api.w.org\/{rel}","templated":true}]}}