{"id":229197,"date":"2026-03-14T13:21:53","date_gmt":"2026-03-14T16:21:53","guid":{"rendered":"https:\/\/radioacuariofm.com.ar\/?p=229197"},"modified":"2026-03-14T13:21:54","modified_gmt":"2026-03-14T16:21:54","slug":"urraca-la-emperatriz-de-toda-hispania-que-se-convirtio-en-la-primera-mujer-en-reinar-europa","status":"publish","type":"post","link":"https:\/\/radioacuariofm.com.ar\/?p=229197","title":{"rendered":"Urraca, la \u00abemperatriz de toda Hispania\u00bb que se convirti\u00f3 en la primera mujer en reinar Europa"},"content":{"rendered":"<p> <br \/>\n<\/p>\n<div>\n<p class=\"com-paragraph   --s\"><strong>Vivi\u00f3 hace 900 a\u00f1os <\/strong>y la <a href=\"https:\/\/www.lanacion.com.ar\/sociedad\/fue-parte-de-la-realeza-britanica-pero-se-enamoro-de-argentino-y-su-vida-tuvo-un-tragico-final-nid19022026\/\" target=\"_self\" title=\"https:\/\/www.lanacion.com.ar\/sociedad\/fue-parte-de-la-realeza-britanica-pero-se-enamoro-de-argentino-y-su-vida-tuvo-un-tragico-final-nid19022026\/\" class=\"com-link break-word\" data-mrf-recirculation=\"n_link_parrafo\">historia le reserv\u00f3 un lugar importante<\/a> y pionero: se convirti\u00f3 en la<strong> primera mujer en gobernar un reino en Europa.<\/strong> Urraca I de Le\u00f3n y Galicia (1080-1126), conocida como Urraca la Temeraria, gobern\u00f3 esta importante regi\u00f3n ib\u00e9rica durante casi 17 a\u00f1os.<\/p>\n<p class=\"com-paragraph   --s\">Hija mayor de Alfonso VI (1047-1109), la noble era la <a href=\"https:\/\/www.lanacion.com.ar\/el-mundo\/el-glamuroso-look-bicolor-con-el-que-maxima-zorreguieta-volvio-a-evidenciar-por-que-es-la-reina-de-nid21022026\/\" target=\"_self\" title=\"https:\/\/www.lanacion.com.ar\/el-mundo\/el-glamuroso-look-bicolor-con-el-que-maxima-zorreguieta-volvio-a-evidenciar-por-que-es-la-reina-de-nid21022026\/\" class=\"com-link break-word\" data-mrf-recirculation=\"n_link_parrafo\">heredera natural del trono<\/a>. Pero, temiendo la dificultad de aceptaci\u00f3n pol\u00edtica de una mujer reina en el poder, el monarca trat\u00f3 de <strong>reconocer a un hijo fuera del matrimonio<\/strong>, Sancho, como su sucesor.<\/p>\n<p class=\"com-paragraph   --s\">Lo que nadie contaba era que Sancho morir\u00eda peleando en la batalla de Ucl\u00e9s, librada entre cristianos y musulmanes en 1108. Ante esto, el rey Alfonso anunci\u00f3 a los nobles de la corte y a los obispos de la regi\u00f3n que <strong>su hija era la \u00fanica que podr\u00eda asumir<\/strong> cuando \u00e9l muriera.<\/p>\n<p class=\"com-paragraph   --s\">Su nombre fue aceptado entre los aliados del rey. Sin embargo, con una salvedad: que ella, ya viuda, se volviera a casar. En otras palabras, la nobleza admit\u00eda a una mujer gobernante, pero <strong>entend\u00eda que deb\u00eda actuar como una marioneta de su esposo<\/strong>.<\/p>\n<p class=\"com-paragraph   --s\">En las negociaciones pol\u00edticas de entonces, se acord\u00f3 que Urraca se casar\u00eda con Alfonso I de Arag\u00f3n (1073-1134). Seg\u00fan la historiadora Adriana Zierer, aunque el derecho castellano no exclu\u00eda \u201cla sucesi\u00f3n femenina en ausencia de herederos varones\u201d, se cre\u00eda que \u201c<strong>ella deb\u00eda gobernar bajo la tutela de su esposo<\/strong>\u201d.<\/p>\n<p class=\"com-paragraph   --s\">Afonso VI muri\u00f3 antes de que se celebrara el matrimonio y Urraca acab\u00f3 siendo coronada reina. Fue la primera mujer monarca en gobernar un reino europeo, no como reina consorte, es decir, esposa del rey sin funciones de autoridad. \u201c<strong>Fue realmente una gran excepci\u00f3n en su \u00e9poca<\/strong>\u201d, afirma el historiador Glabuer Wisniewski, investigador adjunto del Centro de Estudios Hist\u00f3ricos Ib\u00e9ricos de la Universidad de Saint Louis, en Estados Unidos.<\/p>\n<p class=\"com-paragraph   --s\">\u201cEl esfuerzo que realiz\u00f3 Urraca durante todo su reinado para legitimar su autoridad moral y legal demuestra que la resistencia a la que se enfrent\u00f3 fue constante\u201d, agrega. La investigadora en estudios medievales en la Universidad de Santiago de Compostela, la historiadora Yolanda Alonso Rodr\u00edguez define a Urraca como la <strong>primera \u201ccon autoridad y poder total en sus territorios<\/strong>\u201d.<\/p>\n<p class=\"com-paragraph   --s\">No obstante, aclara que \u201cexisten enormes dificultades para identificar y recuperar este tipo de informaci\u00f3n, porque la <strong>historia ha omitido en gran medida muchos detalles sobre las mujeres<\/strong> en la Edad Media, tanto de las clases m\u00e1s bajas como de las m\u00e1s altas\u201d. \u201cA menudo, ellas no ten\u00edan un papel protagonista en la perspectiva masculina de la Edad Media y, por eso, fueron omitidas e ignoradas en muchos documentos y textos\u201d, afirma Rodr\u00edguez.<\/p>\n<div class=\"content-media\">\n<section role=\"button\" class=\"mod-media   \">\n<figure role=\"button\" tabindex=\"0\" class=\"mod-figure \"><figcaption class=\"mod-figcaption\"><span class=\"com-text --caption --twoxs\">Urraca y Alfonso se casaron tal como dej\u00f3 previsto el padre de ella, pero el v\u00ednculo matrimonial no fue bueno en ning\u00fan aspecto.<\/span><\/figcaption><\/figure>\n<\/section>\n<\/div>\n<p class=\"com-paragraph   --s\">La <a href=\"https:\/\/www.lanacion.com.ar\/agencias\/perfil-de-andrew-mountbatten-windsor-de-principe-a-dolor-de-cabeza-para-la-familia-real-britanica-nid19022026\/\" target=\"_self\" title=\"https:\/\/www.lanacion.com.ar\/agencias\/perfil-de-andrew-mountbatten-windsor-de-principe-a-dolor-de-cabeza-para-la-familia-real-britanica-nid19022026\/\" class=\"com-link break-word\" data-mrf-recirculation=\"n_link_parrafo\">importancia del Reino de Le\u00f3n en esta \u00e9poca<\/a> queda clara por el propio <strong>t\u00edtulo<\/strong> que ostentaba el monarca: se le llamaba \u201cemperador de toda Hispania\u201d. Urraca lo hered\u00f3: fue \u201c<strong>la emperatriz de toda Hispania<\/strong>\u201d, se\u00f1ala Zierer, tambi\u00e9n profesora en la Universidad Federal de Maranh\u00e3o y posdoctorada por el Grupo de Antropolog\u00eda Hist\u00f3rica de la Edad Media Occidental de la \u00c9cole des Hautes \u00c9tudes en Sciences Sociales (EHESS), en Francia.<\/p>\n<p class=\"com-paragraph   --s\">Aunque no mostraba ning\u00fan deseo de volver a casarse, cumpli\u00f3 el designio de su padre y, poco despu\u00e9s, oficializ\u00f3 su matrimonio con el noble de Arag\u00f3n. La uni\u00f3n acab\u00f3 desencadenando una serie de <strong>descontentos populares<\/strong>, con registros incluso de <strong>rebeliones<\/strong>. Se tem\u00eda que el centro del poder se desplazara del entonces Reino de Le\u00f3n y Galicia al Reino de Arag\u00f3n, debido a la prominencia masculina del acuerdo.<\/p>\n<p class=\"com-paragraph   --s\">Era una consecuencia que parec\u00eda un poco contradictoria con lo que imaginaba el padre de Urraca cuando plane\u00f3 este matrimonio. \u00c9l <strong>no vislumbraba un desplazamiento del eje del poder,<\/strong> sino una mayor influencia de Le\u00f3n, como si Arag\u00f3n fuera pr\u00e1cticamente incorporado a trav\u00e9s del matrimonio real.<\/p>\n<p class=\"com-paragraph   --s\">El clima pol\u00edtico se volvi\u00f3 muy tenso. Los partidarios de ambas partes entraron en conflicto e incluso la legitimidad de Urraca como heredera volvi\u00f3 a ser cuestionada.<\/p>\n<p class=\"com-paragraph   --s\">Como explica Zierer, las disputas territoriales entre la pareja terminaron provocando una guerra civil. En medio de todo esto, la relaci\u00f3n entre Urraca y Alfonso no era nada buena. Lo que antes estaba restringido al \u00e1mbito \u00edntimo pronto pas\u00f3 a la esfera p\u00fablica. La <strong>reina acus\u00f3 a su marido de violencia dom\u00e9stica y abusos<\/strong>, hasta separarse de \u00e9l en el a\u00f1o 1110.<\/p>\n<div class=\"content-media\">\n<section role=\"button\" class=\"mod-media   \">\n<figure role=\"button\" tabindex=\"0\" class=\"mod-figure \"><figcaption class=\"mod-figcaption\"><span class=\"com-text --caption --twoxs\">Durante todo su gobierno, Urraca enfrent\u00f3 diversos conflictos, con varias campa\u00f1as para recuperar y mantener sus territorios.<\/span><\/figcaption><\/figure>\n<\/section>\n<\/div>\n<p class=\"com-paragraph   --s\">\u201cLas cr\u00f3nicas relatan que sufr\u00eda <strong>violencia f\u00edsica y verbal por parte del rey aragon\u00e9s<\/strong>\u201d, afirma la historiadora Zierer. Para entonces ya era p\u00fablica su relaci\u00f3n con su amante, el conde G\u00f3mez Gonz\u00e1lez, quien se involucr\u00f3 en la lucha armada para defender la integridad del reino de Le\u00f3n frente a sus opositores, quienes combat\u00edan por Arag\u00f3n. En la batalla de Candespina, en 1111, Gonz\u00e1lez muri\u00f3.<\/p>\n<p class=\"com-paragraph   --s\">Poco despu\u00e9s, Urraca <a href=\"https:\/\/www.lanacion.com.ar\/agencias\/momentos-clave-que-llevaron-al-arresto-del-exprincipe-andres-por-sus-vinculos-con-epstein-nid19022026\/\" target=\"_self\" title=\"https:\/\/www.lanacion.com.ar\/agencias\/momentos-clave-que-llevaron-al-arresto-del-exprincipe-andres-por-sus-vinculos-con-epstein-nid19022026\/\" class=\"com-link break-word\" data-mrf-recirculation=\"n_link_parrafo\">encontr\u00f3 a otro conde para sustituirlo como amante<\/a> y guerrero: Pedro Gonz\u00e1lez de Lara, quien incluso asumi\u00f3 la paternidad de los dos hijos que la reina ya ten\u00eda. Solo a finales de 1112 la reina consigui\u00f3 formalmente la anulaci\u00f3n de su matrimonio con Alfonso de Arag\u00f3n con el consentimiento del Papa.<\/p>\n<p class=\"com-paragraph   --s\">En el terreno de las batallas, hab\u00eda logrado recuperar para sus dominios pr\u00e1cticamente todas las tierras heredadas de su padre \u2014<strong>Asturias, Le\u00f3n y Galicia<\/strong>\u2014. Parte de Castilla, aunque all\u00ed contaba con un gran apoyo, termin\u00f3 quedando para Alfonso.<\/p>\n<p class=\"com-paragraph   --s\">\u201cDurante todo su gobierno, Urraca enfrent\u00f3 diversos conflictos, con <strong>varias campa\u00f1as para recuperar y mantener sus territorio<\/strong>s\u201d, dice Zierer. Por lo general, eran enfrentamientos avivados por Alfonso I. \u201cDurante mucho tiempo, \u00e9l se resisti\u00f3 a la anulaci\u00f3n del matrimonio\u201d, se\u00f1ala la historiadora. Por a\u00f1os, el exmarido sigui\u00f3 declar\u00e1ndose \u201cemperador de toda Hispania\u201d.<\/p>\n<p class=\"com-paragraph   --s\">Tambi\u00e9n hubo <strong>batallas de motivaci\u00f3n religiosa<\/strong> \u2014cristianos contra musulmanes\u2014 y revueltas populares. Urraca muri\u00f3 a los 46 a\u00f1os, el 8 de marzo de 1126, casi 800 a\u00f1os antes de la hist\u00f3rica huelga protagonizada por trabajadoras que convertir\u00eda esa fecha en un s\u00edmbolo mundial de la reivindicaci\u00f3n femenina.<\/p>\n<p class=\"com-paragraph   --s\">Zierer se\u00f1ala las visiones medievales sobre Urraca a partir de cr\u00f3nicas de la \u00e9poca. En textos del siglo XII, se la describe de manera positiva como \u201chija y esposa\u201d, pero cuando pasa a ser soberana se convierte en \u201c<strong>mujer incestuosa y nefasta<\/strong>\u201d. Es decir que, en la visi\u00f3n de la \u00e9poca, \u201csolo era \u2018buena\u2019 cuando cumpl\u00eda su papel de esposa, sin asumir un papel pol\u00edtico protagonista\u201d, comenta Zierer.<\/p>\n<p class=\"com-paragraph   --s\">En ocasiones, la monarca fue tambi\u00e9n tachada de seductora y promiscua. Hay muchos indicios, por lo tanto, de que el hecho de ser una mujer en una posici\u00f3n de poder incomodaba a la \u00e9lite masculina. \u201cSu imagen fue filtrada por siglos de <strong>cr\u00f3nicas hostiles y lecturas marcadas por la incomodidad<\/strong> ante el poder femenino\u201d, se\u00f1ala a <em>BBC News Brasil<\/em> la historiadora Mary Del Priore, autora, entre otros libros, de \u201cSobrevivientes y guerreras\u201d.<\/p>\n<div class=\"content-media\">\n<section role=\"button\" class=\"mod-media   \">\n<figure role=\"button\" tabindex=\"0\" class=\"mod-figure \"><figcaption class=\"mod-figcaption\"><span class=\"com-text --caption --twoxs\">La imagen de Urraca fue filtrada por siglos de cr\u00f3nicas hostiles y lecturas marcadas por la incomodidad ante el poder femenino<\/span><\/figcaption><\/figure>\n<\/section>\n<\/div>\n<p class=\"com-paragraph   --s\">\u201c<strong>No fue el hecho de haber gobernado lo que escandaliz\u00f3. Fue el hecho de haber gobernado como mujer<\/strong>\u201d, explica. Del Priore se\u00f1ala que hay cr\u00f3nicas que la describen como \u201cvaliente, fuerte\u201d. \u201cLlegaron a llamarla \u2018princesa varonil\u2019\u201d, afirma, agregando que \u201cpara reinar era necesario masculinizarse simb\u00f3licamente\u201d.<\/p>\n<p class=\"com-paragraph   --s\">Seg\u00fan la antrop\u00f3loga L\u00eddice Meyer, profesora de la Universidad Lus\u00f3fona de Portugal y estudiosa de la mujer en la historia, Urraca no escatim\u00f3 esfuerzos para \u201cmantener su posici\u00f3n como monarca plena\u201d, incluso <a href=\"https:\/\/www.lanacion.com.ar\/el-mundo\/la-princesa-sofia-de-suecia-habla-por-primera-vez-de-su-vinculo-con-epstein-nid10022026\/\" target=\"_self\" title=\"https:\/\/www.lanacion.com.ar\/el-mundo\/la-princesa-sofia-de-suecia-habla-por-primera-vez-de-su-vinculo-con-epstein-nid10022026\/\" class=\"com-link break-word\" data-mrf-recirculation=\"n_link_parrafo\">en medio de las dificultades inherentes<\/a> a \u201cejercer un cargo sin precedentes\u201d.<\/p>\n<p class=\"com-paragraph   --s\">\u201cFue la <strong>primera reina de Espa\u00f1a en acu\u00f1ar una moneda con su busto y su nombre<\/strong>\u201d, cuenta Meyer. \u201cCuriosamente, una moneda acu\u00f1ada en Toledo lleva su nombre acompa\u00f1ado de la palabra RE\u201d. Ah\u00ed reside una ambig\u00fcedad. Podr\u00eda ser tanto la abreviatura de <em>Rex<\/em> (\u201crey\u201d) como de <em>Regina<\/em> (\u201creina\u201d).<\/p>\n<p class=\"com-paragraph   --s\">\u201cEsta ambig\u00fcedad siempre estuvo presente en el reinado de Urraca. A menudo se presentaba en los documentos como \u2018rey\u2019. Su m\u00e9rito fue ser la primera monarca plena de Europa\u201d, se\u00f1ala Meyer. \u201cFue, sin duda, una monarca sagaz, que supo manejar situaciones adversas con mucha habilidad\u201d, a\u00f1ade Wisniewski.<\/p>\n<p class=\"com-paragraph   --s\">\u201cUrraca, <strong>m\u00e1s que la mujer del rey, se hab\u00eda convertido en \u2018el rey\u2019 en s\u00ed misma<\/strong>, responsabiliz\u00e1ndose de la administraci\u00f3n del reino, a pesar de los esfuerzos de su esposo por convertirse en soberano y responsable de las tierras leonesas y castellanas\u201d, dice Zierer. La profesora destaca que \u201cen todo momento\u201d la monarca \u201cse preocupaba por reafirmar su legitimidad y capacidad jur\u00eddica para gobernar\u201d.<\/p>\n<p class=\"com-paragraph   --s\">\u201cElla es un ejemplo de esta posible <strong>deconstrucci\u00f3n de la fragilidad del sexo femenino<\/strong>\u201d, afirma Zierer. Y agrega: \u201cRein\u00f3 como mujer en un espacio destinado a los hombres y no se parec\u00eda en nada a las mujeres sumisas que necesitaban protecci\u00f3n, tan difundidas en los libros de texto, los juegos o las series de televisi\u00f3n\u201d.<\/p>\n<p class=\"com-paragraph   --s\">La historiadora destaca que la guerra ocup\u00f3 el tiempo de su reinado y \u201csi lo que se esperaba era que ella se protegiera en uno de sus castillos, ocurri\u00f3 justo lo contrario: <strong>mediante armas, pactos y legitimaciones, Urraca permaneci\u00f3 en el poder<\/strong>, yendo en contra de los deseos de algunos de los que la rodeaban\u201d.<\/p>\n<p class=\"com-paragraph   --s\">Wisniewski recuerda adem\u00e1s que el hecho de que dejara a su heredero \u201c<strong>un reino en relativa paz interna<\/strong>\u201d incluso despu\u00e9s de un \u201cascenso problem\u00e1tico\u201d y de haber sufrido constantes \u201ccuestionamientos, a menudo violentos, sobre su autoridad\u201d, indica que Urraca ten\u00eda \u201cuna capacidad pol\u00edtica muy por encima de la media\u201d.<\/p>\n<p class=\"com-paragraph   --s\">\u201cPodemos decir que la reina Urraca tiene mucho que ense\u00f1arnos sobre el papel de la mujer en el pasado y en el presente. Fue una mujer <a href=\"https:\/\/www.lanacion.com.ar\/agencias\/carlos-iii-expresa-preocupacion-por-nuevo-escandalo-que-vincula-a-andres-con-epstein-nid09022026\/\" target=\"_self\" title=\"https:\/\/www.lanacion.com.ar\/agencias\/carlos-iii-expresa-preocupacion-por-nuevo-escandalo-que-vincula-a-andres-con-epstein-nid09022026\/\" class=\"com-link break-word\" data-mrf-recirculation=\"n_link_parrafo\">que logr\u00f3 gobernar sin la tutela masculina<\/a>, que mantuvo el reino unido y asegur\u00f3 la descendencia para su hijo tras su muerte\u201d, se\u00f1ala Zierer. \u201cTambi\u00e9n fue due\u00f1a de su propio cuerpo, porque desde el momento en que <strong>consigui\u00f3 la anulaci\u00f3n de su matrimonio, nunca m\u00e1s se volvi\u00f3 a casar<\/strong>. Pero a\u00fan as\u00ed tuvo relaciones amorosas e hijos\u201d.<\/p>\n<p class=\"com-paragraph   --s\">\u201cRescatar a Urraca no significa convertirla en una hero\u00edna feminista\u201d, afirma Del Priore. \u201cEl riesgo de anacronismo es real y debe evitarse\u201d, aconseja. Seg\u00fan ella, Urraca no gobernaba en nombre de un programa de emancipaci\u00f3n femenina, sino en nombre de la <strong>legitimidad din\u00e1stica y la preservaci\u00f3n del reino<\/strong>.<\/p>\n<p class=\"com-paragraph   --s\">La investigadora de la Universidad Federal de S\u00e3o Paulo, la historiadora Ma\u00edra Rosin, reconoce, en conversaci\u00f3n con BBC News Brasil, que rescatar su historia sirve para recordar \u201cque el poder en la \u00e9poca medieval no era exclusivamente masculino\u201d.<\/p>\n<p class=\"com-paragraph   --s\">\u201cNo se trata de atribuirle la idea de \u2018hero\u00edna\u2019 en el sentido contempor\u00e1neo. Sino de complejizar un poco la pol\u00edtica europea, mostrando que las mujeres no estaban fuera del contexto pol\u00edtico\u201d, destaca Rosin. Wisniewski afirma gtambi\u00e9n que la presencia de Urraca en la lista de monarcas europeos del siglo XII tiene una <strong>gran importancia hist\u00f3rica y simb\u00f3lica<\/strong>.<\/p>\n<p class=\"com-paragraph   --s\">\u201cAmpl\u00eda nuestra comprensi\u00f3n sobre qui\u00e9n pod\u00eda ejercer el poder en la Edad Media y de qu\u00e9 formas lo hac\u00eda\u201d, dice. Adem\u00e1s, la biograf\u00eda de la reina, por lo que sabemos, \u201cnos muestra que fue, de hecho, una mujer extremadamente en\u00e9rgica y una estratega notable, que asumi\u00f3 activamente la <strong>direcci\u00f3n de un reino en medio de complejas disputas din\u00e1sticas<\/strong>\u201d.<\/p>\n<section class=\"container-center-100 mb-40 border border-bottom border-thin border-neutral-light-700\">\n<hr\/>\n<\/section>\n<\/div>\n\n","protected":false},"excerpt":{"rendered":"<p>Vivi\u00f3 hace 900 a\u00f1os y la historia le reserv\u00f3 un lugar importante y pionero: se convirti\u00f3 en la primera mujer en gobernar un reino en Europa. Urraca I de Le\u00f3n y Galicia (1080-1126), conocida como Urraca la Temeraria, gobern\u00f3 esta importante regi\u00f3n ib\u00e9rica durante casi 17 a\u00f1os. Hija mayor de Alfonso VI (1047-1109), la noble [&hellip;]<\/p>\n","protected":false},"author":2,"featured_media":229198,"comment_status":"closed","ping_status":"closed","sticky":false,"template":"","format":"standard","meta":{"footnotes":""},"categories":[1],"tags":[],"class_list":["post-229197","post","type-post","status-publish","format-standard","has-post-thumbnail","hentry","category-uncategorized"],"_links":{"self":[{"href":"https:\/\/radioacuariofm.com.ar\/index.php?rest_route=\/wp\/v2\/posts\/229197","targetHints":{"allow":["GET"]}}],"collection":[{"href":"https:\/\/radioacuariofm.com.ar\/index.php?rest_route=\/wp\/v2\/posts"}],"about":[{"href":"https:\/\/radioacuariofm.com.ar\/index.php?rest_route=\/wp\/v2\/types\/post"}],"author":[{"embeddable":true,"href":"https:\/\/radioacuariofm.com.ar\/index.php?rest_route=\/wp\/v2\/users\/2"}],"replies":[{"embeddable":true,"href":"https:\/\/radioacuariofm.com.ar\/index.php?rest_route=%2Fwp%2Fv2%2Fcomments&post=229197"}],"version-history":[{"count":1,"href":"https:\/\/radioacuariofm.com.ar\/index.php?rest_route=\/wp\/v2\/posts\/229197\/revisions"}],"predecessor-version":[{"id":229199,"href":"https:\/\/radioacuariofm.com.ar\/index.php?rest_route=\/wp\/v2\/posts\/229197\/revisions\/229199"}],"wp:featuredmedia":[{"embeddable":true,"href":"https:\/\/radioacuariofm.com.ar\/index.php?rest_route=\/wp\/v2\/media\/229198"}],"wp:attachment":[{"href":"https:\/\/radioacuariofm.com.ar\/index.php?rest_route=%2Fwp%2Fv2%2Fmedia&parent=229197"}],"wp:term":[{"taxonomy":"category","embeddable":true,"href":"https:\/\/radioacuariofm.com.ar\/index.php?rest_route=%2Fwp%2Fv2%2Fcategories&post=229197"},{"taxonomy":"post_tag","embeddable":true,"href":"https:\/\/radioacuariofm.com.ar\/index.php?rest_route=%2Fwp%2Fv2%2Ftags&post=229197"}],"curies":[{"name":"wp","href":"https:\/\/api.w.org\/{rel}","templated":true}]}}