{"id":229191,"date":"2026-03-14T10:17:50","date_gmt":"2026-03-14T13:17:50","guid":{"rendered":"https:\/\/radioacuariofm.com.ar\/?p=229191"},"modified":"2026-03-14T10:17:52","modified_gmt":"2026-03-14T13:17:52","slug":"un-adolescente-de-15-anos-fue-asesinado-a-golpes-por-su-padre","status":"publish","type":"post","link":"https:\/\/radioacuariofm.com.ar\/?p=229191","title":{"rendered":"Un adolescente de 15 a\u00f1os fue asesinado a golpes por su padre"},"content":{"rendered":"<p> <br \/>\n<\/p>\n<div>\n<p class=\"com-paragraph   --s\"><strong>Un hombre de 36 a\u00f1os asesin\u00f3 a golpes a su hijo de 15 en <\/strong><a href=\"https:\/\/www.lanacion.com.ar\/politica\/la-instalacion-de-una-refineria-en-uruguay-abre-un-conflicto-por-su-impacto-ambiental-en-la-nid17022026\/\" target=\"_self\" title=\"https:\/\/www.lanacion.com.ar\/politica\/la-instalacion-de-una-refineria-en-uruguay-abre-un-conflicto-por-su-impacto-ambiental-en-la-nid17022026\/\" class=\"com-link break-word\" data-mrf-recirculation=\"n_link_parrafo\"><strong>Uruguay<\/strong><\/a><strong>, un crimen que gener\u00f3 conmoci\u00f3n en todo el pa\u00eds. <\/strong>El cuerpo de <strong>Jonathan Correa<\/strong> fue encontrado en una zanja en <strong>Montevideo <\/strong>el pasado 6 de marzo y la Polic\u00eda uruguaya detuvo a su padre, <strong>Jonathan Calero, <\/strong>quien hab\u00eda mantenido una discusi\u00f3n con la v\u00edctima y proporcionado una golpiza para luego descartar el cuerpo. <\/p>\n<p class=\"com-paragraph   --s\">El hallazgo se produjo el viernes de la semana pasada en el barrio <strong>Flor de Maro\u00f1as<\/strong>, seg\u00fan inform\u00f3 la Jefatura de la capital uruguaya. Cuando la Polic\u00eda lleg\u00f3 al lugar, el menor estaba ca\u00eddo en una cuneta, rodeado de familiares y vecinos que intentaban reanimarlo. <strong>Calero fue inmediatamente detenido. <\/strong><\/p>\n<p class=\"com-paragraph   --s\">En un principio, el caso estaba caratulado como <strong>\u201cmuerte dudosa\u201d, <\/strong>pero la investigaci\u00f3n basada en las pericias determin\u00f3 que hab\u00eda indicios que marcaban una fuerte que<strong> apuntaba a su padre. <\/strong>La Justicia reconstruy\u00f3 que Calero golpe\u00f3 a su hijo hasta matarlo y luego lo arroj\u00f3 en una cuneta para descartar el cuerpo. <\/p>\n<p class=\"com-paragraph   --s\">La autopsia determin\u00f3 que <strong>el menor de 15 a\u00f1os muri\u00f3 por m\u00faltiples golpes. <\/strong>Su progenitor, tras ser detenido por una orden del Juzgado de familia especializada, fue imputado por violencia dom\u00e9stica agravada y homicidio especialmente agravado, seg\u00fan public\u00f3 el medio uruguayo <a href=\"https:\/\/www.elpais.com.uy\/informacion\/policiales\/tantas-lesiones-que-no-se-pudo-constatar-donde-inicio-el-sangrado-concluyo-autopsia-del-menor-asesinado-por-su-padre\" target=\"_blank\" title=\"https:\/\/www.elpais.com.uy\/informacion\/policiales\/tantas-lesiones-que-no-se-pudo-constatar-donde-inicio-el-sangrado-concluyo-autopsia-del-menor-asesinado-por-su-padre\" class=\"com-link break-word\" data-mrf-recirculation=\"n_link_parrafo\" rel=\"nofollow\"><em>El Pa\u00eds<\/em><\/a>.<\/p>\n<p class=\"com-paragraph   --s\">De la autopsia, a la que accedi\u00f3 el portal uruguayo, surgi\u00f3 adem\u00e1s que la v\u00edctima fue golpeada con<strong> \u201cun cable o un cintur\u00f3n\u201d. <\/strong>La hermana (de nueve a\u00f1os) y la madre estaban en ese momento en otro dormitorio del domicilio donde vive la familia. <\/p>\n<p class=\"com-paragraph   --s\">La fiscal a cargo del caso, <strong>Sabrina Flores,<\/strong> relat\u00f3 durante la audiencia que el hombre de 36 a\u00f1os llevaba largo tiempo ejerciendo violencia f\u00edsica sobre su hijo. El jueves 5 de marzo por la noche, a ra\u00edz de una discusi\u00f3n entre ambos, Calero lo habr\u00eda golpeado con pu\u00f1os y patadas. <\/p>\n<p class=\"com-paragraph   --s\">La fiscal tambi\u00e9n asegur\u00f3 que luego de la golpiza, el agresor le dijo al adolescente que se fuera a dormir y \u00e9l hizo lo mismo. Durante la madrugada, seg\u00fan Flores, Calero se despert\u00f3, fue a donde estaba su hijo y vio que no ten\u00eda signos vitales, por lo que procedi\u00f3 a descartar su cuerpo en una cuneta. <\/p>\n<p class=\"com-paragraph   --s\">\u00ab<strong>Eran tantas las lesiones internas que no se pudo constatar d\u00f3nde hab\u00eda iniciado el sangrado<\/strong>\u201c, expres\u00f3 el equipo fiscal y describi\u00f3 que el cuerpo del menor estaba \u201cmorado\u201d a ra\u00edz de la violencia.<\/p>\n<p><iframe src=\"https:\/\/www.google.com\/maps\/embed?pb=!1m18!1m12!1m3!1d9260.751086962331!2d-56.126031024885336!3d-34.85195687794236!2m3!1f0!2f0!3f0!3m2!1i1024!2i768!4f13.1!3m3!1m2!1s0x959f80b01ae36e97%3A0x7e52f45ed1b71e22!2sPuntas%20de%20Soto%20%26%20Costanera%20Maestra%20Aurelia%20Viera%2C%2012100%20Montevideo%2C%20Departamento%20de%20Montevideo%2C%20Uruguay!5e0!3m2!1ses!2sar!4v1773491343700!5m2!1ses!2sar\" width=\"600\" height=\"450\" style=\"border:0;\" allowfullscreen=\"\" loading=\"lazy\" referrerpolicy=\"no-referrer-when-downgrade\"><\/iframe><\/p>\n<p class=\"com-paragraph   --s\">Horas despu\u00e9s del hecho, su madre comenz\u00f3 la b\u00fasqueda al notar que Correa no estaba. Su cuerpo fue encontrado por familiares en la calle Costanera Maestra Aurelia Viera y Puntas de Soto, en <strong>Flor de Maro\u00f1as<\/strong>, a pocos metros de su casa.<\/p>\n<p class=\"com-paragraph   --s\">Cuando las autoridades hicieron las primeras preguntas al acercarse al lugar, los padres indicaron que Calero lo <strong>\u201cpuso en penitencia\u201d<\/strong> por haberse quedado jugando a su computadora y que se fue de la casa por sus propios medios. El agresor declar\u00f3 que era posible que su hijo \u201c<strong>se hubiese ca\u00eddo por un puentecito\u201d <\/strong>que est\u00e1 sobre la cuneta. Fue ah\u00ed que la Polic\u00eda empez\u00f3 a sospechar.<\/p>\n<p class=\"com-paragraph   --s\">El rol de la <strong>madre <\/strong>en el hecho todav\u00eda est\u00e1 bajo <strong>investigaci\u00f3n<\/strong>, aunque la fiscal sospecha que tambi\u00e9n podr\u00eda haber sido v\u00edctima de violencia dom\u00e9stica. <\/p>\n<p class=\"com-paragraph   --s\"><strong>Calero tiene prisi\u00f3n preventiva hasta el 3 de septiembre<\/strong>, pero su defensa solicit\u00f3 una pericia psiqui\u00e1trica para determinar si es imputable. <\/p>\n<p class=\"com-paragraph   --s\">Seg\u00fan public\u00f3 <a href=\"https:\/\/www.elpais.com.uy\/informacion\/policiales\/tantas-lesiones-que-no-se-pudo-constatar-donde-inicio-el-sangrado-concluyo-autopsia-del-menor-asesinado-por-su-padre\" target=\"_blank\" title=\"https:\/\/www.elpais.com.uy\/informacion\/policiales\/tantas-lesiones-que-no-se-pudo-constatar-donde-inicio-el-sangrado-concluyo-autopsia-del-menor-asesinado-por-su-padre\" class=\"com-link break-word\" data-mrf-recirculation=\"n_link_parrafo\" rel=\"nofollow\"><em>El Pa\u00eds<\/em><\/a>, la instituci\u00f3n educativa donde asist\u00eda Correa hab\u00eda hecho m\u00e1s de <strong>10 denuncias por violencia dom\u00e9stica<\/strong> hacia la familia, pero la Justicia no dict\u00f3 medidas al respecto a tiempo. La madre del menor declar\u00f3 en aquel entonces que las heridas que ten\u00eda su hijo eran producto de jugar al <strong>f\u00fatbol<\/strong>.<\/p>\n<p class=\"com-paragraph   --s\">En medio de la conmoci\u00f3n en el pa\u00eds por el brutal crimen, el presidente de Uruguay, <strong>Yamand\u00fa Orsi<\/strong>, calific\u00f3 el hecho como <strong>\u201cespantoso\u201d y \u201cterrible\u201d.<\/strong><\/p>\n<p class=\"com-paragraph   --s\">\u201cEn primer lugar, la muerte de un ni\u00f1o nos parte el coraz\u00f3n, de esa forma adem\u00e1s, una muerte violenta. En segundo lugar, la vida de esos ni\u00f1os es otro dolor, otro golpe que recibimos. Cuando hay un desenlace de ese tipo<strong> lo m\u00e1s probable es que haya habido una historia tan terrible como real\u201d,<\/strong> indic\u00f3 el mandatario el jueves.<\/p>\n<div class=\"content-media\">\n<section role=\"button\" class=\"mod-media   \">\n<figure role=\"button\" tabindex=\"0\" class=\"mod-figure \"><figcaption class=\"mod-figcaption\"><span class=\"com-text --caption --twoxs\">El presidente de Uruguay, Yamand\u00fa Orsi<br \/>\n(AP\/Esteban Felix)<\/span><span class=\"com-text --credit --twoxs\">Esteban Felix  &#8211; AP <\/span><\/figcaption><\/figure>\n<\/section>\n<\/div>\n<p class=\"com-paragraph   --s\">Admiti\u00f3, en tanto, que <strong>\u201cel Estado no pudo resolverlo a tiempo\u201d <\/strong>y marc\u00f3 que se revisar\u00e1n los procedimientos existentes para estos casos. \u201cAc\u00e1 se est\u00e1 investigando, por parte de distintos organismos del Estado, cu\u00e1les fueron los errores o la omisi\u00f3n. <strong>La Justicia est\u00e1 haciendo su trabajo. Revisaremos algunos protocolos\u00bb, <\/strong>a\u00f1adi\u00f3. <\/p>\n<section class=\"container-center-100 mb-40 border border-bottom border-thin border-neutral-light-700\">\n<hr\/>\n<\/section>\n<\/div>\n\n","protected":false},"excerpt":{"rendered":"<p>Un hombre de 36 a\u00f1os asesin\u00f3 a golpes a su hijo de 15 en Uruguay, un crimen que gener\u00f3 conmoci\u00f3n en todo el pa\u00eds. El cuerpo de Jonathan Correa fue encontrado en una zanja en Montevideo el pasado 6 de marzo y la Polic\u00eda uruguaya detuvo a su padre, Jonathan Calero, quien hab\u00eda mantenido una [&hellip;]<\/p>\n","protected":false},"author":2,"featured_media":229192,"comment_status":"closed","ping_status":"closed","sticky":false,"template":"","format":"standard","meta":{"footnotes":""},"categories":[1],"tags":[],"class_list":["post-229191","post","type-post","status-publish","format-standard","has-post-thumbnail","hentry","category-uncategorized"],"_links":{"self":[{"href":"https:\/\/radioacuariofm.com.ar\/index.php?rest_route=\/wp\/v2\/posts\/229191","targetHints":{"allow":["GET"]}}],"collection":[{"href":"https:\/\/radioacuariofm.com.ar\/index.php?rest_route=\/wp\/v2\/posts"}],"about":[{"href":"https:\/\/radioacuariofm.com.ar\/index.php?rest_route=\/wp\/v2\/types\/post"}],"author":[{"embeddable":true,"href":"https:\/\/radioacuariofm.com.ar\/index.php?rest_route=\/wp\/v2\/users\/2"}],"replies":[{"embeddable":true,"href":"https:\/\/radioacuariofm.com.ar\/index.php?rest_route=%2Fwp%2Fv2%2Fcomments&post=229191"}],"version-history":[{"count":1,"href":"https:\/\/radioacuariofm.com.ar\/index.php?rest_route=\/wp\/v2\/posts\/229191\/revisions"}],"predecessor-version":[{"id":229193,"href":"https:\/\/radioacuariofm.com.ar\/index.php?rest_route=\/wp\/v2\/posts\/229191\/revisions\/229193"}],"wp:featuredmedia":[{"embeddable":true,"href":"https:\/\/radioacuariofm.com.ar\/index.php?rest_route=\/wp\/v2\/media\/229192"}],"wp:attachment":[{"href":"https:\/\/radioacuariofm.com.ar\/index.php?rest_route=%2Fwp%2Fv2%2Fmedia&parent=229191"}],"wp:term":[{"taxonomy":"category","embeddable":true,"href":"https:\/\/radioacuariofm.com.ar\/index.php?rest_route=%2Fwp%2Fv2%2Fcategories&post=229191"},{"taxonomy":"post_tag","embeddable":true,"href":"https:\/\/radioacuariofm.com.ar\/index.php?rest_route=%2Fwp%2Fv2%2Ftags&post=229191"}],"curies":[{"name":"wp","href":"https:\/\/api.w.org\/{rel}","templated":true}]}}