{"id":229185,"date":"2026-03-14T08:42:52","date_gmt":"2026-03-14T11:42:52","guid":{"rendered":"https:\/\/radioacuariofm.com.ar\/?p=229185"},"modified":"2026-03-14T08:42:53","modified_gmt":"2026-03-14T11:42:53","slug":"el-teatro-del-bicentenario-convoca-a-bailarines-para-mujeres-argentinas","status":"publish","type":"post","link":"https:\/\/radioacuariofm.com.ar\/?p=229185","title":{"rendered":"El Teatro del Bicentenario convoca a bailarines para \u201cMujeres Argentinas\u201d"},"content":{"rendered":"<p><\/p>\n<div>\n<p><span class=\"s1\">En el marco de las actividades de conmemoraci\u00f3n del<strong> D\u00eda Internacional de la Danza<\/strong>, el <strong>Teatro del Bicentenario<\/strong>, dependiente del Ministerio de Turismo, Cultura y Deporte, abre la convocatoria a bailarines\/as para integrar el elenco de la emblem\u00e1tica producci\u00f3n \u201cMujeres Argentinas\u201d. Una propuesta esc\u00e9nica que re\u00fane m\u00fasica y danza con una fuerte identidad cultural.<\/span><\/p>\n<p class=\"p2\"><span class=\"s1\">La convocatoria est\u00e1 dirigida a bailarines\/as mayores de 18 a\u00f1os con formaci\u00f3n en danza contempor\u00e1nea y conocimientos folcl\u00f3ricos. Los seleccionados integrar\u00e1n el elenco de esta destacada producci\u00f3n del Teatro del Bicentenario con funciones en abril y mayo.<\/span><\/p>\n<p class=\"p2\"><span class=\"s1\">La inscripci\u00f3n estar\u00e1 disponible hasta el d\u00eda 23 de marzo a las 12 h. La audici\u00f3n presencial se realizar\u00e1 el 25 de marzo, a partir de las 17 h en horarios a confirmar, seg\u00fan orden de inscripci\u00f3n.<\/span><\/p>\n<p class=\"p2\"> <span class=\"s1\">\u201cMujeres Argentinas\u201d, notable obra creada por Ariel Ram\u00edrez y F\u00e9lix Luna, es una producci\u00f3n original realizada por el Teatro del Bicentenario, bajo la direcci\u00f3n coreogr\u00e1fica de Alexis Mirenda y Jorge V\u00e1squez y la mirada art\u00edstica de Victoria Balanza. <\/span><\/p>\n<p class=\"p1\"><span class=\"s1\">La puesta se completa con la interpretaci\u00f3n musical de La Camerata, junto a un elenco de artistas sanjuaninos, y un desarrollo audiovisual que digitaliza las obras del reconocido artista pl\u00e1stico Carlos G\u00f3mez Centuri\u00f3n.<\/span><\/p>\n<p class=\"p2\"><span class=\"s1\">La obra convoca a m\u00e1s de 60 artistas y profesionales sanjuaninos, y propone un recorrido esc\u00e9nico que celebra la identidad, la memoria y el rol de la mujer en la historia argentina.<\/span><\/p>\n<p class=\"p2\"><span class=\"s1\"><strong>Los requisitos para la inscripci\u00f3n son:<\/strong> ser mayor de 18 a\u00f1os, contar con s\u00f3lida t\u00e9cnica en danza contempor\u00e1nea, tener conocimientos en danzas folcl\u00f3ricas (no excluyente), aprender el material coreogr\u00e1fico, disponible en nuestra web, completar el formulario de inscripci\u00f3n disponible en p\u00e1gina web el Teatro, asistir a la audici\u00f3n con ropa al cuerpo, descalzos y con pa\u00f1uelo y contar con disponibilidad para ensayos de lunes a viernes de 15:30 a 19:30 h y los s\u00e1bados de 10:00 a 15:00 h, a partir del d\u00eda 6 de abril, sujeto a plan de ensayos y funciones.<\/span><\/p>\n<p class=\"p2\"><span class=\"s1\">Las personas interesadas deber\u00e1n completar el formulario disponible en el sitio web del Teatro:<a href=\"https:\/\/www.teatrodelbicentenariosanjuan.org\/\"> www.teatrodelbicentenariosanjuan.org<\/a> . Para consultas contactarse con: <span id=\"cloakf053e204091a1b78b1e0245c301149b0\">Esta direcci\u00f3n de correo electr\u00f3nico est\u00e1 siendo protegida contra los robots de spam. Necesita tener JavaScript habilitado para poder verlo.<\/span><\/span><\/p>\n<\/p><\/div>\n<p><script async defer crossorigin=\"anonymous\" src=\"https:\/\/connect.facebook.net\/es_ES\/sdk.js#xfbml=1&#038;version=v3.3\"><\/script><\/p>\n","protected":false},"excerpt":{"rendered":"<p>En el marco de las actividades de conmemoraci\u00f3n del D\u00eda Internacional de la Danza, el Teatro del Bicentenario, dependiente del Ministerio de Turismo, Cultura y Deporte, abre la convocatoria a bailarines\/as para integrar el elenco de la emblem\u00e1tica producci\u00f3n \u201cMujeres Argentinas\u201d. Una propuesta esc\u00e9nica que re\u00fane m\u00fasica y danza con una fuerte identidad cultural. La [&hellip;]<\/p>\n","protected":false},"author":2,"featured_media":229186,"comment_status":"closed","ping_status":"closed","sticky":false,"template":"","format":"standard","meta":{"footnotes":""},"categories":[27],"tags":[],"class_list":["post-229185","post","type-post","status-publish","format-standard","has-post-thumbnail","hentry","category-san-juan"],"_links":{"self":[{"href":"https:\/\/radioacuariofm.com.ar\/index.php?rest_route=\/wp\/v2\/posts\/229185","targetHints":{"allow":["GET"]}}],"collection":[{"href":"https:\/\/radioacuariofm.com.ar\/index.php?rest_route=\/wp\/v2\/posts"}],"about":[{"href":"https:\/\/radioacuariofm.com.ar\/index.php?rest_route=\/wp\/v2\/types\/post"}],"author":[{"embeddable":true,"href":"https:\/\/radioacuariofm.com.ar\/index.php?rest_route=\/wp\/v2\/users\/2"}],"replies":[{"embeddable":true,"href":"https:\/\/radioacuariofm.com.ar\/index.php?rest_route=%2Fwp%2Fv2%2Fcomments&post=229185"}],"version-history":[{"count":1,"href":"https:\/\/radioacuariofm.com.ar\/index.php?rest_route=\/wp\/v2\/posts\/229185\/revisions"}],"predecessor-version":[{"id":229187,"href":"https:\/\/radioacuariofm.com.ar\/index.php?rest_route=\/wp\/v2\/posts\/229185\/revisions\/229187"}],"wp:featuredmedia":[{"embeddable":true,"href":"https:\/\/radioacuariofm.com.ar\/index.php?rest_route=\/wp\/v2\/media\/229186"}],"wp:attachment":[{"href":"https:\/\/radioacuariofm.com.ar\/index.php?rest_route=%2Fwp%2Fv2%2Fmedia&parent=229185"}],"wp:term":[{"taxonomy":"category","embeddable":true,"href":"https:\/\/radioacuariofm.com.ar\/index.php?rest_route=%2Fwp%2Fv2%2Fcategories&post=229185"},{"taxonomy":"post_tag","embeddable":true,"href":"https:\/\/radioacuariofm.com.ar\/index.php?rest_route=%2Fwp%2Fv2%2Ftags&post=229185"}],"curies":[{"name":"wp","href":"https:\/\/api.w.org\/{rel}","templated":true}]}}