{"id":229180,"date":"2026-03-14T08:16:00","date_gmt":"2026-03-14T11:16:00","guid":{"rendered":"https:\/\/radioacuariofm.com.ar\/?p=229180"},"modified":"2026-03-14T08:16:00","modified_gmt":"2026-03-14T11:16:00","slug":"un-analista-internacional-anticipo-como-terminara-la-guerra-en-medio-oriente","status":"publish","type":"post","link":"https:\/\/radioacuariofm.com.ar\/?p=229180","title":{"rendered":"Un analista internacional anticip\u00f3 c\u00f3mo terminar\u00e1 la guerra en Medio Oriente"},"content":{"rendered":"<p> <br \/>\n<\/p>\n<div>\n<p class=\"com-paragraph  --capital --s\">En el <strong>decimoquinto d\u00eda de <\/strong><a href=\"https:\/\/www.lanacion.com.ar\/el-mundo\/ataque-de-eeuu-un-analista-internacional-sembro-dudas-sobre-el-poder-del-nuevo-lider-de-iran-y-las-nid13032026\/\" target=\"_self\" title=\"https:\/\/www.lanacion.com.ar\/el-mundo\/ataque-de-eeuu-un-analista-internacional-sembro-dudas-sobre-el-poder-del-nuevo-lider-de-iran-y-las-nid13032026\/\" class=\"com-link break-word\" data-mrf-recirculation=\"n_link_parrafo\"><strong>guerra en Medio Oriente<\/strong><\/a>, el analista internacional <strong>Juan Negri <\/strong>explic\u00f3 en detalle d\u00f3nde estuvo el<strong> foco cr\u00edtico <\/strong>de los \u00faltimos d\u00edas, se refiri\u00f3 a la <strong>duraci\u00f3n del conflicto b\u00e9lico <\/strong>y c\u00f3mo <strong>impactar\u00e1 su finalizaci\u00f3n en el r\u00e9gimen iran\u00ed<\/strong>. <\/p>\n<p class=\"com-paragraph   --s\">En una entrevista con<em> LN+<\/em>, el especialista asegur\u00f3 que<strong> Ir\u00e1n est\u00e1 en \u201cmodo supervivencia\u201d <\/strong>para demostrar las consecuencias del ataque en el mundo. Sostuvo, en tanto, que la principal es <strong>energ\u00e9tica<\/strong>.<\/p>\n<p class=\"com-paragraph   --s\"><strong>\u201cEstados Unidos ha tenido que liberar las sanciones con Rusia para bajar el precio del petr\u00f3leo\u201d<\/strong>, indic\u00f3 el analista, al tiempo que fundament\u00f3: <strong>\u201cIr\u00e1n est\u00e1 dispuesto a atacar a quienes pasen por el estrecho de Ormuz\u201d<\/strong>.<\/p>\n<div class=\"content-media cursor-pointer container-center-100\">\n<section class=\"media-container relative ratio-16-9 mod-media pb-32\">\n<figure class=\"mod-video\">\n<div class=\"video-player bg-black ratio-16-9\" data-has-jwplayer=\"true\" data-video-id-jw=\"4zyx91vf\" data-config=\"{&quot;title&quot;:&quot;Juan Negri, analista politico&quot;,&quot;mediaId&quot;:&quot;4zyx91vf&quot;,&quot;playerId&quot;:&quot;ih0086X3&quot;,&quot;playlist&quot;:[{&quot;mediaid&quot;:&quot;4zyx91vf&quot;,&quot;sources&quot;:[{&quot;file&quot;:&quot;https:\/\/cdn.jwplayer.com\/manifests\/4zyx91vf.m3u8&quot;,&quot;type&quot;:&quot;application\/vnd.apple.mpegurl&quot;},{&quot;bitrate&quot;:362586,&quot;file&quot;:&quot;https:\/\/cdn.jwplayer.com\/videos\/4zyx91vf-kTExGaWf.mp4&quot;,&quot;filesize&quot;:44462189,&quot;framerate&quot;:25,&quot;height&quot;:180,&quot;label&quot;:&quot;180p&quot;,&quot;type&quot;:&quot;video\/mp4&quot;,&quot;width&quot;:320},{&quot;bitrate&quot;:554906,&quot;file&quot;:&quot;https:\/\/cdn.jwplayer.com\/videos\/4zyx91vf-K8B0kybS.mp4&quot;,&quot;filesize&quot;:68045446,&quot;framerate&quot;:25,&quot;height&quot;:270,&quot;label&quot;:&quot;270p&quot;,&quot;type&quot;:&quot;video\/mp4&quot;,&quot;width&quot;:480},{&quot;bitrate&quot;:1455336,&quot;file&quot;:&quot;https:\/\/cdn.jwplayer.com\/videos\/4zyx91vf-46NIuRKO.mp4&quot;,&quot;filesize&quot;:178460621,&quot;framerate&quot;:25,&quot;height&quot;:720,&quot;label&quot;:&quot;720p&quot;,&quot;type&quot;:&quot;video\/mp4&quot;,&quot;width&quot;:1280},{&quot;bitrate&quot;:113432,&quot;file&quot;:&quot;https:\/\/cdn.jwplayer.com\/videos\/4zyx91vf-hz5z2Tv4.m4a&quot;,&quot;filesize&quot;:13909618,&quot;label&quot;:&quot;AAC Audio&quot;,&quot;type&quot;:&quot;audio\/mp4&quot;},{&quot;bitrate&quot;:2866306,&quot;file&quot;:&quot;https:\/\/cdn.jwplayer.com\/videos\/4zyx91vf-SomplJdm.mp4&quot;,&quot;filesize&quot;:351480799,&quot;framerate&quot;:25,&quot;height&quot;:1080,&quot;label&quot;:&quot;1080p&quot;,&quot;type&quot;:&quot;video\/mp4&quot;,&quot;width&quot;:1920},{&quot;bitrate&quot;:621243,&quot;file&quot;:&quot;https:\/\/cdn.jwplayer.com\/videos\/4zyx91vf-FnZGUVnC.mp4&quot;,&quot;filesize&quot;:76179997,&quot;framerate&quot;:25,&quot;height&quot;:360,&quot;label&quot;:&quot;360p&quot;,&quot;type&quot;:&quot;video\/mp4&quot;,&quot;width&quot;:640},{&quot;bitrate&quot;:959987,&quot;file&quot;:&quot;https:\/\/cdn.jwplayer.com\/videos\/4zyx91vf-0G6Pwvlw.mp4&quot;,&quot;filesize&quot;:117718421,&quot;framerate&quot;:25,&quot;height&quot;:540,&quot;label&quot;:&quot;540p&quot;,&quot;type&quot;:&quot;video\/mp4&quot;,&quot;width&quot;:960}]}],&quot;hasAutoplay&quot;:false,&quot;autostart&quot;:true,&quot;tagsUrl&quot;:&quot;https:\/\/pubads.g.doubleclick.net\/gampad\/ads?slotname=\/133919216\/la_nacion_video\/nota\/preroll&amp;sz=640x480|400x300&amp;ciu_szs=300x250&amp;unviewed_position_start=1&amp;output=vast&amp;impl=s&amp;env=vp&amp;gdfp_req=1&amp;ad_rule=0&amp;vad_type=linear&amp;vpos=preroll&amp;cust_params=tags_nuevos%3Dte_guerra_en_medio_oriente%2Cte_iran%2Cte_israel%2Cte_estados_unidos%2Cte_donald_trump%2Cte_donald_trump__presidente_de_ee_uu_%2Cte_ln_%2Cte_audiencia%2Cca_el_mundo%2Cca_ln_%2C%2CAOLSJCHGRZFONBJALDNJSDQ5C4&amp;pod=3&amp;ppos=1&amp;lip=true&amp;min_ad_duration=0&amp;max_ad_duration=30000&amp;vrid=6256&amp;url=https%3A%2F%2Fwww.lanacion.com.ar%2Fel-mundo%2Fun-analista-internacional-anticipo-como-terminara-la-guerra-en-medio-oriente-sin-cambio-de-regimen-nid14032026%2F%3Futm_term%3DAutofeed%26utm_medium%3DEchobox%26variant%3DA%26utm_source%3DFacebook%26fbclid%3DIwZXh0bgNhZW0CMTEAc3J0YwZhcHBfaWQKNjYyODU2ODM3OQABHh072a-lRQpCtukcLncfITKcpzrwMQTwiRpJD9nT962opBBMTFaQKxK2hfLg_aem_zeAk4c_eCZoqVxeVgP8N4w&amp;description_url=https%3A%2F%2Fwww.lanacion.com.ar%2Fel-mundo%2Fun-analista-internacional-anticipo-como-terminara-la-guerra-en-medio-oriente-sin-cambio-de-regimen-nid14032026%2F%3Futm_term%3DAutofeed%26utm_medium%3DEchobox%26variant%3DA%26utm_source%3DFacebook%26fbclid%3DIwZXh0bgNhZW0CMTEAc3J0YwZhcHBfaWQKNjYyODU2ODM3OQABHh072a-lRQpCtukcLncfITKcpzrwMQTwiRpJD9nT962opBBMTFaQKxK2hfLg_aem_zeAk4c_eCZoqVxeVgP8N4w&amp;video_doc_id=short_onecue&amp;cmsid=496&amp;kfa=0&amp;tfcd=0&amp;correlator=1773486646689&quot;,&quot;arcSite&quot;:&quot;la-nacion-ar&quot;}\">\n<div id=\"facade-4zyx91vf\" class=\"content-facade-jw relative bg-black ratio-16-9\"><picture><source media=\"(max-width: 767px)\" srcset=\"https:\/\/resizer.glanacion.com\/resizer\/v2\/https%3A%2F%2Fcdn.jwplayer.com%2Fv2%2Fmedia%2F4zyx91vf%2Fposter.jpg%3Fwidth%3D720?auth=396fec6a7155df9613d98529a7d3188144d0283027fb2caad816745088e8fa14&amp;width=480&amp;quality=70&amp;smart=false\"\/><\/picture><\/div>\n<\/div><figcaption class=\"border border-1 border-bottom border-light-300 relative px-16 py-8 min-h-36 w-100_md px-0_l mb-8 bg-white\"><span class=\"text ln-text text-16 block\">Juan Negri, analista politico<\/span><\/figcaption><\/figure>\n<\/section>\n<\/div>\n<p class=\"com-paragraph   --s\">Negri se\u00f1al\u00f3 que <strong>el r\u00e9gimen iran\u00ed se est\u00e1 desgastando y terminar\u00e1 \u201cdevastado\u201d <\/strong>tras resistir la guerra contra Estados Unidos e Israel.<\/p>\n<p class=\"com-paragraph   --s\"><strong>\u201cEstados Unidos puede perder mucho, pero no creo que Ir\u00e1n gane\u201d<\/strong>,<strong> <\/strong>plante\u00f3, al tiempo que insisti\u00f3:<strong> \u201cCreo que va a haber un acuerdo entre Ir\u00e1n y Estados Unidos sin cambio de r\u00e9gimen\u201d<\/strong>. <\/p>\n<p class=\"com-paragraph   --s\">Consultado acerca de qui\u00e9n mediar\u00eda en el acuerdo entre Washington y Teher\u00e1n, sugiri\u00f3: <strong>\u201cAlguna monarqu\u00eda del Golfo, Om\u00e1n, que ya ha servido como puente diplom\u00e1tico\u201d<\/strong>.<\/p>\n<div class=\"content-media\">\n<section role=\"button\" class=\"mod-media   \">\n<figure role=\"button\" tabindex=\"0\" class=\"mod-figure \"><figcaption class=\"mod-figcaption\"><span class=\"com-text --caption --twoxs\">Una mujer se sienta sobre los escombros frente a un edificio residencial da\u00f1ado el domingo durante la campa\u00f1a a\u00e9rea de Estados Unidos e Israel en Teher\u00e1n, Ir\u00e1n <\/span><span class=\"com-text --credit --twoxs\">Vahid Salemi &#8211; AP<\/span><\/figcaption><\/figure>\n<\/section>\n<\/div>\n<p class=\"com-paragraph   --s\">Seg\u00fan Negri, estamos en un escenario en que la guerra va a durar m\u00e1s de lo que Estados Unidos esperaba. En ese marco, argument\u00f3: <strong>\u201cNo creo que Ir\u00e1n tenga mucho carretel para resistir a la principal potencia del mundo\u201d<\/strong>.<\/p>\n<p class=\"com-paragraph   --s\">Y continu\u00f3: \u201cEsto, en alg\u00fan momento, se va a terminar e <strong>Ir\u00e1n va a quedar muy debilitado militar y econ\u00f3micamente<\/strong>. Un pa\u00eds devastado es un problema para Medio Oriente porque gener\u00e1s un pa\u00eds con fan\u00e1ticos, antioccidental\u201d.<\/p>\n<p class=\"com-paragraph   --s\">El analista explic\u00f3 que la situaci\u00f3n \u201cenoja mucho al mundo \u00e1rabe\u201d: <strong>\u201cBuena parte de los movimientos terroristas que conocemos, desde Al Qaeda a Hamas, tuvieron su origen en resentimiento con occidente<\/strong>. Esto va a desequilibrar la regi\u00f3n o, al menos, tiene en potencial de hacerlo\u201d, advirti\u00f3.<\/p>\n<section class=\"container-center-100 mb-40 border border-bottom border-thin border-neutral-light-700\">\n<hr\/>\n<\/section>\n<\/div>\n\n","protected":false},"excerpt":{"rendered":"<p>En el decimoquinto d\u00eda de guerra en Medio Oriente, el analista internacional Juan Negri explic\u00f3 en detalle d\u00f3nde estuvo el foco cr\u00edtico de los \u00faltimos d\u00edas, se refiri\u00f3 a la duraci\u00f3n del conflicto b\u00e9lico y c\u00f3mo impactar\u00e1 su finalizaci\u00f3n en el r\u00e9gimen iran\u00ed. En una entrevista con LN+, el especialista asegur\u00f3 que Ir\u00e1n est\u00e1 en [&hellip;]<\/p>\n","protected":false},"author":2,"featured_media":228513,"comment_status":"closed","ping_status":"closed","sticky":false,"template":"","format":"standard","meta":{"footnotes":""},"categories":[1],"tags":[],"class_list":["post-229180","post","type-post","status-publish","format-standard","has-post-thumbnail","hentry","category-uncategorized"],"_links":{"self":[{"href":"https:\/\/radioacuariofm.com.ar\/index.php?rest_route=\/wp\/v2\/posts\/229180","targetHints":{"allow":["GET"]}}],"collection":[{"href":"https:\/\/radioacuariofm.com.ar\/index.php?rest_route=\/wp\/v2\/posts"}],"about":[{"href":"https:\/\/radioacuariofm.com.ar\/index.php?rest_route=\/wp\/v2\/types\/post"}],"author":[{"embeddable":true,"href":"https:\/\/radioacuariofm.com.ar\/index.php?rest_route=\/wp\/v2\/users\/2"}],"replies":[{"embeddable":true,"href":"https:\/\/radioacuariofm.com.ar\/index.php?rest_route=%2Fwp%2Fv2%2Fcomments&post=229180"}],"version-history":[{"count":1,"href":"https:\/\/radioacuariofm.com.ar\/index.php?rest_route=\/wp\/v2\/posts\/229180\/revisions"}],"predecessor-version":[{"id":229181,"href":"https:\/\/radioacuariofm.com.ar\/index.php?rest_route=\/wp\/v2\/posts\/229180\/revisions\/229181"}],"wp:featuredmedia":[{"embeddable":true,"href":"https:\/\/radioacuariofm.com.ar\/index.php?rest_route=\/wp\/v2\/media\/228513"}],"wp:attachment":[{"href":"https:\/\/radioacuariofm.com.ar\/index.php?rest_route=%2Fwp%2Fv2%2Fmedia&parent=229180"}],"wp:term":[{"taxonomy":"category","embeddable":true,"href":"https:\/\/radioacuariofm.com.ar\/index.php?rest_route=%2Fwp%2Fv2%2Fcategories&post=229180"},{"taxonomy":"post_tag","embeddable":true,"href":"https:\/\/radioacuariofm.com.ar\/index.php?rest_route=%2Fwp%2Fv2%2Ftags&post=229180"}],"curies":[{"name":"wp","href":"https:\/\/api.w.org\/{rel}","templated":true}]}}