{"id":229174,"date":"2026-03-14T07:14:44","date_gmt":"2026-03-14T10:14:44","guid":{"rendered":"https:\/\/radioacuariofm.com.ar\/?p=229174"},"modified":"2026-03-14T07:14:45","modified_gmt":"2026-03-14T10:14:45","slug":"el-rapero-que-fue-elegido-para-gobernar-un-pais-sacudido-por-la-revolucion-de-la-generacion-z","status":"publish","type":"post","link":"https:\/\/radioacuariofm.com.ar\/?p=229174","title":{"rendered":"El rapero que fue elegido para gobernar un pa\u00eds sacudido por la revoluci\u00f3n de la Generaci\u00f3n Z"},"content":{"rendered":"<p> <br \/>\n<\/p>\n<div>\n<p class=\"com-paragraph  --capital --s\">KATMAND\u00da.\u2013 Hace apenas unos a\u00f1os, en Nepal ser rapero no era precisamente un motivo de prestigio. Hoy, <strong>un rapero est\u00e1 a punto de gobernar el pa\u00eds.<\/strong><\/p>\n<p class=\"com-paragraph   --s\">A sus 35 a\u00f1os,<strong> Balendra Shah<\/strong>, conocido popularmente como Balen, se convirti\u00f3 en el nuevo protagonista de la pol\u00edtica nepal\u00ed. <\/p>\n<p class=\"com-paragraph   --s\">Ingeniero de formaci\u00f3n, exrapero y hasta hace poco <strong>alcalde de Katmand\u00fa (la capital), <\/strong>emerge ahora como la figura que encarna el cambio surgido tras <a href=\"https:\/\/www.lanacion.com.ar\/el-mundo\/nepal-peru-marruecos-madagascar-asi-funciona-la-rebelion-joven-que-voltea-presidentes-con-la-bandera-nid06112025\/\" target=\"_self\" title=\"https:\/\/www.lanacion.com.ar\/el-mundo\/nepal-peru-marruecos-madagascar-asi-funciona-la-rebelion-joven-que-voltea-presidentes-con-la-bandera-nid06112025\/\" class=\"com-link break-word\" data-mrf-recirculation=\"n_link_parrafo\">una ola de protestas juveniles<\/a> que sacudi\u00f3 al paradis\u00edaco pa\u00eds del Himalaya.<\/p>\n<div class=\"content-media\">\n<section role=\"button\" class=\"mod-media   \">\n<figure role=\"button\" tabindex=\"0\" class=\"mod-figure \"><figcaption class=\"mod-figcaption\"><span class=\"com-text --caption --twoxs\">Balendra Shah, en primer plano, exalcalde de la Ciudad Metropolitana de Katmand\u00fa y nuevo primer ministro por el Partido Rastriya Swatantra, recibe su certificado de victoria tras derrotar al exprimer ministro Khadga Prasad Oli, del Partido Comunista de Nepal-Marxista-Leninista Unificado (CPN-UML)<\/span><span class=\"com-text --credit --twoxs\">Niranjan Shrestha &#8211; AP<\/span><\/figcaption><\/figure>\n<\/section>\n<\/div>\n<p class=\"com-paragraph   --s\">Su ascenso no puede entenderse sin ese contexto. Hace menos de un a\u00f1o, miles de j\u00f3venes salieron a las calles contra lo que consideraban un sistema pol\u00edtico corro\u00eddo por la corrupci\u00f3n, el nepotismo y la desconexi\u00f3n con la realidad social.<a href=\"https:\/\/www.lanacion.com.ar\/el-mundo\/una-marcha-de-la-generacion-z-en-mexico-se-vuelve-una-violenta-protesta-contra-sheinbaum-nid15112025\/\" target=\"_self\" title=\"https:\/\/www.lanacion.com.ar\/el-mundo\/una-marcha-de-la-generacion-z-en-mexico-se-vuelve-una-violenta-protesta-contra-sheinbaum-nid15112025\/\" class=\"com-link break-word\" data-mrf-recirculation=\"n_link_parrafo\"> Las manifestaciones,<\/a> impulsadas sobre todo por la <strong>Generaci\u00f3n Z<\/strong> y organizadas a trav\u00e9s de redes sociales, terminaron provocando<strong> la ca\u00edda del gobierno.<\/strong><\/p>\n<p class=\"com-paragraph   --s\">Aquellas protestas formaron parte de <a href=\"https:\/\/www.lanacion.com.ar\/el-mundo\/del-estallido-en-chile-a-la-generacion-z-prender-la-chispa-es-la-parte-facil-de-las-revoluciones-nid15112025\/\" target=\"_self\" title=\"https:\/\/www.lanacion.com.ar\/el-mundo\/del-estallido-en-chile-a-la-generacion-z-prender-la-chispa-es-la-parte-facil-de-las-revoluciones-nid15112025\/\" class=\"com-link break-word\" data-mrf-recirculation=\"n_link_parrafo\">un fen\u00f3meno m\u00e1s amplio que se replic\u00f3 en varios pa\u00edses. <\/a>En Nepal, el detonante fue el intento del gobierno de bloquear redes sociales, una medida que muchos j\u00f3venes interpretaron como un intento de silenciar las cr\u00edticas a los llamados <strong>\u201cnepo kids\u201d, <\/strong>los hijos privilegiados de la \u00e9lite pol\u00edtica.<\/p>\n<div class=\"content-media\">\n<section role=\"button\" class=\"mod-media   \">\n<figure role=\"button\" tabindex=\"0\" class=\"mod-figure \"><figcaption class=\"mod-figcaption\"><span class=\"com-text --caption --twoxs\">Polic\u00edas llevan las urnas a un veh\u00edculo que las llevar\u00e1 a un centro de conteo tras el cierre de un centro de votaci\u00f3n para las elecciones parlamentarias, en Katmand\u00fa, Nepal<\/span><span class=\"com-text --credit --twoxs\">Niranjan Shrestha &#8211; AP<\/span><\/figcaption><\/figure>\n<\/section>\n<\/div>\n<p class=\"com-paragraph   --s\">La represi\u00f3n fue brutal. M\u00e1s de veinte manifestantes murieron cuando la polic\u00eda abri\u00f3 fuego. Lejos de desactivar la protesta, aquello quebr\u00f3 el miedo y radicaliz\u00f3 el movimiento.<strong> El primer ministro termin\u00f3 renunciando.<\/strong><\/p>\n<p class=\"com-paragraph   --s\">En ese clima surgi\u00f3 con fuerza la figura de Balen. Para muchos j\u00f3venes nepal\u00edes, no se trata simplemente de otro pol\u00edtico.<strong> \u201cEn este momento, Balen es cualquier cosa menos \u2018un pol\u00edtico m\u00e1s\u2019\u201d<\/strong>, dice a LA NACION Yatish Ojha, joven nepal\u00ed de 25 a\u00f1os, abogado y uno de los participantes de las protestas. <\/p>\n<p class=\"com-paragraph   --s\">\u201cSe convirti\u00f3 en un s\u00edmbolo generacional de un cambio de paradigma pol\u00edtico\u201d, agrega.<\/p>\n<div class=\"content-media\">\n<section role=\"button\" class=\"mod-media   \">\n<figure role=\"button\" tabindex=\"0\" class=\"mod-figure \"><figcaption class=\"mod-figcaption\"><span class=\"com-text --caption --twoxs\">Partidarios de la antigua familia real nepal\u00ed participan en una marcha pidiendo la restauracion de la monarqu\u00eda en el aniversario del nacimiento del rey del siglo XVIII Prithivi Narayan Shah, fundador de la dinast\u00eda Shah, en Katmand\u00fa, Nepal, el domingo 11 de enero de 2026<\/span><span class=\"com-text --credit --twoxs\">Subash Shrestha &#8211; AP<\/span><\/figcaption><\/figure>\n<\/section>\n<\/div>\n<p class=\"com-paragraph   --s\">La transformaci\u00f3n es tan abrupta que sorprende incluso a quienes la protagonizaron. \u201cUn exrapero de 35 a\u00f1os va a gobernar el pa\u00eds; el mismo pa\u00eds donde hace diez a\u00f1os ser rapero no era algo de lo que sentirse orgulloso\u201d, explica Ojha.<\/p>\n<p class=\"com-paragraph   --s\">Ese contraste resume buena parte de su atractivo pol\u00edtico. Balen lleg\u00f3 a la pol\u00edtica como un<strong> outsider, <\/strong>cultivando una imagen de<strong> gestor pragm\u00e1tico y distante de las viejas estructuras partidarias<\/strong>. <\/p>\n<p class=\"com-paragraph   --s\">Cuatro a\u00f1os atr\u00e1s hab\u00eda ganado la alcald\u00eda de Katmand\u00fa como candidato independiente y construy\u00f3 una reputaci\u00f3n de funcionario que tomaba <strong>decisiones r\u00e1pidas, incluso pol\u00e9micas<\/strong>, para resolver problemas urbanos como la basura, la educaci\u00f3n o la infraestructura.<\/p>\n<div class=\"content-media\">\n<section role=\"button\" class=\"mod-media   \">\n<figure role=\"button\" tabindex=\"0\" class=\"mod-figure \"><figcaption class=\"mod-figcaption\"><span class=\"com-text --caption --twoxs\">El antiguo rey de Nepal, Gyanendra Shah, recibe flores de sus seguidores a su llegada al Aeropuerto Internacional Tribhuvan en Katmand\u00fa, Nepal, el 13 de febrero de 2026<\/span><span class=\"com-text --credit --twoxs\">Niranjan Shrestha &#8211; AP<\/span><\/figcaption><\/figure>\n<\/section>\n<\/div>\n<p class=\"com-paragraph   --s\">Durante las protestas juveniles del a\u00f1o pasado, fue uno de los primeros dirigentes en expresar apoyo a los manifestantes. Desde entonces, su figura qued\u00f3 asociada al impulso generacional que sacudi\u00f3 al sistema pol\u00edtico.<\/p>\n<p class=\"com-paragraph   --s\">Como describi\u00f3 <em>The New York Times<\/em>, Balen tiene un estilo <strong>\u201ccombativo y vol\u00e1til\u201d<\/strong> y lo combina con una enorme influencia en redes sociales, donde su alcance supera ampliamente al de otros dirigentes del pa\u00eds.<\/p>\n<div class=\"content-media\">\n<section role=\"button\" class=\"mod-media   \">\n<figure role=\"button\" tabindex=\"0\" class=\"mod-figure \"><figcaption class=\"mod-figcaption\"><span class=\"com-text --caption --twoxs\">Protestas de la Generaci\u00f3n Z frente al Parlamento en Katmand\u00fa, el 8 de septiembre de 2025<\/span><span class=\"com-text --credit --twoxs\">NurPhoto &#8211; NurPhoto<\/span><\/figcaption><\/figure>\n<\/section>\n<\/div>\n<p class=\"com-paragraph   --s\">Ese v\u00ednculo directo con la ciudadan\u00eda digital es uno de los rasgos distintivos de su liderazgo. Balen <strong>rara vez ofrece conferencias de prensa o entrevistas <\/strong>y prefiere comunicarse con el p\u00fablico a trav\u00e9s de plataformas online, donde millones de seguidores siguen sus mensajes.<\/p>\n<p class=\"com-paragraph   --s\">El nuevo gobierno, sin embargo, enfrenta expectativas enormes. Para quienes participaron de las protestas, la victoria electoral es solo el primer paso.<\/p>\n<div class=\"content-media\">\n<section role=\"button\" class=\"mod-media   \">\n<figure role=\"button\" tabindex=\"0\" class=\"mod-figure \"><figcaption class=\"mod-figcaption\"><span class=\"com-text --caption --twoxs\">Un manifestante posa frente al palacio presidencial en Katmand\u00fa mientras el edificio arde durante las protestas del 9 de septiembre de 2025<\/span><span class=\"com-text --credit --twoxs\">NurPhoto &#8211; NurPhoto<\/span><\/figcaption><\/figure>\n<\/section>\n<\/div>\n<p class=\"com-paragraph   --s\"><strong>\u201cEste momento pol\u00edtico existe totalmente gracias a los j\u00f3venes que salimos a las calles\u201d<\/strong>, sostiene Ojha. \u201cEl liderazgo actual le debe todo a nuestra generaci\u00f3n, a quienes murieron, a quienes resultaron heridos y a todos los que protestaron\u201d, agrega.<\/p>\n<p class=\"com-paragraph   --s\">Las demandas del movimiento son claras: <strong>justicia para las v\u00edctimas de la represi\u00f3n, lucha contra la corrupci\u00f3n y defensa de la libertad de expresi\u00f3n.<\/strong><\/p>\n<div class=\"content-media\">\n<section role=\"button\" class=\"mod-media   \">\n<figure role=\"button\" tabindex=\"0\" class=\"mod-figure \"><figcaption class=\"mod-figcaption\"><span class=\"com-text --caption --twoxs\">El Monte Everest, una de las maravillas de la cordillera del Himalaya, se encuentra en la frontera entre Nepal y China<\/span><span class=\"com-text --credit --twoxs\">Narendra Shahi Thakuri  &#8211; dpa <\/span><\/figcaption><\/figure>\n<\/section>\n<\/div>\n<p class=\"com-paragraph   --s\">Ojha insiste en que el nuevo gobierno tendr\u00e1 que demostrar resultados. \u201cEl movimiento pidi\u00f3 dos cosas muy claras: <strong>buen gobierno y el fin de la corrupci\u00f3n<\/strong>, por un lado, y <strong>libertad de expresi\u00f3n y libertad digital,<\/strong> por el otro\u201d, explica. <\/p>\n<p class=\"com-paragraph   --s\">\u201cAlgunas transformaciones requieren reformas constitucionales, otras cambios legales y otras simplemente mejorar la administraci\u00f3n del Estado\u201d, dice Ojha.<\/p>\n<p class=\"com-paragraph   --s\">Para muchos j\u00f3venes, adem\u00e1s, el problema de fondo es econ\u00f3mico. <\/p>\n<p class=\"com-paragraph   --s\"><strong>\u201cSi uno mira la sociolog\u00eda de la corrupci\u00f3n, ve que muchos empleados p\u00fablicos de bajo nivel aceptan sobornos peque\u00f1os porque sus salarios no alcanzan para vivir.<\/strong> Crear empleo y garantizar estabilidad laboral tambi\u00e9n es una forma de combatir la corrupci\u00f3n\u201d, se\u00f1ala Ojha.<\/p>\n<div class=\"content-media\">\n<section role=\"button\" class=\"mod-media   \">\n<figure role=\"button\" tabindex=\"0\" class=\"mod-figure \"><figcaption class=\"mod-figcaption\"><span class=\"com-text --caption --twoxs\">El hotel Hilton arde en Katmand\u00fa durante las protestas de la Generaci\u00f3n Z contra la corrupci\u00f3n y el intento del gobierno de restringir las redes sociales<\/span><span class=\"com-text --credit --twoxs\">SOPA Images &#8211; LightRocket<\/span><\/figcaption><\/figure>\n<\/section>\n<\/div>\n<p class=\"com-paragraph   --s\">En ese sentido, el desaf\u00edo de Balen ser\u00e1 <strong>demostrar que un liderazgo nacido de la protesta puede traducirse en reformas concretas.<\/strong> <\/p>\n<p class=\"com-paragraph   --s\">Seg\u00fan Ojha, el problema del pa\u00eds nunca fue \u00fanicamente la falta de recursos, sino<strong> la mala administraci\u00f3n de los que existen.<\/strong><\/p>\n<p class=\"com-paragraph   --s\">La figura de Balen genera entusiasmo, pero tambi\u00e9n dudas. Incluso entre quienes lo apoyan hay cierta cautela.<\/p>\n<p class=\"com-paragraph   --s\">Para Ojha, sus principales fortalezas son claras: \u201cNo tiene el bagaje pol\u00edtico de otros l\u00edderes, no est\u00e1 atado a redes clientelares y trabaja con expertos. Creo sinceramente que <strong>quiere cambiar el status quo<\/strong>\u201d.<\/p>\n<p class=\"com-paragraph   --s\">Pero tambi\u00e9n se\u00f1ala debilidades. El nuevo l\u00edder tiene un <strong>temperamento fuerte<\/strong>, tendencia a reaccionar impulsivamente en redes sociales y un estilo de gesti\u00f3n que a veces<strong> prioriza la velocidad sobre el consenso.<\/strong><\/p>\n<div class=\"content-media\">\n<section role=\"button\" class=\"mod-media   \">\n<figure role=\"button\" tabindex=\"0\" class=\"mod-figure \"><figcaption class=\"mod-figcaption\"><span class=\"com-text --caption --twoxs\">Humo sobre el hotel Hilton de Katmand\u00fa, incendiado durante las protestas del 9 de septiembre de 2025<\/span><span class=\"com-text --credit --twoxs\">PRABIN RANABHAT &#8211; AFP<\/span><\/figcaption><\/figure>\n<\/section>\n<\/div>\n<p class=\"com-paragraph   --s\"><strong>\u201cQuiere llegar al resultado sin darle demasiado valor al proceso\u201d<\/strong>, advierte.<\/p>\n<p class=\"com-paragraph   --s\">Ese rasgo podr\u00eda convertirse en una ventaja o en un problema. Gobernar un pa\u00eds requiere algo distinto a dirigir una campa\u00f1a o administrar una ciudad.<\/p>\n<p class=\"com-paragraph   --s\">Ojha cree que Balen todav\u00eda debe adaptarse a la complejidad del poder. <strong>\u201cA veces parece ver todo en blanco y negro, como si fuera un proyecto de ingenier\u00eda que hay que completar\u201d<\/strong>, dice. <\/p>\n<p class=\"com-paragraph   --s\">\u201cPero Nepal tiene muchas sutilezas pol\u00edticas y sociales. Va a tener que ser m\u00e1s matizado\u201d, indica.<\/p>\n<p class=\"com-paragraph   --s\">Nepal entra as\u00ed en una<strong> etapa in\u00e9dita.<\/strong> Por primera vez, un dirigente surgido del universo cultural de los j\u00f3venes se encuentra en condiciones de liderar el pa\u00eds.<\/p>\n<p class=\"com-paragraph   --s\">Y para una generaci\u00f3n que sali\u00f3 a las calles exigiendo cambios, la expectativa es tan grande como el desaf\u00edo. Porque, como resume Ojha, nunca antes hab\u00edan visto algo parecido.<\/p>\n<p class=\"com-paragraph   --s\"><strong>\u201cEn nuestro pa\u00eds, sin importar edad, ideolog\u00eda o regi\u00f3n, casi todos tienen esperanza en \u00e9l.<\/strong> Eso nunca hab\u00eda pasado en nuestra vida\u201d, dice.<\/p>\n<section class=\"container-center-100 mb-40 border border-bottom border-thin border-neutral-light-700\">\n<hr\/>\n<\/section>\n<\/div>\n\n","protected":false},"excerpt":{"rendered":"<p>KATMAND\u00da.\u2013 Hace apenas unos a\u00f1os, en Nepal ser rapero no era precisamente un motivo de prestigio. Hoy, un rapero est\u00e1 a punto de gobernar el pa\u00eds. A sus 35 a\u00f1os, Balendra Shah, conocido popularmente como Balen, se convirti\u00f3 en el nuevo protagonista de la pol\u00edtica nepal\u00ed. Ingeniero de formaci\u00f3n, exrapero y hasta hace poco alcalde [&hellip;]<\/p>\n","protected":false},"author":2,"featured_media":229175,"comment_status":"closed","ping_status":"closed","sticky":false,"template":"","format":"standard","meta":{"footnotes":""},"categories":[1],"tags":[],"class_list":["post-229174","post","type-post","status-publish","format-standard","has-post-thumbnail","hentry","category-uncategorized"],"_links":{"self":[{"href":"https:\/\/radioacuariofm.com.ar\/index.php?rest_route=\/wp\/v2\/posts\/229174","targetHints":{"allow":["GET"]}}],"collection":[{"href":"https:\/\/radioacuariofm.com.ar\/index.php?rest_route=\/wp\/v2\/posts"}],"about":[{"href":"https:\/\/radioacuariofm.com.ar\/index.php?rest_route=\/wp\/v2\/types\/post"}],"author":[{"embeddable":true,"href":"https:\/\/radioacuariofm.com.ar\/index.php?rest_route=\/wp\/v2\/users\/2"}],"replies":[{"embeddable":true,"href":"https:\/\/radioacuariofm.com.ar\/index.php?rest_route=%2Fwp%2Fv2%2Fcomments&post=229174"}],"version-history":[{"count":1,"href":"https:\/\/radioacuariofm.com.ar\/index.php?rest_route=\/wp\/v2\/posts\/229174\/revisions"}],"predecessor-version":[{"id":229176,"href":"https:\/\/radioacuariofm.com.ar\/index.php?rest_route=\/wp\/v2\/posts\/229174\/revisions\/229176"}],"wp:featuredmedia":[{"embeddable":true,"href":"https:\/\/radioacuariofm.com.ar\/index.php?rest_route=\/wp\/v2\/media\/229175"}],"wp:attachment":[{"href":"https:\/\/radioacuariofm.com.ar\/index.php?rest_route=%2Fwp%2Fv2%2Fmedia&parent=229174"}],"wp:term":[{"taxonomy":"category","embeddable":true,"href":"https:\/\/radioacuariofm.com.ar\/index.php?rest_route=%2Fwp%2Fv2%2Fcategories&post=229174"},{"taxonomy":"post_tag","embeddable":true,"href":"https:\/\/radioacuariofm.com.ar\/index.php?rest_route=%2Fwp%2Fv2%2Ftags&post=229174"}],"curies":[{"name":"wp","href":"https:\/\/api.w.org\/{rel}","templated":true}]}}