{"id":229165,"date":"2026-03-14T03:09:00","date_gmt":"2026-03-14T06:09:00","guid":{"rendered":"https:\/\/radioacuariofm.com.ar\/?p=229165"},"modified":"2026-03-14T03:09:01","modified_gmt":"2026-03-14T06:09:01","slug":"trasladan-a-bolsonaro-de-la-carcel-al-hospital-y-crece-la-preocupacion-por-su-estado-de-salud","status":"publish","type":"post","link":"https:\/\/radioacuariofm.com.ar\/?p=229165","title":{"rendered":"Trasladan a Bolsonaro de la c\u00e1rcel al hospital y crece la preocupaci\u00f3n por su estado de salud"},"content":{"rendered":"<p> <br \/>\n<\/p>\n<div>\n<p class=\"com-paragraph  --capital --s\">BRASILIA.\u2013 El expresidente brasile\u00f1o <a href=\"https:\/\/www.lanacion.com.ar\/el-mundo\/los-abogados-de-bolsonaro-dicen-que-empeoro-su-salud-y-exigen-un-informe-medico-para-analizar-la-nid05022026\/\" target=\"_self\" title=\"https:\/\/www.lanacion.com.ar\/el-mundo\/los-abogados-de-bolsonaro-dicen-que-empeoro-su-salud-y-exigen-un-informe-medico-para-analizar-la-nid05022026\/\" class=\"com-link break-word\" data-mrf-recirculation=\"n_link_parrafo\"><strong>Jair Bolsonaro<\/strong><\/a><strong> fue internado en terapia intensiva con bronconeumon\u00eda<\/strong>, <strong>tras ser trasladado el viernes al hospital despu\u00e9s de presentar un cuadro de malestar f\u00edsico<\/strong> en la c\u00e1rcel de Brasilia donde cumple una condena por intento de golpe de Estado.<\/p>\n<p class=\"com-paragraph   --s\">\u00ab<strong>Mi padre est\u00e1 camino al hospital, una vez m\u00e1s<\/strong>. Informaciones preliminares de que <strong>despert\u00f3 con escalofr\u00edos y vomit\u00f3 bastante<\/strong>\u201c, inform\u00f3 en X su hijo <strong>Fl\u00e1vio Bolsonaro, <\/strong>senador y precandidato a presidente para las elecciones de octubre.<\/p>\n<div class=\"content-media\">\n<section role=\"button\" class=\"mod-media   \">\n<figure role=\"button\" tabindex=\"0\" class=\"mod-figure \"><figcaption class=\"mod-figcaption\"><span class=\"com-text --caption --twoxs\">Jair Bolsonaro junto a su hijo Fl\u00e1vio Bolsonaro, en Brasilia, el 2 de octubre de 2022<\/span><span class=\"com-text --credit --twoxs\">EVARISTO SA  &#8211; AFP <\/span><\/figcaption><\/figure>\n<\/section>\n<\/div>\n<p class=\"com-paragraph   --s\"><strong>Bolsonaro est\u00e1 siendo atendido en el hospital privado DF Star<\/strong>, en <strong>Brasilia<\/strong>. El estado del expresidente es grave y se espera que permanezca en el hospital al menos los pr\u00f3ximos d\u00edas, dijo a periodistas en Brasilia uno de los m\u00e9dicos que lo atiende, Brasil Caiado.<\/p>\n<p class=\"com-paragraph   --s\">El expresidente est\u00e1 siendo tratado con antibi\u00f3ticos y por el momento se ha descartado la cirug\u00eda, se\u00f1al\u00f3 Caiado.<\/p>\n<p class=\"com-paragraph   --s\">La bronconeumon\u00eda es una infecci\u00f3n pulmonar que se propaga desde las v\u00edas respiratorias a los pulmones, lo que provoca problemas como dificultades respiratorias.<\/p>\n<p class=\"com-paragraph   --s\">Familiares del expresidente recibieron la informaci\u00f3n de que present\u00f3 <strong>una ca\u00edda en la oxigenaci\u00f3n de la sangre <\/strong>y se evalu\u00f3 que las instalaciones m\u00e9dicas del <a href=\"https:\/\/www.lanacion.com.ar\/el-mundo\/ordenan-el-traslado-de-bolsonaro-a-otra-carcel-con-mejores-instalaciones-para-su-rehabilitacion-nid15012026\/\" target=\"_self\" title=\"https:\/\/www.lanacion.com.ar\/el-mundo\/ordenan-el-traslado-de-bolsonaro-a-otra-carcel-con-mejores-instalaciones-para-su-rehabilitacion-nid15012026\/\" class=\"com-link break-word\" data-mrf-recirculation=\"n_link_parrafo\">centro donde est\u00e1 detenido<\/a> <strong>no ser\u00edan suficientes para atenderlo en esas condiciones<\/strong>, por lo que se decidi\u00f3 trasladarlo al hospital.<\/p>\n<p class=\"com-paragraph   --s\">En el mismo mensaje, Fl\u00e1vio Bolsonaro pidi\u00f3 apoyo a <a href=\"https:\/\/www.lanacion.com.ar\/el-mundo\/drama-en-brasil-durante-una-manifestacion-a-favor-de-bolsonaro-cayo-un-rayo-y-30-personas-resultaron-nid25012026\/\" target=\"_self\" title=\"https:\/\/www.lanacion.com.ar\/el-mundo\/drama-en-brasil-durante-una-manifestacion-a-favor-de-bolsonaro-cayo-un-rayo-y-30-personas-resultaron-nid25012026\/\" class=\"com-link break-word\" data-mrf-recirculation=\"n_link_parrafo\">los seguidores de su padre<\/a>. <strong>\u201cPido oraciones para que no sea nada grave\u201d<\/strong>, afirm\u00f3 el legislador.<\/p>\n<p class=\"com-paragraph   --s\">El exmandatario, de 70 a\u00f1os, ha padecido <strong>recurrentes problemas de salud derivados de una pu\u00f1alada <\/strong>en el abdomen que recibi\u00f3 durante un acto de campa\u00f1a en 2018. Bolsonaro <strong>debi\u00f3 pasar por varias cirug\u00edas y sufre crisis de hipo<\/strong>, en ocasiones acompa\u00f1adas por v\u00f3mitos.<\/p>\n<p class=\"com-paragraph   --s\">El abogado <strong>Paulo Cunha Bueno<\/strong>, integrante de la defensa de <strong>Bolsonaro<\/strong>, volvi\u00f3 a pedir la prisi\u00f3n domiciliaria y cit\u00f3 el caso del expresidente <strong>Fernando Collor<\/strong>, quien cumple su condena en su casa por decisi\u00f3n del ministro <strong>Alexandre de Moraes<\/strong>, del <strong>Supremo Tribunal Federal (STF)<\/strong>.<\/p>\n<p class=\"com-paragraph   --s\">No obstante, la Corte Suprema ha negado pedidos de su defensa para <strong>que cumpla la condena en prisi\u00f3n domiciliaria \u201chumanitaria\u201d<\/strong>.<\/p>\n<p class=\"com-paragraph   --s\">Bolsonaro, al mando de Brasil entre 2019 y 2022, est\u00e1 recluido en <strong>el complejo penitenciario Papuda<\/strong>, donde le asignaron un <strong>espacio normalmente reservado para cuatro personas<\/strong>, con cocina, televisi\u00f3n, cama matrimonial y \u00e1rea externa privada.<\/p>\n<div class=\"content-media\">\n<section role=\"button\" class=\"mod-media   \">\n<figure role=\"button\" tabindex=\"0\" class=\"mod-figure \"><figcaption class=\"mod-figcaption\"><span class=\"com-text --caption --twoxs\">Vista de motocicletas policiales estacionadas frente al hospital DF Star, en Brasilia, el 13 de marzo de 2026<\/span><span class=\"com-text --credit --twoxs\">EVARISTO SA  &#8211; AFP <\/span><\/figcaption><\/figure>\n<\/section>\n<\/div>\n<p class=\"com-paragraph   --s\">En 2025, la corte lo conden\u00f3 a<strong> <\/strong><a href=\"https:\/\/www.lanacion.com.ar\/el-mundo\/lula-desafia-al-congreso-y-veta-una-reduccion-de-penas-que-beneficiaria-a-bolsonaro-nid08012026\/\" target=\"_self\" title=\"https:\/\/www.lanacion.com.ar\/el-mundo\/lula-desafia-al-congreso-y-veta-una-reduccion-de-penas-que-beneficiaria-a-bolsonaro-nid08012026\/\" class=\"com-link break-word\" data-mrf-recirculation=\"n_link_parrafo\"><strong>27 a\u00f1os de c\u00e1rcel<\/strong><\/a><strong> por haber intentado aferrarse ilegalmente al poder tras perder las elecciones de 2022 <\/strong>contra el actual presidente <a href=\"https:\/\/www.lanacion.com.ar\/el-mundo\/brasil-un-desfile-en-homenaje-a-lula-desato-polemica-y-el-partido-de-bolsonaro-pide-investigarlo-nid20022026\/\" target=\"_self\" title=\"https:\/\/www.lanacion.com.ar\/el-mundo\/brasil-un-desfile-en-homenaje-a-lula-desato-polemica-y-el-partido-de-bolsonaro-pide-investigarlo-nid20022026\/\" class=\"com-link break-word\" data-mrf-recirculation=\"n_link_parrafo\"><strong>Luiz In\u00e1cio Lula da Silva<\/strong><\/a>.<\/p>\n<p class=\"com-paragraph   --s\">Brasil celebra elecciones generales en octubre y Bolsonaro, pese a estar preso, <strong>sigue siendo una figura central <\/strong>del escenario pol\u00edtico. Design\u00f3 a su hijo mayor, Fl\u00e1vio Bolsonaro, como <strong>candidato de la derecha <\/strong>para enfrentar al actual mandatario, de 80 a\u00f1os, quien ya adelant\u00f3 que buscar\u00e1 la reelecci\u00f3n.<\/p>\n<p class=\"com-paragraph   --s\">Seg\u00fan la \u00faltima encuesta del instituto <strong>Datafolha<\/strong>, Lula y Fl\u00e1vio Bolsonaro <strong>se encuentran en empate t\u00e9cnico <\/strong>en una eventual segunda vuelta.<\/p>\n<p class=\"com-paragraph   --s\">En paralelo, <strong>Moraes<\/strong> <strong>revoc\u00f3 una autorizaci\u00f3n concedida dos d\u00edas antes <\/strong>para la visita del asesor del presidente norteamericano, <strong>Donald Trump<\/strong>, <strong>Darren Beattie<\/strong>, al expresidente brasile\u00f1o.<\/p>\n<p class=\"com-paragraph   --s\">El cambio de postura, seg\u00fan informaron importantes medios locales, se produjo tras un comunicado del Ministerio de Relaciones Exteriores de Brasil,<strong> Itamaraty<\/strong>, en el que advert\u00eda al STF<strong> que la reuni\u00f3n podr\u00eda constituir una \u201cinjerencia indebida en los asuntos internos de Brasil\u201d<\/strong>.<\/p>\n<div class=\"content-media\">\n<section role=\"button\" class=\"mod-media   \">\n<figure role=\"button\" tabindex=\"0\" class=\"mod-figure \"><figcaption class=\"mod-figcaption\"><span class=\"com-text --caption --twoxs\">Vista de la ambulancia y del convoy que traslada a Bolsonaro al hospital DF Star<\/span><span class=\"com-text --credit --twoxs\">EVARISTO SA  &#8211; AFP <\/span><\/figcaption><\/figure>\n<\/section>\n<\/div>\n<p class=\"com-paragraph   --s\">El ministro de Relaciones Exteriores,<strong> Mauro Vieira<\/strong>, aclar\u00f3 que la solicitud para visitar a Bolsonaro<strong> \u201cnunca pas\u00f3\u201d por el ministerio ni fue objeto de comunicaciones oficiales<\/strong> con la diplomacia brasile\u00f1a.<\/p>\n<p class=\"com-paragraph   --s\">Seg\u00fan Vieira, la visa de Beattie se concedi\u00f3 con base en una solicitud presentada por el Departamento de Estado de Estados Unidos, que indicaba como prop\u00f3sito del viaje<strong> la participaci\u00f3n en el Foro Brasil\u2013Estados Unidos sobre Minerales Cr\u00edticos<\/strong>, programado para el 18 de marzo en <strong>San Pablo,<\/strong> as\u00ed como reuniones con representantes del gobierno brasile\u00f1o.<\/p>\n<p class=\"com-paragraph   --s\">El programa oficial comunicado a las autoridades de Brasilia <strong>no inclu\u00eda ninguna reuni\u00f3n con Bolsonaro<\/strong>.<\/p>\n<p class=\"com-paragraph   --s\"><strong>Agencias AFP, ANSA y Reuters, y diario <\/strong><em><strong>O Globo<\/strong><\/em><\/p>\n<section class=\"container-center-100 mb-40 border border-bottom border-thin border-neutral-light-700\">\n<hr\/>\n<\/section>\n<\/div>\n\n","protected":false},"excerpt":{"rendered":"<p>BRASILIA.\u2013 El expresidente brasile\u00f1o Jair Bolsonaro fue internado en terapia intensiva con bronconeumon\u00eda, tras ser trasladado el viernes al hospital despu\u00e9s de presentar un cuadro de malestar f\u00edsico en la c\u00e1rcel de Brasilia donde cumple una condena por intento de golpe de Estado. \u00abMi padre est\u00e1 camino al hospital, una vez m\u00e1s. Informaciones preliminares de [&hellip;]<\/p>\n","protected":false},"author":2,"featured_media":229166,"comment_status":"closed","ping_status":"closed","sticky":false,"template":"","format":"standard","meta":{"footnotes":""},"categories":[1],"tags":[],"class_list":["post-229165","post","type-post","status-publish","format-standard","has-post-thumbnail","hentry","category-uncategorized"],"_links":{"self":[{"href":"https:\/\/radioacuariofm.com.ar\/index.php?rest_route=\/wp\/v2\/posts\/229165","targetHints":{"allow":["GET"]}}],"collection":[{"href":"https:\/\/radioacuariofm.com.ar\/index.php?rest_route=\/wp\/v2\/posts"}],"about":[{"href":"https:\/\/radioacuariofm.com.ar\/index.php?rest_route=\/wp\/v2\/types\/post"}],"author":[{"embeddable":true,"href":"https:\/\/radioacuariofm.com.ar\/index.php?rest_route=\/wp\/v2\/users\/2"}],"replies":[{"embeddable":true,"href":"https:\/\/radioacuariofm.com.ar\/index.php?rest_route=%2Fwp%2Fv2%2Fcomments&post=229165"}],"version-history":[{"count":1,"href":"https:\/\/radioacuariofm.com.ar\/index.php?rest_route=\/wp\/v2\/posts\/229165\/revisions"}],"predecessor-version":[{"id":229167,"href":"https:\/\/radioacuariofm.com.ar\/index.php?rest_route=\/wp\/v2\/posts\/229165\/revisions\/229167"}],"wp:featuredmedia":[{"embeddable":true,"href":"https:\/\/radioacuariofm.com.ar\/index.php?rest_route=\/wp\/v2\/media\/229166"}],"wp:attachment":[{"href":"https:\/\/radioacuariofm.com.ar\/index.php?rest_route=%2Fwp%2Fv2%2Fmedia&parent=229165"}],"wp:term":[{"taxonomy":"category","embeddable":true,"href":"https:\/\/radioacuariofm.com.ar\/index.php?rest_route=%2Fwp%2Fv2%2Fcategories&post=229165"},{"taxonomy":"post_tag","embeddable":true,"href":"https:\/\/radioacuariofm.com.ar\/index.php?rest_route=%2Fwp%2Fv2%2Ftags&post=229165"}],"curies":[{"name":"wp","href":"https:\/\/api.w.org\/{rel}","templated":true}]}}