{"id":229164,"date":"2026-03-14T02:07:53","date_gmt":"2026-03-14T05:07:53","guid":{"rendered":"https:\/\/radioacuariofm.com.ar\/?p=229164"},"modified":"2026-03-14T02:07:53","modified_gmt":"2026-03-14T05:07:53","slug":"registran-la-primera-muerte-de-un-soldado-europeo-en-la-guerra-en-medio-oriente","status":"publish","type":"post","link":"https:\/\/radioacuariofm.com.ar\/?p=229164","title":{"rendered":"Registran la primera muerte de un soldado europeo en la guerra en Medio Oriente"},"content":{"rendered":"<p> <br \/>\n<\/p>\n<div>\n<p class=\"com-paragraph  --capital --s\">PAR\u00cdS.\u2013 Un soldado franc\u00e9s muri\u00f3 y otros seis resultaron heridos en un <strong>ataque con drones<\/strong> a una base en la regi\u00f3n de Erbil, en el Kurdist\u00e1n iraqu\u00ed, seg\u00fan anunciaron las autoridades francesas. <strong>Es la primera baja de un militar europeo en lo que va de la guerra en Medio Oriente.<\/strong><\/p>\n<p class=\"com-paragraph   --s\">La muerte de <strong>Arnaud Frion,<\/strong> de 42 a\u00f1os, la noche del jueves en la base de <strong>Mala Qara,<\/strong> marca<a href=\"https:\/\/www.lanacion.com.ar\/el-mundo\/mapa-israel-ataca-a-iran-con-intensos-ataques-aereos-en-multiples-bases-nid13032026\/\" target=\"_self\" title=\"https:\/\/www.lanacion.com.ar\/el-mundo\/mapa-israel-ataca-a-iran-con-intensos-ataques-aereos-en-multiples-bases-nid13032026\/\" class=\"com-link break-word\" data-mrf-recirculation=\"n_link_parrafo\"> la expansi\u00f3n del conflicto<\/a> a un frente que limita directamente con Arabia Saudita, <strong>y representa una escalada en t\u00e9rminos de bajas involucradas,<\/strong> por ser la primera de Francia y de Europa. <\/p>\n<p class=\"com-paragraph   --s\">\u201cEl suboficial Arnaud Frion, del 7\u00ba Batall\u00f3n de Cazadores Alpinos de Varces, <strong>muri\u00f3 sirviendo a Francia durante un ataque en la regi\u00f3n de Erbil,<\/strong> en Irak\u00bb, anunci\u00f3 este viernes el presidente Emmanuel Macron en X.<\/p>\n<div class=\"content-media\">\n<section role=\"button\" class=\"mod-media   \">\n<figure role=\"button\" tabindex=\"0\" class=\"mod-figure \"><figcaption class=\"mod-figcaption\"><span class=\"com-text --caption --twoxs\">Macron anunci\u00f3 la muerte del oficial y dijo que la presencia armada de Francia en Medio Oriente es puramente defensiva   <\/span><span class=\"com-text --credit --twoxs\">Gonzalo Fuentes  &#8211; Pool Reuters <\/span><\/figcaption><\/figure>\n<\/section>\n<\/div>\n<p class=\"com-paragraph   --s\">\u201cEste ataque contra nuestras fuerzas comprometidas en la lucha contra el EI desde 2015 es inaceptable\u201d, a\u00f1adi\u00f3 el mandatario en referencia al grupo terrorista <strong>Estado Isl\u00e1mico,<\/strong> que en su momento lleg\u00f3 a crear lo que denomin\u00f3 un \u201ccalifato\u201d en amplias extensiones de Siria e Irak.<\/p>\n<p class=\"com-paragraph   --s\">Macron explic\u00f3 que su presencia en Irak se inscrib\u00eda <strong>\u201cen el marco estricto de la lucha contra el terrorismo\u201d<\/strong> y sostuvo que \u201cla guerra en Ir\u00e1n no puede justificar tales ataques\u201d. No identific\u00f3 a un responsable.<\/p>\n<p class=\"com-paragraph   --s\">El comandante del batall\u00f3n donde serv\u00eda el oficial ca\u00eddo, Fran\u00e7ois-Xavier de la Chesnay, precis\u00f3 que <strong>\u201cmuri\u00f3 al ser alcanzado por un dron Shahed\u201d. <\/strong><\/p>\n<p class=\"com-paragraph   --s\">Se estima que detr\u00e1s del ataque est\u00e1 el grupo armado proiran\u00ed <strong>Ashab Alkahf,<\/strong> que este viernes advirti\u00f3 en Telegram que atacar\u00e1 <strong>\u201ctodos los intereses franceses en Irak y en la regi\u00f3n\u201d<\/strong> tras el despliegue en el Mediterr\u00e1neo oriental del portaviones Charles de Gaulle.<\/p>\n<div class=\"content-media\">\n<section role=\"button\" class=\"mod-media   \">\n<figure role=\"button\" tabindex=\"0\" class=\"mod-figure \"><figcaption class=\"mod-figcaption\"><span class=\"com-text --caption --twoxs\">El portaaviones franc\u00e9s Charles de Gaulle fue movilizado con su grupo de escolta al Mediterr\u00e1neo oriental <\/span><span class=\"com-text --credit --twoxs\">Joeal Calupitan &#8211; AP<\/span><\/figcaption><\/figure>\n<\/section>\n<\/div>\n<p class=\"com-paragraph   --s\">El grupo inst\u00f3 a los habitantes a mantenerse al menos a 500 metros de la base de Mala Qara, <strong>donde se encuentran desplegados los militares franceses y situada a 40 kil\u00f3metros al suroeste de Erbil,<\/strong> la capital de la regi\u00f3n aut\u00f3noma del Kurdist\u00e1n iraqu\u00ed.<\/p>\n<p class=\"com-paragraph   --s\">\u201cTras la llegada del portaaviones franc\u00e9s a la zona de operaciones del <strong>Comando Central de Estados Unidos<\/strong> y su participaci\u00f3n en operaciones, anunciamos que, a partir de esta noche, <strong>todos los intereses franceses en Irak y la regi\u00f3n ser\u00e1n atacados\u00bb,<\/strong> declar\u00f3 el grupo.<\/p>\n<p class=\"com-paragraph   --s\">Seg\u00fan el gobernador de Erbil, el ataque <strong>implic\u00f3 dos drones<\/strong> y se produjo poco despu\u00e9s de otro con drones que alcanz\u00f3, sin causar heridos, una base italiana.<\/p>\n<p class=\"com-paragraph   --s\">En el marco de una coalici\u00f3n internacional contra el jihadismo liderada por Washington, militares de varios pa\u00edses, <strong>entre ellos Italia y Francia,<\/strong> entrenan en el Kurdist\u00e1n iraqu\u00ed a miembros de las fuerzas de seguridad kurdas. <\/p>\n<div class=\"content-media\">\n<section role=\"button\" class=\"mod-media   \">\n<figure role=\"button\" tabindex=\"0\" class=\"mod-figure \"><figcaption class=\"mod-figcaption\"><span class=\"com-text --caption --twoxs\">Un miembro del Partido por la Libertad del Kurdist\u00e1n (PAK) monta guardia en Erbil, Irak (Archivo)<\/span><span class=\"com-text --credit --twoxs\">Rashid Yahya &#8211; AP<\/span><\/figcaption><\/figure>\n<\/section>\n<\/div>\n<p class=\"com-paragraph   --s\">Desde el inicio de la guerra en Ir\u00e1n, que envuelve a todo Medio Oriente, <strong>esa regi\u00f3n aut\u00f3noma ha sido objeto de m\u00faltiples ataques atribuidos a facciones proiran\u00edes,<\/strong> en su mayor\u00eda neutralizados por la defensa antia\u00e9rea.<\/p>\n<p class=\"com-paragraph   --s\">Par\u00eds ha reforzado su presencia en la regi\u00f3n para <strong>\u201cproteger a los ciudadanos franceses\u201d<\/strong> en la zona y brindar apoyo a sus socios, como L\u00edbano y los pa\u00edses de la Pen\u00ednsula Ar\u00e1biga, explic\u00f3 el presidente Macron.<\/p>\n<p class=\"com-paragraph   --s\">En el centro de este despliegue se encuentra el Charles de Gaulle y su grupo de ataque. Seg\u00fan Macron, este despliegue tiene como objetivo movilizar <strong>ocho fragatas y dos portahelic\u00f3pteros anfibios <\/strong>a trav\u00e9s de una vasta \u00e1rea que tambi\u00e9n incluye el Mar Rojo y el Estrecho de Ormuz.<\/p>\n<p class=\"com-paragraph   --s\">\u201cLa posici\u00f3n de Francia es <strong>puramente defensiva<\/strong>, en apoyo a sus aliados, y nunca podr\u00eda justificar que se la ataque\u00bb, asegur\u00f3 el mandatario franc\u00e9s durante una rueda de prensa en Par\u00eds junto a su par ucraniano, <strong>Volodimir Zelensky.<\/strong><\/p>\n<div class=\"content-media\">\n<section role=\"button\" class=\"mod-media   \">\n<figure role=\"button\" tabindex=\"0\" class=\"mod-figure \"><figcaption class=\"mod-figcaption\"><span class=\"com-text --caption --twoxs\">Emmanuel Macron junto al presidente ucraniano Volodimir Zelensky<\/span><span class=\"com-text --credit --twoxs\">Ludovic Marin &#8211; Pool AFP<\/span><\/figcaption><\/figure>\n<\/section>\n<\/div>\n<p class=\"com-paragraph   --s\">\u201cFrancia seguir\u00e1 demostrando sangre fr\u00eda, calma, determinaci\u00f3n, siendo un socio fiable con nuestros aliados, protegiendo a nuestros ciudadanos y <strong>defendiendo nuestros intereses<\/strong> y nuestra seguridad\u00bb, agreg\u00f3.<\/p>\n<p class=\"com-paragraph   --s\">El jefe de Estado franc\u00e9s pidi\u00f3 a sus Fuerzas Armadas un <strong>\u201can\u00e1lisis consolidado\u201d<\/strong> de los hechos y las circunstancias, pero, preguntado por una eventual respuesta, se neg\u00f3 a elaborar <strong>\u201cning\u00fan tipo de escenario\u201d.<\/strong><\/p>\n<p class=\"com-paragraph   --s\">El gobierno franc\u00e9s celebrar\u00e1 una reuni\u00f3n del gabinete de defensa para discutir la situaci\u00f3n y si debe responder, dijeron funcionarios.<\/p>\n<p class=\"com-paragraph   --s\">\u201cTres pa\u00edses tienen enormes intereses en Irak: <strong>Estados Unidos, Gran Breta\u00f1a y Francia. <\/strong>Francia tiene una presencia militar, pero tambi\u00e9n una enorme presencia diplom\u00e1tica y econ\u00f3mica desde Basora hasta Erbil, por lo que cuando elabora su respuesta, <strong>necesita consultar a sus socios<\/strong> y tomar en consideraci\u00f3n sus intereses\u00bb, dijo Adel Bakawan, director del Instituto Europeo para Medio Oriente.<\/p>\n<div class=\"content-media\">\n<section role=\"button\" class=\"mod-media   \">\n<figure role=\"button\" tabindex=\"0\" class=\"mod-figure \"><figcaption class=\"mod-figcaption\"><span class=\"com-text --caption --twoxs\">Un avi\u00f3n cisterna KC-135 de Estados Unidos<\/span><span class=\"com-text --credit --twoxs\">Agencia AFP &#8211; The Seattle Times <\/span><\/figcaption><\/figure>\n<\/section>\n<\/div>\n<p class=\"com-paragraph   --s\">Al mismo tiempo, el Ej\u00e9rcito de Estados Unidos confirm\u00f3 este viernes la muerte de los seis miembros de la tripulaci\u00f3n <strong>de un avi\u00f3n cisterna KC-135 de reabastecimiento en vuelo<\/strong> que<a href=\"https:\/\/www.lanacion.com.ar\/el-mundo\/guerra-entre-estados-unidos-israel-e-iran-en-vivo-tension-en-medio-oriente-hoy-jueves-12-de-marzo-nid12032026\/\" target=\"_self\" title=\"https:\/\/www.lanacion.com.ar\/el-mundo\/guerra-entre-estados-unidos-israel-e-iran-en-vivo-tension-en-medio-oriente-hoy-jueves-12-de-marzo-nid12032026\/\" class=\"com-link break-word\" data-mrf-recirculation=\"n_link_parrafo\"> se estrell\u00f3 en el oeste de Irak.<\/a><\/p>\n<p class=\"com-paragraph   --s\">El Comando Central de Estados Unidos indic\u00f3 que la ca\u00edda del avi\u00f3n ocurri\u00f3 <strong>tras un incidente no especificado<\/strong> en el que estuvieron involucradas dos aeronaves.<\/p>\n<p class=\"com-paragraph   --s\">El KC-135 Stratotanker es una aeronave de la Fuerza A\u00e9rea de Estados Unidos <strong>que se utiliza para reabastecer de combustible a otros aviones en pleno vuelo,<\/strong> lo que les permite recorrer distancias m\u00e1s largas y mantener operaciones durante m\u00e1s tiempo sin aterrizar. <\/p>\n<p class=\"com-paragraph   --s\">El avi\u00f3n tambi\u00e9n se utiliza para transportar <strong>personal herido durante evacuaciones m\u00e9dicas<\/strong> o realizar misiones de vigilancia, seg\u00fan expertos militares.<\/p>\n<p class=\"com-paragraph   --s\">El incidente eleva el n\u00famero de <strong>bajas militares<\/strong> estadounidenses a 13, siete de los cuales murieron en combate. Unos 140 militares estadounidenses han resultado heridos, entre ellos, ocho de gravedad.<\/p>\n<p class=\"com-paragraph   --s\"><strong>Agencias AFP, AP y ANSA<\/strong><\/p>\n<section class=\"container-center-100 mb-40 border border-bottom border-thin border-neutral-light-700\">\n<hr\/>\n<\/section>\n<\/div>\n\n","protected":false},"excerpt":{"rendered":"<p>PAR\u00cdS.\u2013 Un soldado franc\u00e9s muri\u00f3 y otros seis resultaron heridos en un ataque con drones a una base en la regi\u00f3n de Erbil, en el Kurdist\u00e1n iraqu\u00ed, seg\u00fan anunciaron las autoridades francesas. Es la primera baja de un militar europeo en lo que va de la guerra en Medio Oriente. La muerte de Arnaud Frion, [&hellip;]<\/p>\n","protected":false},"author":2,"featured_media":0,"comment_status":"closed","ping_status":"closed","sticky":false,"template":"","format":"standard","meta":{"footnotes":""},"categories":[1],"tags":[],"class_list":["post-229164","post","type-post","status-publish","format-standard","hentry","category-uncategorized"],"_links":{"self":[{"href":"https:\/\/radioacuariofm.com.ar\/index.php?rest_route=\/wp\/v2\/posts\/229164","targetHints":{"allow":["GET"]}}],"collection":[{"href":"https:\/\/radioacuariofm.com.ar\/index.php?rest_route=\/wp\/v2\/posts"}],"about":[{"href":"https:\/\/radioacuariofm.com.ar\/index.php?rest_route=\/wp\/v2\/types\/post"}],"author":[{"embeddable":true,"href":"https:\/\/radioacuariofm.com.ar\/index.php?rest_route=\/wp\/v2\/users\/2"}],"replies":[{"embeddable":true,"href":"https:\/\/radioacuariofm.com.ar\/index.php?rest_route=%2Fwp%2Fv2%2Fcomments&post=229164"}],"version-history":[{"count":0,"href":"https:\/\/radioacuariofm.com.ar\/index.php?rest_route=\/wp\/v2\/posts\/229164\/revisions"}],"wp:attachment":[{"href":"https:\/\/radioacuariofm.com.ar\/index.php?rest_route=%2Fwp%2Fv2%2Fmedia&parent=229164"}],"wp:term":[{"taxonomy":"category","embeddable":true,"href":"https:\/\/radioacuariofm.com.ar\/index.php?rest_route=%2Fwp%2Fv2%2Fcategories&post=229164"},{"taxonomy":"post_tag","embeddable":true,"href":"https:\/\/radioacuariofm.com.ar\/index.php?rest_route=%2Fwp%2Fv2%2Ftags&post=229164"}],"curies":[{"name":"wp","href":"https:\/\/api.w.org\/{rel}","templated":true}]}}