{"id":229160,"date":"2026-03-14T00:06:23","date_gmt":"2026-03-14T03:06:23","guid":{"rendered":"https:\/\/radioacuariofm.com.ar\/?p=229160"},"modified":"2026-03-14T00:06:23","modified_gmt":"2026-03-14T03:06:23","slug":"ee-uu-refuerza-su-ofensiva-contra-iran-con-el-envio-de-mas-barcos-de-guerra-y-2500-marines","status":"publish","type":"post","link":"https:\/\/radioacuariofm.com.ar\/?p=229160","title":{"rendered":"EE.UU. refuerza su ofensiva contra Ir\u00e1n con el env\u00edo de m\u00e1s barcos de guerra y 2500 marines"},"content":{"rendered":"<p> <br \/>\n<\/p>\n<div>\n<p class=\"com-paragraph  --capital --s\">WASHINGTON.\u2013 Dos semanas despu\u00e9s de comenzada la ofensiva contra Ir\u00e1n, <strong>Estados Unidos se dispone a reforzar su despliegue militar en Medio Oriente,<\/strong> tras haber atacado 15.000 objetivos en una campa\u00f1a que seg\u00fan la Casa Blanca tambi\u00e9n dej\u00f3 severamente herido al nuevo l\u00edder supremo.<\/p>\n<p class=\"com-paragraph   --s\">Seg\u00fan medios norteamericanos, el secretario de Defensa, <strong>Pete Hegseth,<\/strong> aprob\u00f3 una solicitud para<strong> el env\u00edo de un grupo anfibio y una unidad expedicionaria de la Infanter\u00eda de Marina.<\/strong> Unos 2500 marines a bordo de hasta tres buques de guerra, entre ellos el buque de asalto anfibio USS Tripoli, con base en Jap\u00f3n, se encuentran en camino.<\/p>\n<p class=\"com-paragraph   --s\">Los marines venidos de Jap\u00f3n se unir\u00e1n a los <strong>m\u00e1s de 50.000 soldados estadounidenses<\/strong> movilizados en la regi\u00f3n. El nuevo despliegue se produce cuando <strong>los ataques de Ir\u00e1n en el estrecho de Ormuz y sus alrededores han asfixiado el tr\u00e1fico mar\u00edtimo<\/strong> a trav\u00e9s de esta v\u00eda esencial para el transporte de petr\u00f3leo, sacudiendo la econom\u00eda global. <\/p>\n<div class=\"content-media\">\n<section role=\"button\" class=\"mod-media   \">\n<figure role=\"button\" tabindex=\"0\" class=\"mod-figure \"><figcaption class=\"mod-figcaption\"><span class=\"com-text --caption --twoxs\">El secretario de Defensa de Estados Unidos, Pete Hegseth<\/span><span class=\"com-text --credit --twoxs\">Mark Schiefelbein &#8211; AP<\/span><\/figcaption><\/figure>\n<\/section>\n<\/div>\n<p class=\"com-paragraph   --s\">No est\u00e1 claro c\u00f3mo se utilizar\u00edan los refuerzos. La semana pasada, el presidente <strong>Donald Trump<\/strong> dijo que podr\u00eda ordenar a los buques de guerra de la Armada que <strong>escoltaran a los buques mercantes<\/strong> a trav\u00e9s del estrecho, lo que hicieron las fuerzas estadounidenses durante un per\u00edodo a fines de la d\u00e9cada de 1980 durante tensiones similares con Ir\u00e1n.<\/p>\n<p class=\"com-paragraph   --s\">Por otra parte, el secretario de Defensa dijo este viernes que el nuevo l\u00edder supremo iran\u00ed,<a href=\"https:\/\/www.lanacion.com.ar\/el-mundo\/eeuu-asegura-que-el-nuevo-lider-supremo-de-iran-esta-herido-y-probablemente-desfigurado-nid13032026\/\" target=\"_self\" title=\"https:\/\/www.lanacion.com.ar\/el-mundo\/eeuu-asegura-que-el-nuevo-lider-supremo-de-iran-esta-herido-y-probablemente-desfigurado-nid13032026\/\" class=\"com-link break-word\" data-mrf-recirculation=\"n_link_parrafo\"> Mojtaba Khamenei, est\u00e1 herido y probablemente desfigurado, <\/a>y puso en duda su capacidad para ejercer el liderazgo de su pa\u00eds.<\/p>\n<p class=\"com-paragraph   --s\">No se han publicado im\u00e1genes de Khamenei desde el ataque israel\u00ed al inicio de la guerra que acab\u00f3 con la vida de gran parte de su familia, <strong>incluido su padre, blanco principal del bombardeo,<\/strong> a quien sucedi\u00f3 como la m\u00e1xima autoridad del pa\u00eds. Solo se expres\u00f3 mediante un comunicado le\u00eddo por una presentadora de televisi\u00f3n, el jueves. <\/p>\n<p class=\"com-paragraph   --s\">\u201cSabemos que el nuevo y llamado l\u00edder no tan supremo <strong>est\u00e1 herido y probablemente desfigurado.<\/strong> Ayer emiti\u00f3 un comunicado. Uno d\u00e9bil, en realidad, pero no hab\u00eda voz ni video. Era un comunicado escrito\u00bb, dijo Hegseth en rueda de prensa, y a\u00f1adi\u00f3 que Estados Unidos no mostrar\u00e1 piedad en el desarrollo de la guerra. <strong>\u201cSeguiremos presionando, seguiremos empujando, seguiremos avanzando. Sin cuartel, sin piedad para con nuestro enemigo\u201d,<\/strong> afirm\u00f3. <\/p>\n<div class=\"content-media\">\n<section role=\"button\" class=\"mod-media   \">\n<figure role=\"button\" tabindex=\"0\" class=\"mod-figure \"><figcaption class=\"mod-figcaption\"><span class=\"com-text --caption --twoxs\">Una mujer se sienta sobre los escombros de un edificio bombardeado en Teher\u00e1n  <\/span><span class=\"com-text --credit --twoxs\">Vahid Salemi &#8211; AP<\/span><\/figcaption><\/figure>\n<\/section>\n<\/div>\n<p class=\"com-paragraph   --s\">Estados Unidos <a href=\"https:\/\/www.lanacion.com.ar\/estados-unidos\/eeuu-e-israel-han-golpeado-mas-de-15000-objetivos-en-iran-pentagono-nid13032026\/\" target=\"_self\" title=\"https:\/\/www.lanacion.com.ar\/estados-unidos\/eeuu-e-israel-han-golpeado-mas-de-15000-objetivos-en-iran-pentagono-nid13032026\/\" class=\"com-link break-word\" data-mrf-recirculation=\"n_link_parrafo\">ha llevado a cabo ataques contra 15.000 objetivos en Ir\u00e1n<\/a> durante los \u00faltimos 14 d\u00edas. Casi dos semanas de bombardeos estadounidenses e israel\u00edes <strong>han causado la muerte de unos 2000 iran\u00edes.<\/strong><\/p>\n<p class=\"com-paragraph   --s\">Un funcionario iran\u00ed dijo a la agencia Reuters el mi\u00e9rcoles que el reci\u00e9n nombrado l\u00edder supremo <strong>hab\u00eda sufrido heridas leves,<\/strong> pero que segu\u00eda en funciones, despu\u00e9s de que la televisi\u00f3n estatal lo describi\u00f3 como un herido de guerra.<\/p>\n<p class=\"com-paragraph   --s\">Durante una entrevista, tambi\u00e9n el presidente Trump amenaz\u00f3 al r\u00e9gimen advirtiendo que las Fuerzas Armadas de su pa\u00eds llevar\u00e1n a cabo intensos ataques en los pr\u00f3ximos d\u00edas. <strong>\u201cVamos a golpearlos muy duro la pr\u00f3xima semana\u201d,<\/strong> asegur\u00f3 el mandatario republicano a Fox News Radio.<\/p>\n<p class=\"com-paragraph   --s\"><strong>\u201cYa ver\u00e1n lo que les pasar\u00e1 hoy a estos miserables desquiciados\u201d,<\/strong> dijo en otra amenaza al r\u00e9gimen, esta vez en su plataforma Truth Social. \u201cLa Marina de Ir\u00e1n ya no existe, su Fuerza A\u00e9rea ya no existe, <strong>misiles, drones y todo lo dem\u00e1s est\u00e1n siendo diezmados, <\/strong>y sus l\u00edderes han sido borrados de la faz de la tierra\u00bb, agreg\u00f3.<\/p>\n<p class=\"com-paragraph   --s\">Sobre el terreno de batalla, <strong>los bombardeos continuaron este viernes <\/strong>de los dos lados del tablero. <\/p>\n<div class=\"content-media\">\n<section role=\"button\" class=\"mod-media   \">\n<figure role=\"button\" tabindex=\"0\" class=\"mod-figure \"><figcaption class=\"mod-figcaption\"><span class=\"com-text --caption --twoxs\">Manifestantes ondean la bandera iran\u00ed durante la celebraci\u00f3n anual del D\u00eda de Palestina, en Teher\u00e1n<\/span><span class=\"com-text --credit --twoxs\">Hadi Mizban  &#8211; AP <\/span><\/figcaption><\/figure>\n<\/section>\n<\/div>\n<p class=\"com-paragraph   --s\">La televisi\u00f3n estatal iran\u00ed inform\u00f3 sobre <strong>una gran explosi\u00f3n al mediod\u00eda cerca de una plaza de Teher\u00e1n llena de manifestantes, <\/strong>congregados all\u00ed por el evento anual del D\u00eda de Quds (D\u00eda de Jerusal\u00e9n) en apoyo a los palestinos. La explosi\u00f3n sucedi\u00f3 poco despu\u00e9s de que Israel advirtiera que despejaran el \u00e1rea porque planeaba un ataque. <\/p>\n<p class=\"com-paragraph   --s\">Las advertencias no disuadieron a miles de personas de salir a las calles, con multitudes coreando <strong>\u201cmuerte a Israel\u201d y \u201cmuerte a Estados Unidos\u201d.<\/strong> Im\u00e1genes de la plaza mostraban a personas que gritaban <strong>\u201cDios es el m\u00e1s grande\u201d<\/strong> mientras se elevaba el humo de la explosi\u00f3n.<\/p>\n<p class=\"com-paragraph   --s\">Desafiante, la televisi\u00f3n estatal <strong>mostr\u00f3 al presidente Masud Pezeshkian saludando a sus seguidores y haci\u00e9ndose selfies <\/strong>durante la manifestaci\u00f3n. Junto a \u00e9l se encontraban otros altos cargos, como el canciller Abas Aragchi. <\/p>\n<p class=\"com-paragraph   --s\">Se trata de la <strong>aparici\u00f3n p\u00fablica<\/strong> m\u00e1s destacada de dirigentes iran\u00edes desde el ataque del 28 de febrero. \u201cEstos ataques son fruto del miedo, de la desesperaci\u00f3n. <strong>Quien es fuerte no bombardear\u00eda manifestaciones en absoluto.<\/strong> Est\u00e1 claro que han fracasado\u00bb, declar\u00f3 el jefe de Seguridad Nacional, Ali Larijani.<\/p>\n<p class=\"com-paragraph   --s\">En otro frente de la guerra, el ministro de Defensa israel\u00ed, Israel Katz, amenaz\u00f3 con hacer pagar al L\u00edbano <strong>\u201cun precio cada vez mayor\u201d<\/strong> por los ataques de la agrupaci\u00f3n Hezbollah, aliada de Ir\u00e1n, en territorio israel\u00ed. <\/p>\n<p class=\"com-paragraph   --s\"><strong>El n\u00famero de muertos por los ataques israel\u00edes contra el L\u00edbano asciende a 773,<\/strong> incluidos 103 ni\u00f1os, mientras que los heridos suman 1933 desde el inicio de la guerra, seg\u00fan inform\u00f3 el Ministerio de Salud. Tambi\u00e9n se registran cerca de <strong>850.000 desplazados<\/strong> en el marco del conflicto.<\/p>\n<p class=\"com-paragraph   --s\">El secretario general de la ONU, <strong>Antonio Guterres,<\/strong> lanz\u00f3 este viernes un llamamiento para reunir <strong>325 millones de d\u00f3lares en ayuda humanitaria<\/strong> para apoyar al pa\u00eds en la crisis de desplazados provocada por la guerra.<\/p>\n<div class=\"content-media\">\n<section role=\"button\" class=\"mod-media   \">\n<figure role=\"button\" tabindex=\"0\" class=\"mod-figure \"><figcaption class=\"mod-figcaption\"><span class=\"com-text --caption --twoxs\">El secretario general de Naciones Unidas, Ant\u00f3nio Guterres (Archivo)<\/span><span class=\"com-text --credit --twoxs\">Hadi Mizban &#8211; AP<\/span><\/figcaption><\/figure>\n<\/section>\n<\/div>\n<p class=\"com-paragraph   --s\">El objetivo es \u201cmantener y ampliar la <strong>asistencia vital<\/strong> durante los pr\u00f3ximos tres meses, incluyendo alimentos, agua potable, atenci\u00f3n m\u00e9dica, educaci\u00f3n, protecci\u00f3n y otros servicios esenciales\u201d, dijo Guterres.<\/p>\n<p class=\"com-paragraph   --s\">Ir\u00e1n mantuvo por su parte sus amplios ataques con misiles y drones contra Israel y los pa\u00edses vecinos del Golfo P\u00e9rsico. Los ataques incluyeron <strong>decenas de drones contra Arabia Saudita, <\/strong>tras las advertencias del r\u00e9gimen isl\u00e1mico sobre el costo de albergar bases estadounidenses.<\/p>\n<p class=\"com-paragraph   --s\">Arabia Saudita indic\u00f3 que hab\u00eda derribado casi 50 drones enviados en m\u00faltiples oleadas. <strong>En Om\u00e1n, dos personas murieron cuando dos drones se estrellaron en un \u00e1rea industrial. <\/strong>Tambi\u00e9n sonaron sirenas en Bahr\u00e9in advirtiendo de fuego entrante, y humo negro se elev\u00f3 desde un \u00e1rea industrial en Dub\u00e1i debido a un incendio provocado por escombros de una interceptaci\u00f3n.<\/p>\n<p class=\"com-paragraph   --s\">Turqu\u00eda, miembro de la OTAN, inform\u00f3 que <strong>un misil bal\u00edstico procedente de Ir\u00e1n fue derribado en su espacio a\u00e9reo<\/strong> por las defensas de la Alianza Atl\u00e1ntica, en el tercer incidente en poco m\u00e1s de una semana. \u201cMantener a nuestro pa\u00eds <strong>lejos de esta hoguera<\/strong> es nuestra principal prioridad. Estamos actuando con prudencia contra complots, trampas y provocaciones que buscan arrastrar a nuestro pa\u00eds a la guerra\u201d, dijo el presidente <strong>Recep Tayyip Erdogan.<\/strong> <\/p>\n<p class=\"com-paragraph   --s\">La embajada de Ir\u00e1n en Ankara neg\u00f3 de inmediato cualquier implicaci\u00f3n y afirm\u00f3 que <strong>\u201cning\u00fan proyectil\u201d<\/strong> hab\u00eda sido lanzado hacia Turqu\u00eda.<\/p>\n<p class=\"com-paragraph   --s\">El Ej\u00e9rcito estadounidense confirm\u00f3 por su parte <strong>la muerte de los seis tripulantes a bordo de un avi\u00f3n cisterna KC-135<\/strong> que se estrell\u00f3 en el oeste de Irak. Estas muertes se suman a las de los <strong>siete militares estadounidenses<\/strong> muertos hasta ahora en el marco de las operaciones contra Ir\u00e1n.<\/p>\n<p class=\"com-paragraph   --s\"><strong>Agencias AP, AFP, ANSA y Reuters<\/strong><\/p>\n<section class=\"container-center-100 mb-40 border border-bottom border-thin border-neutral-light-700\">\n<hr\/>\n<\/section>\n<\/div>\n\n","protected":false},"excerpt":{"rendered":"<p>WASHINGTON.\u2013 Dos semanas despu\u00e9s de comenzada la ofensiva contra Ir\u00e1n, Estados Unidos se dispone a reforzar su despliegue militar en Medio Oriente, tras haber atacado 15.000 objetivos en una campa\u00f1a que seg\u00fan la Casa Blanca tambi\u00e9n dej\u00f3 severamente herido al nuevo l\u00edder supremo. Seg\u00fan medios norteamericanos, el secretario de Defensa, Pete Hegseth, aprob\u00f3 una solicitud [&hellip;]<\/p>\n","protected":false},"author":2,"featured_media":0,"comment_status":"closed","ping_status":"closed","sticky":false,"template":"","format":"standard","meta":{"footnotes":""},"categories":[1],"tags":[],"class_list":["post-229160","post","type-post","status-publish","format-standard","hentry","category-uncategorized"],"_links":{"self":[{"href":"https:\/\/radioacuariofm.com.ar\/index.php?rest_route=\/wp\/v2\/posts\/229160","targetHints":{"allow":["GET"]}}],"collection":[{"href":"https:\/\/radioacuariofm.com.ar\/index.php?rest_route=\/wp\/v2\/posts"}],"about":[{"href":"https:\/\/radioacuariofm.com.ar\/index.php?rest_route=\/wp\/v2\/types\/post"}],"author":[{"embeddable":true,"href":"https:\/\/radioacuariofm.com.ar\/index.php?rest_route=\/wp\/v2\/users\/2"}],"replies":[{"embeddable":true,"href":"https:\/\/radioacuariofm.com.ar\/index.php?rest_route=%2Fwp%2Fv2%2Fcomments&post=229160"}],"version-history":[{"count":0,"href":"https:\/\/radioacuariofm.com.ar\/index.php?rest_route=\/wp\/v2\/posts\/229160\/revisions"}],"wp:attachment":[{"href":"https:\/\/radioacuariofm.com.ar\/index.php?rest_route=%2Fwp%2Fv2%2Fmedia&parent=229160"}],"wp:term":[{"taxonomy":"category","embeddable":true,"href":"https:\/\/radioacuariofm.com.ar\/index.php?rest_route=%2Fwp%2Fv2%2Fcategories&post=229160"},{"taxonomy":"post_tag","embeddable":true,"href":"https:\/\/radioacuariofm.com.ar\/index.php?rest_route=%2Fwp%2Fv2%2Ftags&post=229160"}],"curies":[{"name":"wp","href":"https:\/\/api.w.org\/{rel}","templated":true}]}}