{"id":229157,"date":"2026-03-13T23:04:53","date_gmt":"2026-03-14T02:04:53","guid":{"rendered":"https:\/\/radioacuariofm.com.ar\/?p=229157"},"modified":"2026-03-13T23:04:54","modified_gmt":"2026-03-14T02:04:54","slug":"trump-dijo-que-ee-uu-ejecuto-uno-de-los-bombardeos-mas-poderosos-contra-objetivos-en-la-isla-irani-de-kharg","status":"publish","type":"post","link":"https:\/\/radioacuariofm.com.ar\/?p=229157","title":{"rendered":"Trump dijo que EE.UU. ejecut\u00f3 \u201cuno de los bombardeos m\u00e1s poderosos\u201d contra objetivos en la isla iran\u00ed de Kharg"},"content":{"rendered":"<p> <br \/>\n<\/p>\n<div>\n<p class=\"com-paragraph  --capital --s\">El presidente de Estados Unidos, Donald Trump, asegur\u00f3 este viernes que Estados Unidos lanz\u00f3 <strong>\u201cuno de los bombardeos m\u00e1s poderosos\u201d <\/strong><a href=\"https:\/\/www.lanacion.com.ar\/el-mundo\/dura-reaccion-de-iran-a-la-frase-de-trump-sobre-el-final-de-la-guerra-nid10032026\/\" target=\"_self\" title=\"https:\/\/www.lanacion.com.ar\/el-mundo\/dura-reaccion-de-iran-a-la-frase-de-trump-sobre-el-final-de-la-guerra-nid10032026\/\" class=\"com-link break-word\" data-mrf-recirculation=\"n_link_parrafo\"><strong>contra Ir\u00e1n<\/strong><\/a> y amenaz\u00f3 con \u201cdemoler\u201d la estructura petrolera de la isla. <\/p>\n<p class=\"com-paragraph   --s\">\u201cHace unos instantes, bajo mi direcci\u00f3n, el Comando Central de los Estados Unidos ejecut\u00f3 uno de los bombardeos m\u00e1s poderosos en la historia de Medio Oriente, <strong>aniquilando por completo todos los objetivos militares en la joya de la corona de Ir\u00e1n: <\/strong><a href=\"https:\/\/www.lanacion.com.ar\/el-mundo\/que-es-la-isla-de-kharg-la-joya-de-la-corona-petrolera-de-iran-que-trump-prometio-atacar-nid13032026\/\" target=\"_self\" title=\"https:\/\/www.lanacion.com.ar\/el-mundo\/que-es-la-isla-de-kharg-la-joya-de-la-corona-petrolera-de-iran-que-trump-prometio-atacar-nid13032026\/\" class=\"com-link break-word\" data-mrf-recirculation=\"n_link_parrafo\"><strong>la isla de Kharg<\/strong><\/a><strong>\u201d<\/strong>, detall\u00f3 Trump sobre el ataque a uno de los reductos claves del r\u00e9gimen iran\u00ed.<\/p>\n<p class=\"com-paragraph   --s\">La peque\u00f1a isla <strong>tiene un lugar desproporcionado en la geopol\u00edtica energ\u00e9tica mundial<\/strong>: casi <strong>el 90% de las exportaciones<\/strong> de petr\u00f3leo del pa\u00eds salen desde este enclave. El ataque al territorio de la rep\u00fablica isl\u00e1mica podr\u00eda generar una fuerte escalada del conflicto o tener consecuencias en los precios del petr\u00f3leo.<\/p>\n<p><iframe src=\"https:\/\/truthsocial.com\/@realDonaldTrump\/116224324444349237\/embed\" class=\"truthsocial-embed\" style=\"max-width: 100%; border: 0\" width=\"600\" allowfullscreen=\"allowfullscreen\"><\/iframe><\/p>\n<p class=\"com-paragraph   --s\">En relaci\u00f3n al ataque, Trump asegur\u00f3 que Estados Unidos tiene las armas <strong>\u201cm\u00e1s poderosas y sofisticadas que el mundo haya conocido\u201d<\/strong> y lanz\u00f3 una advertencia: que \u201cpor razones de decencia\u201d se decidi\u00f3 a \u201cno destruir la infraestructura petrolera de la isla\u201d. \u201cSin embargo, si Ir\u00e1n, o cualquier otro pa\u00eds, interfiere con el libre y seguro paso de los barcos por el estrecho de Ormuz, <strong>reconsiderar\u00e9 inmediatamente esta decisi\u00f3n<\/strong>\u201d, expres\u00f3.<\/p>\n<p class=\"com-paragraph   --s\">Acto seguido, el mandatario norteamericano asegur\u00f3 que Ir\u00e1n cuenta con la capacidad \u201cpara defenderse\u201d de las Fuerzas Armadas estadounidenses. \u201c<strong>\u00a1No hay nada que puedan hacer al respecto!<\/strong> Ir\u00e1n jam\u00e1s tendr\u00e1 un arma nuclear, ni tendr\u00e1 la capacidad de amenazar a los <a href=\"https:\/\/www.lanacion.com.ar\/el-mundo\/cuba-anuncia-que-comenzo-a-dialogar-con-estados-unidos-nid13032026\/\" target=\"_self\" title=\"https:\/\/www.lanacion.com.ar\/el-mundo\/cuba-anuncia-que-comenzo-a-dialogar-con-estados-unidos-nid13032026\/\" class=\"com-link break-word\" data-mrf-recirculation=\"n_link_parrafo\">Estados Unidos de Am\u00e9rica<\/a>, a Medio Oriente ni, de hecho, <strong>al mundo entero<\/strong>\u201d, concluy\u00f3 el l\u00edder republicano.<\/p>\n<p class=\"com-paragraph   --s\">Minutos antes de su publicaci\u00f3n, <em>Fox News Radio<\/em> public\u00f3 una entrevista del pasado jueves donde el mandatario afirmaba que apoderarse de la isla \u201cno era una prioridad\u201d, pero que tambi\u00e9n pod\u00eda <strong>\u201ccambiar de opini\u00f3n en segundos\u201d<\/strong>. Trump se not\u00f3 afectado por la consulta del periodista, y contest\u00f3: \u201c\u00bfQui\u00e9n har\u00eda una pregunta as\u00ed, y qu\u00e9 tonto la responder\u00eda? Digamos que lo hiciera o digamos que no lo hiciera, <strong>\u00bfpor qu\u00e9 te lo dir\u00eda?<\/strong>\u201c.<\/p>\n<div class=\"content-media\">\n<section role=\"button\" class=\"mod-media   \">\n<figure role=\"button\" tabindex=\"0\" class=\"mod-figure \"><figcaption class=\"mod-figcaption\"><span class=\"com-text --caption --twoxs\">La isla de Kharg, vista desde el cielo<\/span><span class=\"com-text --credit --twoxs\">&#8211;  &#8211; EUROPEAN SPACE AGENCY <\/span><\/figcaption><\/figure>\n<\/section>\n<\/div>\n<p class=\"com-paragraph   --s\">La isla tuvo varias funciones a lo largo de su historia, como albergar civilizaciones antiguas o alojar prisioneros pol\u00edticos, pero su importante rol en el mercado energ\u00e9tico mundial comenz\u00f3 <strong>en 1958, cuando se empezaron a desarrollar infraestructuras petroleras en su territorio<\/strong>. <\/p>\n<p class=\"com-paragraph   --s\">Ya en la d\u00e9cada del 80 su papel era importante, al punto que, durante la guerra entre Ir\u00e1n e <a href=\"https:\/\/www.lanacion.com.ar\/el-mundo\/que-se-sabe-de-la-muerte-de-seis-militares-estadounidenses-en-un-accidente-de-avion-en-irak-nid13032026\/\" target=\"_self\" title=\"https:\/\/www.lanacion.com.ar\/el-mundo\/que-se-sabe-de-la-muerte-de-seis-militares-estadounidenses-en-un-accidente-de-avion-en-irak-nid13032026\/\" class=\"com-link break-word\" data-mrf-recirculation=\"n_link_parrafo\">Irak<\/a>, Bagdad <strong>lanz\u00f3 bombardeos repetidos a la isla<\/strong>. A pesar de los graves da\u00f1os que sufri\u00f3 la isla, Teher\u00e1n reconstruy\u00f3 su infraestructura r\u00e1pidamente. Tras ello, reforzaron las defensas de la isla, que hoy en d\u00eda se encuentra resguardada por presencia militar y <strong>es uno de los puntos mejor protegidos del Golfo<\/strong>. <\/p>\n<p class=\"com-paragraph   --s\">Su geograf\u00eda es su principal fuerte, debido a que las aguas profundas que la rodean permiten que <strong>buques superpetroleros atraquen all\u00ed de forma segura<\/strong>, algo imposible en la costa continental iran\u00ed.<\/p>\n<div class=\"content-media\">\n<section role=\"button\" class=\"mod-media   \">\n<figure role=\"button\" tabindex=\"0\" class=\"mod-figure \"><figcaption class=\"mod-figcaption\"><span class=\"com-text --caption --twoxs\">La isla es clave en el mercado energ\u00e9tico mundial<\/span><\/figcaption><\/figure>\n<\/section>\n<\/div>\n<p class=\"com-paragraph   --s\">Desde la isla es que se canaliza el crudo que proviene de campos petroleros y se transporta desde una red de oleoductos submarinos antes de su almacenamiento y exportaci\u00f3n. En febrero de este a\u00f1o, la rep\u00fablica isl\u00e1mica <strong>aument\u00f3 las cargas desde Kharg hasta superar los tres millones de barriles diarios<\/strong>, seg\u00fan datos de mercado. <\/p>\n<p class=\"com-paragraph   --s\">Su importante funci\u00f3n en el mercado energ\u00e9tico global hizo que Estados Unidos debatiera intensamente la posibilidad de atacarlo. Las consecuencias podr\u00edan implicar <strong>una suba exponencial de los precios de petr\u00f3leo<\/strong>, como tambi\u00e9n <strong>una escalada del conflicto a nivel regional<\/strong>. Adem\u00e1s, Teher\u00e1n podr\u00eda responder con ataques a Arabia Saudita o Bahrein -infraestructuras energ\u00e9ticas clave en el Golfo- o bloquear el estrecho de Ormuz.<\/p>\n<section class=\"container-center-100 mb-40 border border-bottom border-thin border-neutral-light-700\">\n<hr\/>\n<\/section>\n<\/div>\n\n","protected":false},"excerpt":{"rendered":"<p>El presidente de Estados Unidos, Donald Trump, asegur\u00f3 este viernes que Estados Unidos lanz\u00f3 \u201cuno de los bombardeos m\u00e1s poderosos\u201d contra Ir\u00e1n y amenaz\u00f3 con \u201cdemoler\u201d la estructura petrolera de la isla. \u201cHace unos instantes, bajo mi direcci\u00f3n, el Comando Central de los Estados Unidos ejecut\u00f3 uno de los bombardeos m\u00e1s poderosos en la historia [&hellip;]<\/p>\n","protected":false},"author":2,"featured_media":229158,"comment_status":"closed","ping_status":"closed","sticky":false,"template":"","format":"standard","meta":{"footnotes":""},"categories":[1],"tags":[],"class_list":["post-229157","post","type-post","status-publish","format-standard","has-post-thumbnail","hentry","category-uncategorized"],"_links":{"self":[{"href":"https:\/\/radioacuariofm.com.ar\/index.php?rest_route=\/wp\/v2\/posts\/229157","targetHints":{"allow":["GET"]}}],"collection":[{"href":"https:\/\/radioacuariofm.com.ar\/index.php?rest_route=\/wp\/v2\/posts"}],"about":[{"href":"https:\/\/radioacuariofm.com.ar\/index.php?rest_route=\/wp\/v2\/types\/post"}],"author":[{"embeddable":true,"href":"https:\/\/radioacuariofm.com.ar\/index.php?rest_route=\/wp\/v2\/users\/2"}],"replies":[{"embeddable":true,"href":"https:\/\/radioacuariofm.com.ar\/index.php?rest_route=%2Fwp%2Fv2%2Fcomments&post=229157"}],"version-history":[{"count":1,"href":"https:\/\/radioacuariofm.com.ar\/index.php?rest_route=\/wp\/v2\/posts\/229157\/revisions"}],"predecessor-version":[{"id":229159,"href":"https:\/\/radioacuariofm.com.ar\/index.php?rest_route=\/wp\/v2\/posts\/229157\/revisions\/229159"}],"wp:featuredmedia":[{"embeddable":true,"href":"https:\/\/radioacuariofm.com.ar\/index.php?rest_route=\/wp\/v2\/media\/229158"}],"wp:attachment":[{"href":"https:\/\/radioacuariofm.com.ar\/index.php?rest_route=%2Fwp%2Fv2%2Fmedia&parent=229157"}],"wp:term":[{"taxonomy":"category","embeddable":true,"href":"https:\/\/radioacuariofm.com.ar\/index.php?rest_route=%2Fwp%2Fv2%2Fcategories&post=229157"},{"taxonomy":"post_tag","embeddable":true,"href":"https:\/\/radioacuariofm.com.ar\/index.php?rest_route=%2Fwp%2Fv2%2Ftags&post=229157"}],"curies":[{"name":"wp","href":"https:\/\/api.w.org\/{rel}","templated":true}]}}